{"id":1356,"date":"2014-10-16T20:07:51","date_gmt":"2014-10-16T23:07:51","guid":{"rendered":"http:\/\/w3.ufsm.br\/gepfica\/?p=1356"},"modified":"2014-10-16T20:07:51","modified_gmt":"2014-10-16T23:07:51","slug":"criterios-de-avaliacao-mes-de-outubro-novo","status":"publish","type":"post","link":"https:\/\/www.ufsm.br\/cursos\/pos-graduacao\/santa-maria\/ppge\/2014\/10\/16\/criterios-de-avaliacao-mes-de-outubro-novo","title":{"rendered":"CRIT\u00c9RIOS DE AVALIA\u00c7\u00c3O &#8211; M\u00caS DE OUTUBRO &#8211; NOVO!!"},"content":{"rendered":"<p style=\"text-align: center\"><strong>AVALIA\u00c7\u00c3O M\u00caS DE REFER\u00caNCIA: OUTUBRO (7 m\u00eas \u2013 7 avalia\u00e7\u00e3o)<\/strong><\/p>\n<p style=\"text-align: justify\"><strong>1) Coordenadores Locais avaliam Orientadores de Estudos e devem considerar:<\/strong><\/p>\n<p style=\"text-align: justify\">a) Frequ\u00eancia: Participa\u00e7\u00e3o no 3\u00ba Semin\u00e1rio de Acompanhamento (32 horas) na UFSM e realiza\u00e7\u00e3o das atividades e encontros referentes a UNIDADE 6 (Frequ\u00eancia total: participa\u00e7\u00e3o 100%; frequ\u00eancia parcial: m\u00ednimo 75%; ausente: menos de 75%)<\/p>\n<p style=\"text-align: justify\">b) Atividades a serem avaliadas: planejamento da unidade 8; realiza\u00e7\u00e3o dos encontros referentes a UNIDADE 6 entre orientadores de estudo e professores alfabetizadores, bem como, relat\u00f3rio da Unidade 6.<\/p>\n<p style=\"text-align: justify\">c)Nota de Monitoramento: considera o registro mensal da situa\u00e7\u00e3o de 100% dos professores alfabetizadores no SISPACTO.<\/p>\n<p style=\"text-align: justify\"><strong>2) Orientadores de Estudo avaliam Professores Alfabetizadores e devem considerar:<\/strong><\/p>\n<p style=\"text-align: justify\">a) Frequ\u00eancia: Participa\u00e7\u00e3o nas atividades realizadas referentes a Unidade 6<\/p>\n<p style=\"text-align: justify\">(Frequ\u00eancia total: participa\u00e7\u00e3o 100%; frequ\u00eancia parcial: m\u00ednimo 75%; ausente: menos de 75%)<\/p>\n<p style=\"text-align: justify\">b) Atividades a serem avaliadas: Leitura de textos e registro de quest\u00f5es; aplica\u00e7\u00e3o de instrumentos de avalia\u00e7\u00e3o e preenchimento dos quadros de acompanhamento, desenvolvimento de atividades em sala de aula; an\u00e1lise e produ\u00e7\u00e3o de material did\u00e1tico; relat\u00f3rio de atividades realizadas com as crian\u00e7as.<\/p>\n<p style=\"text-align: justify\">c) Nota de Monitoramento: n\u00e3o se aplica<\/p>\n<p style=\"text-align: justify\"><strong>QUANTO A FREQU\u00caNCIA QUE SER\u00c1 AVALIADA PELOS ORIENTADORES DE ESTUDOS EM RELA\u00c7\u00c3O AOS PROFESSORES ALFABETIZADORES, CABE AINDA RESSALTAR:<\/strong><\/p>\n<p style=\"text-align: justify\">1) A\u00a0frequ\u00eancia\u00a0m\u00ednima a ser considerada \u00e9 de 75% em cada UNIDADE;<\/p>\n<p style=\"text-align: justify\">2) Os casos de atestados m\u00e9dicos, afastamentos, licen\u00e7as dever\u00e3o ser comunicados individualmente a UFSM e ser\u00e3o analisados pela Supervis\u00e3o Pedag\u00f3gica mediante anu\u00eancia da SEB\/MEC. Nos mantemos a disposi\u00e7\u00e3o para esclarecimentos pelo email pactonacionalufsm@gmail.com<\/p>\n<p style=\"text-align: justify\">Observa\u00e7\u00e3o: Apenas enviem para an\u00e1lise do MEC quando todas as avalia\u00e7\u00f5es estiverem completas e n\u00e3o necessitarem de nenhuma altera\u00e7\u00e3o. Do contr\u00e1rio, n\u00e3o ser\u00e1 poss\u00edvel reavaliar.As orienta\u00e7\u00f5es acima podem sofrer ajustes t\u00e9cnicos conforme as necessidades.<\/p>\n<p style=\"text-align: justify\">Fonte: Coordena\u00e7\u00e3o Geral e Supervis\u00e3o Pedag\u00f3gica da UFSM<\/p>\n","protected":false},"excerpt":{"rendered":"<p>Acesse os crit\u00e9rios de avalia\u00e7\u00e3o do m\u00eas de Outubro de 2014.<\/p>\n","protected":false},"author":1,"featured_media":0,"comment_status":"closed","ping_status":"closed","sticky":false,"template":"","format":"standard","meta":{"footnotes":""},"categories":[1],"tags":[32,29],"class_list":["post-1356","post","type-post","status-publish","format-standard","hentry","category-sem-categoria","tag-gepfica","tag-grupos-pesquisa"],"acf":[],"_links":{"self":[{"href":"https:\/\/www.ufsm.br\/cursos\/pos-graduacao\/santa-maria\/ppge\/wp-json\/wp\/v2\/posts\/1356","targetHints":{"allow":["GET"]}}],"collection":[{"href":"https:\/\/www.ufsm.br\/cursos\/pos-graduacao\/santa-maria\/ppge\/wp-json\/wp\/v2\/posts"}],"about":[{"href":"https:\/\/www.ufsm.br\/cursos\/pos-graduacao\/santa-maria\/ppge\/wp-json\/wp\/v2\/types\/post"}],"author":[{"embeddable":true,"href":"https:\/\/www.ufsm.br\/cursos\/pos-graduacao\/santa-maria\/ppge\/wp-json\/wp\/v2\/users\/1"}],"replies":[{"embeddable":true,"href":"https:\/\/www.ufsm.br\/cursos\/pos-graduacao\/santa-maria\/ppge\/wp-json\/wp\/v2\/comments?post=1356"}],"version-history":[{"count":0,"href":"https:\/\/www.ufsm.br\/cursos\/pos-graduacao\/santa-maria\/ppge\/wp-json\/wp\/v2\/posts\/1356\/revisions"}],"wp:attachment":[{"href":"https:\/\/www.ufsm.br\/cursos\/pos-graduacao\/santa-maria\/ppge\/wp-json\/wp\/v2\/media?parent=1356"}],"wp:term":[{"taxonomy":"category","embeddable":true,"href":"https:\/\/www.ufsm.br\/cursos\/pos-graduacao\/santa-maria\/ppge\/wp-json\/wp\/v2\/categories?post=1356"},{"taxonomy":"post_tag","embeddable":true,"href":"https:\/\/www.ufsm.br\/cursos\/pos-graduacao\/santa-maria\/ppge\/wp-json\/wp\/v2\/tags?post=1356"}],"curies":[{"name":"wp","href":"https:\/\/api.w.org\/{rel}","templated":true}]}}