{"id":1406,"date":"2014-12-11T09:57:04","date_gmt":"2014-12-11T12:57:04","guid":{"rendered":"http:\/\/w3.ufsm.br\/gepfica\/?p=1406"},"modified":"2014-12-11T09:57:04","modified_gmt":"2014-12-11T12:57:04","slug":"envio-de-fichas-de-frequencia-acompanhamento-das-formacoes","status":"publish","type":"post","link":"https:\/\/www.ufsm.br\/cursos\/pos-graduacao\/santa-maria\/ppge\/2014\/12\/11\/envio-de-fichas-de-frequencia-acompanhamento-das-formacoes","title":{"rendered":"ENVIO DE FICHAS DE FREQUENCIA (ACOMPANHAMENTO DAS FORMA\u00c7\u00d5ES)"},"content":{"rendered":"<p style=\"text-align: justify\"><span style=\"font-size: medium\">Prezados Coordenadores Locais e Professores Orientadores de Estudo, <\/span><\/p>\n<div style=\"text-align: justify\"><span style=\"font-size: medium\">Ao cumprimement\u00e1-los, vimos por meio deste, informar que as Fichas de Acompanhamento das forma\u00e7\u00f5es que ocorreram nas redes estadual e municipal dever\u00e3o ser entregues para a Supervisora Respons\u00e1vel pelo munic\u00edpio no Semin\u00e1rio Final do PACTO, que acontecer\u00e1 em Santa Maria\/RS, de 5 a 7 de Janeiro de 2015. Para aqueles OEs que n\u00e3o conseguirem finalizar a forma\u00e7\u00e3o at\u00e9 esta data, as fichas dever\u00e3o ser encaminhadas, via correio, para o endere\u00e7o:<\/span><\/div>\n<p style=\"text-align: justify\"><span style=\"font-size: medium\"><strong>UNIVERSIDADE FEDERAL DE SANTA MARIA<\/strong><\/span><\/p>\n<p style=\"text-align: justify\"><span style=\"font-size: medium\"><strong>A\/C PACTO NACIONAL PELA ALFABETIZA\u00c7\u00c3O NA IDADE CERTA<\/strong><\/span><\/p>\n<p style=\"text-align: justify\"><span style=\"font-size: medium\"><strong>CENTRO DE EDUCA\u00c7\u00c3O \u2013 PR\u00c9DIO 16 \u2013 SALA 3148<\/strong><\/span><\/p>\n<p style=\"text-align: justify\"><span style=\"font-size: medium\">CAMPUS UNIVERSIT\u00c1RIO<\/span><\/p>\n<p style=\"text-align: justify\"><span style=\"font-size: medium\">AV. RORAIMA, n\u00b0 1000 \u2013 Bairro Camobi<\/span><\/p>\n<p style=\"text-align: justify\"><span style=\"font-size: medium\">Santa Maria\/RS<\/span><\/p>\n<div style=\"text-align: justify\"><span style=\"font-size: medium\">CEP \u00a097105-900<\/span><\/div>\n<div style=\"text-align: justify\"><span style=\"font-size: medium\"><br \/>\n<\/span><\/div>\n<div style=\"text-align: justify\"><strong><span style=\"font-size: medium\">Ressaltamos que as Fichas encaminhadas devem ser originais e assinadas pelo Secret\u00e1rio(a) de Educa\u00e7\u00e3o, Coordenador Local e\u00a0Professor Orientador de Estudo.<\/span><\/strong><\/div>\n<div style=\"text-align: justify\"><span style=\"font-size: medium\"><br \/>\n<\/span><\/div>\n<div style=\"text-align: justify\"><span style=\"font-size: small\">Cientes da compreens\u00e3o, agradecemos a aten\u00e7\u00e3o dispensada.<\/span><\/div>\n<div style=\"text-align: justify\"><span style=\"font-size: small\"><br \/>\n<\/span><\/div>\n<div style=\"text-align: justify\"><span style=\"font-size: medium\">Coordena\u00e7\u00e3o Geral e Adjunta, Supervisoras e Equipe T\u00e9cnica.<\/span><\/div>\n<p style=\"text-align: justify\">&nbsp;<\/p>\n","protected":false},"excerpt":{"rendered":"<p>Acesse as \u00faltimas informa\u00e7\u00f5es sobre o envio de documentos para a emiss\u00e3o de certificados.<\/p>\n","protected":false},"author":1,"featured_media":0,"comment_status":"closed","ping_status":"closed","sticky":false,"template":"","format":"standard","meta":{"footnotes":""},"categories":[1],"tags":[32,29],"class_list":["post-1406","post","type-post","status-publish","format-standard","hentry","category-sem-categoria","tag-gepfica","tag-grupos-pesquisa"],"acf":[],"_links":{"self":[{"href":"https:\/\/www.ufsm.br\/cursos\/pos-graduacao\/santa-maria\/ppge\/wp-json\/wp\/v2\/posts\/1406","targetHints":{"allow":["GET"]}}],"collection":[{"href":"https:\/\/www.ufsm.br\/cursos\/pos-graduacao\/santa-maria\/ppge\/wp-json\/wp\/v2\/posts"}],"about":[{"href":"https:\/\/www.ufsm.br\/cursos\/pos-graduacao\/santa-maria\/ppge\/wp-json\/wp\/v2\/types\/post"}],"author":[{"embeddable":true,"href":"https:\/\/www.ufsm.br\/cursos\/pos-graduacao\/santa-maria\/ppge\/wp-json\/wp\/v2\/users\/1"}],"replies":[{"embeddable":true,"href":"https:\/\/www.ufsm.br\/cursos\/pos-graduacao\/santa-maria\/ppge\/wp-json\/wp\/v2\/comments?post=1406"}],"version-history":[{"count":0,"href":"https:\/\/www.ufsm.br\/cursos\/pos-graduacao\/santa-maria\/ppge\/wp-json\/wp\/v2\/posts\/1406\/revisions"}],"wp:attachment":[{"href":"https:\/\/www.ufsm.br\/cursos\/pos-graduacao\/santa-maria\/ppge\/wp-json\/wp\/v2\/media?parent=1406"}],"wp:term":[{"taxonomy":"category","embeddable":true,"href":"https:\/\/www.ufsm.br\/cursos\/pos-graduacao\/santa-maria\/ppge\/wp-json\/wp\/v2\/categories?post=1406"},{"taxonomy":"post_tag","embeddable":true,"href":"https:\/\/www.ufsm.br\/cursos\/pos-graduacao\/santa-maria\/ppge\/wp-json\/wp\/v2\/tags?post=1406"}],"curies":[{"name":"wp","href":"https:\/\/api.w.org\/{rel}","templated":true}]}}