{"id":1623,"date":"2014-03-31T15:09:41","date_gmt":"2014-03-31T18:09:41","guid":{"rendered":"http:\/\/w3.ufsm.br\/gepfica\/?p=1142"},"modified":"2014-03-31T15:09:41","modified_gmt":"2014-03-31T18:09:41","slug":"programacao-geral-formacao-inicial-novo","status":"publish","type":"post","link":"https:\/\/www.ufsm.br\/cursos\/pos-graduacao\/santa-maria\/ppge\/2014\/03\/31\/programacao-geral-formacao-inicial-novo","title":{"rendered":"PROGRAMA\u00c7\u00c3O GERAL FORMA\u00c7\u00c3O INICIAL &#8211; NOVO!!"},"content":{"rendered":"<p>Prezados,<\/p>\n<p>Estamos disponibilizando a Programa\u00e7\u00e3o Geral do 1\u00ba Encontro &#8211; Forma\u00e7\u00e3o Inicial (40 horas), a realizar-se de 07 a 11 de Abril de 2014 em Santa Maria (Sede) e Polos de Santa Rosa e Caxias do Sul. Lembramos que a programa\u00e7\u00e3o do dia <strong>07\/04, turno da manh\u00e3, ser\u00e1 transmitida ao vivo pela Multiweb da UFSM para os Polos de Santa Rosa e Caxias do Sul.<\/strong><\/p>\n<p style=\"text-align: center\"><strong>PROGRAMA\u00c7\u00c3O GERAL PACTO NACIONAL PELA ALFABETIZA\u00c7\u00c3O NA IDADE CERTA &#8211; <\/strong><strong> 1\u00aa ETAPA<\/strong><\/p>\n<p style=\"text-align: center\"><strong>Sede: Santa Maria<\/strong><\/p>\n<p style=\"text-align: center\"><strong>P\u00f3los: Caxias do Sul e Santa Rosa<\/strong><\/p>\n<table border=\"1\" cellspacing=\"0\" cellpadding=\"0\">\n<tbody>\n<tr>\n<td width=\"184\" valign=\"top\">\n<p style=\"text-align: center\"><strong>SEGUNDA-FEIRA<\/strong><\/p>\n<p style=\"text-align: center\"><strong>07\/04\/2014<\/strong><\/p>\n<\/td>\n<td style=\"text-align: center\" width=\"184\" valign=\"top\">\n<p><strong>TER\u00c7A-FEIRA<\/strong><\/p>\n<p><strong>08\/04\/2014<\/strong><\/p>\n<\/td>\n<td style=\"text-align: center\" width=\"184\" valign=\"top\">\n<p><strong>QUARTA-FEIRA<\/strong><\/p>\n<p><strong>09\/04\/2014<\/strong><\/p>\n<\/td>\n<td style=\"text-align: center\" width=\"184\" valign=\"top\">\n<p><strong>QUINTA-FEIRA<\/strong><\/p>\n<p><strong>10\/04\/2014<\/strong><\/p>\n<\/td>\n<td width=\"184\" valign=\"top\">\n<p style=\"text-align: center\"><strong>SEXTA-FEIRA<\/strong><\/p>\n<p style=\"text-align: center\"><strong>11\/04\/2014<\/strong><\/p>\n<\/td>\n<\/tr>\n<tr>\n<td width=\"184\" valign=\"top\">\n<p><strong>8:00-<\/strong> Ato de Abertura<\/p>\n<p>&nbsp;<\/p>\n<p><strong>9:00 \u00e0s 10:15-<\/strong> Palestra Tem\u00e1tica: \u201cAlfabetiza\u00e7\u00e3o   matem\u00e1tica na perspectiva do letramento\u201d.<\/p>\n<p>Prof\u00aa. Carmen Passos\/   UFSCar<\/p>\n<p>&nbsp;<\/p>\n<p>Transmiss\u00e3o Ao Vivo \u2013   Multiweb\/UFSM para os Polos<\/p>\n<p>&nbsp;<\/p>\n<p><strong>10:15 \u00e0s 10:30-<\/strong> Coffee Break<\/p>\n<p>&nbsp;<\/p>\n<p><strong>10:30-<\/strong> Apresenta\u00e7\u00e3o Cultural<\/p>\n<p>&nbsp;<\/p>\n<p><strong>11:00 \u00e0s 12:00<\/strong>&#8211; Grupos de Trabalho (GTs)<\/p>\n<\/td>\n<td width=\"184\" valign=\"top\">\n<p><strong>8:00 \u00e0s 10:15 &#8211; <\/strong>GTs<\/p>\n<p>&nbsp;<\/p>\n<p>Estudo do Caderno de   Apresenta\u00e7\u00e3o<\/p>\n<p>&nbsp;<\/p>\n<p><strong>10:15 \u00e0s 10:30<\/strong>&#8211; Coffee Break<\/p>\n<p>&nbsp;<\/p>\n<p><strong>10:30 \u00e0s 12:00 <\/strong>&#8211; GTs<\/p>\n<p>&nbsp;<\/p>\n<p>Estudo do Caderno de Apresenta\u00e7\u00e3o<\/p>\n<\/td>\n<td width=\"184\" valign=\"top\">\n<p><strong>8:00 \u00e0s 10:15 &#8211; <\/strong>GTs<\/p>\n<p>Estudo do Caderno   \u201cOrganiza\u00e7\u00e3o do Trabalho pedag\u00f3gico\u201d<\/p>\n<p>&nbsp;<\/p>\n<p><strong>10:15 \u00e0s 10:30 <\/strong>&#8211; Coffee Break<\/p>\n<p>&nbsp;<\/p>\n<p><strong>10:30 \u00e0s 12:00 &#8211; <\/strong>GTs<strong><\/strong><\/p>\n<p>Estudo do Caderno   \u201cOrganiza\u00e7\u00e3o do Trabalho pedag\u00f3gico\u201d &#8211; SE\u00c7\u00c3O COMPARTILHANDO<\/p>\n<\/td>\n<td width=\"184\" valign=\"top\">\n<p><strong>8:00 \u00e0s 10:15 &#8211;<\/strong> GTs<\/p>\n<p>Estudo do Caderno   \u201cQuantifica\u00e7\u00e3o, Registro e Agrupamentos\u201d<\/p>\n<p>&nbsp;<\/p>\n<p><strong>10:15 \u00e0s 10:30 &#8211;<\/strong> Coffee Break<\/p>\n<p>&nbsp;<\/p>\n<p><strong>10:30 \u00e0s 12:00 <\/strong>&#8211; GTs<\/p>\n<p>\u201cQuantifica\u00e7\u00e3o,   Registro e Agrupamentos\u201d &#8211; SE\u00c7\u00c3O COMPARTILHANDO<\/p>\n<p>&nbsp;<\/p>\n<\/td>\n<td width=\"184\" valign=\"top\">\n<p><strong>8:00 \u00e0s 10:15 <\/strong>-GTs<\/p>\n<p>V\u00eddeo: Alfabetizando   com n\u00fameros e numerizando\u201d<\/p>\n<p>&nbsp;<\/p>\n<p><strong>10:15 \u00e0s 10:30-<\/strong> Coffee Break<\/p>\n<p>&nbsp;<\/p>\n<p><strong>10:30 \u00e0s 12:00 <\/strong>&#8211; GTs<\/p>\n<p>Constru\u00e7\u00e3o e an\u00e1lise   de jogos<\/p>\n<\/td>\n<\/tr>\n<tr>\n<td width=\"184\" valign=\"top\">\n<p><strong>13:30 \u00e0s 15:30 <\/strong>&#8211; GTs<\/p>\n<p>V\u00eddeo: \u201cMatem\u00e1tica na   comunica\u00e7\u00e3o\u201d<\/p>\n<p>Montando a \u00e1rvore da   matem\u00e1tica<\/p>\n<p>&nbsp;<\/p>\n<p><strong>15:30 \u00e0s 15:45-<\/strong> Coffee Break<\/p>\n<p>&nbsp;<\/p>\n<p><strong>15:30 \u00e0s 17:30<\/strong>&#8211; GTs<\/p>\n<p>Debate<\/p>\n<p>&nbsp;<\/p>\n<\/td>\n<td width=\"184\" valign=\"top\">\n<p><strong>13:30 \u00e0s 15:15 &#8211;<\/strong> GTs<\/p>\n<p>Estudo do Caderno de   Apresenta\u00e7\u00e3o<\/p>\n<p>&nbsp;<\/p>\n<p><strong>15:15 \u00e0s 15:30<\/strong>&#8211; Coffee Break<\/p>\n<p>&nbsp;<\/p>\n<p><strong>15:30 \u00e0s 17:30 &#8211; <\/strong>GTs<\/p>\n<p>Estudo do Caderno   \u201cOrganiza\u00e7\u00e3o do Trabalho pedag\u00f3gico\u201d<\/p>\n<\/td>\n<td width=\"184\" valign=\"top\">\n<p><strong>13:30 \u00e0s 15:15 &#8211;<\/strong> GTs<\/p>\n<p>Estudo do Caderno   \u201cOrganiza\u00e7\u00e3o do Trabalho pedag\u00f3gico\u201d<\/p>\n<p>SE\u00c7\u00c3O COMPATILHANDO<\/p>\n<p>&nbsp;<\/p>\n<p><strong>15:15 \u00e0s 15:30<\/strong>-Coffee Break<\/p>\n<p>&nbsp;<\/p>\n<p><strong>15:30 \u00e0s 17:30 &#8211; <\/strong>GTs<\/p>\n<p>Atividades L\u00fadicas<\/p>\n<\/td>\n<td width=\"184\" valign=\"top\">\n<p><strong>13:30 \u00e0s 15:15 <\/strong>&#8211; GTs<\/p>\n<p>Leitura e discuss\u00e3o do   texto:\u00a0 \u201cJogos na educa\u00e7\u00e3o matem\u00e1tica\u201d<\/p>\n<p>&nbsp;<\/p>\n<p><strong>15:15 \u00e0s 15:30<\/strong>&#8211; Coffee Break<\/p>\n<p>&nbsp;<\/p>\n<p><strong>15:30 \u00e0s 17:30- <\/strong>GTs<\/p>\n<p>Leitura e discuss\u00e3o do   texto:\u00a0 \u201cJogos na educa\u00e7\u00e3o matem\u00e1tica\u201d<\/p>\n<p>&nbsp;<\/p>\n<p>Atividade L\u00fadica   Interdisciplinar<\/p>\n<\/td>\n<td width=\"184\" valign=\"top\">\n<p><strong>13:30 \u00e0s 15:15 <\/strong>&#8211; GTs<\/p>\n<p>Planejamento   munic\u00edpios<\/p>\n<p>&nbsp;<\/p>\n<p><strong>15:15 \u00e0s 15:30<\/strong>&#8211; Coffee Break<\/p>\n<p>&nbsp;<\/p>\n<p><strong>15:30 \u00e0s 17:30- <\/strong>GTs<\/p>\n<p>S\u00edntese de Forma\u00e7\u00e3o<\/p>\n<\/td>\n<\/tr>\n<\/tbody>\n<\/table>\n<p>Atenciosamente,<\/p>\n<p>Equipe T\u00e9cnica<\/p>\n","protected":false},"excerpt":{"rendered":"<p>Acesse a programa\u00e7\u00e3o geral do 1\u00ba encontro de forma\u00e7\u00e3o (40 horas)<\/p>\n","protected":false},"author":1,"featured_media":0,"comment_status":"closed","ping_status":"closed","sticky":false,"template":"","format":"standard","meta":{"footnotes":""},"categories":[1],"tags":[32,29],"class_list":["post-1623","post","type-post","status-publish","format-standard","hentry","category-sem-categoria","tag-gepfica","tag-grupos-pesquisa"],"acf":[],"_links":{"self":[{"href":"https:\/\/www.ufsm.br\/cursos\/pos-graduacao\/santa-maria\/ppge\/wp-json\/wp\/v2\/posts\/1623","targetHints":{"allow":["GET"]}}],"collection":[{"href":"https:\/\/www.ufsm.br\/cursos\/pos-graduacao\/santa-maria\/ppge\/wp-json\/wp\/v2\/posts"}],"about":[{"href":"https:\/\/www.ufsm.br\/cursos\/pos-graduacao\/santa-maria\/ppge\/wp-json\/wp\/v2\/types\/post"}],"author":[{"embeddable":true,"href":"https:\/\/www.ufsm.br\/cursos\/pos-graduacao\/santa-maria\/ppge\/wp-json\/wp\/v2\/users\/1"}],"replies":[{"embeddable":true,"href":"https:\/\/www.ufsm.br\/cursos\/pos-graduacao\/santa-maria\/ppge\/wp-json\/wp\/v2\/comments?post=1623"}],"version-history":[{"count":0,"href":"https:\/\/www.ufsm.br\/cursos\/pos-graduacao\/santa-maria\/ppge\/wp-json\/wp\/v2\/posts\/1623\/revisions"}],"wp:attachment":[{"href":"https:\/\/www.ufsm.br\/cursos\/pos-graduacao\/santa-maria\/ppge\/wp-json\/wp\/v2\/media?parent=1623"}],"wp:term":[{"taxonomy":"category","embeddable":true,"href":"https:\/\/www.ufsm.br\/cursos\/pos-graduacao\/santa-maria\/ppge\/wp-json\/wp\/v2\/categories?post=1623"},{"taxonomy":"post_tag","embeddable":true,"href":"https:\/\/www.ufsm.br\/cursos\/pos-graduacao\/santa-maria\/ppge\/wp-json\/wp\/v2\/tags?post=1623"}],"curies":[{"name":"wp","href":"https:\/\/api.w.org\/{rel}","templated":true}]}}