{"id":2166,"date":"2020-01-21T08:49:52","date_gmt":"2020-01-21T11:49:52","guid":{"rendered":"https:\/\/www.ufsm.br\/cursos\/pos-graduacao\/santa-maria\/ppge\/?p=2166"},"modified":"2020-01-21T09:04:41","modified_gmt":"2020-01-21T12:04:41","slug":"geu-no-ii-simposio-em-gestao-publica","status":"publish","type":"post","link":"https:\/\/www.ufsm.br\/cursos\/pos-graduacao\/santa-maria\/ppge\/2020\/01\/21\/geu-no-ii-simposio-em-gestao-publica","title":{"rendered":"GEU NO II SIMP\u00d3SIO EM GEST\u00c3O P\u00daBLICA"},"content":{"rendered":"\n<dl class=\"article-info muted\">\n<dt class=\"article-info-term\"><strong>Detalhes<\/strong><\/dt>\n<dt><\/dt>\n<dt class=\"article-info-term\">Publicado: 06 Dezembro 2017<\/dt>\n<dt class=\"article-info-term\">Criado: 06 Dezembro 2017<\/dt>\n<\/dl>\n<div>\n<p>De 28\/10 a 1\u00ba\/11\/2017 o N\u00facleo de Educa\u00e7\u00e3o e Desenvolvimento (NED\/CIMDE\/PROGEP) e o Programa de P\u00f3s-Gradua\u00e7\u00e3o em Gest\u00e3o de Organiza\u00e7\u00f5es P\u00fablicas (PPGOP) promoveram a Semana do Servidor P\u00fablico e II Simp\u00f3sio em Gest\u00e3o P\u00fablica.<\/p>\n<p><img decoding=\"async\" src=\"http:\/\/w3.ufsm.br\/geu\/images\/semana-servidor-publico.png\" alt=\"\" \/><\/p>\n<p>Este evento foi promovido em alus\u00e3o ao Dia do Servidor P\u00fablico (28\/10), com o objetivos de proporcionar momentos de debates na institui\u00e7\u00e3o que promovam a reflex\u00e3o do sentido do viver humano,\u00a0 do cotidiano de trabalho e do papel do servidor p\u00fablico, homenagear os servidores p\u00fablicos, ativos e aposentados da UFSM, proporcionando a estes momentos de reflex\u00e3o, informa\u00e7\u00e3o e integra\u00e7\u00e3o e promover a sua participa\u00e7\u00e3o em eventos culturais, permitindo aos servidores mostrarem os potenciais, divulgando seus talentos.<\/p>\n<p>O GEU participou do evento atrav\u00e9s da avalia\u00e7\u00e3o de trabalhos apresentados.\u00a0<\/p>\n<p>Liliane Gontan Timm Della M\u00e9a \u2013 Membro da banca avaliadora.<\/p>\n<p><img fetchpriority=\"high\" decoding=\"async\" class=\"\" src=\"http:\/\/w3.ufsm.br\/geu\/images\/Gesto-Publica.jpg\" alt=\"\" width=\"636\" height=\"344\" \/><\/p>\n<\/div>\n","protected":false},"excerpt":{"rendered":"<p>Detalhes Publicado: 06 Dezembro 2017 Criado: 06 Dezembro 2017 De 28\/10 a 1\u00ba\/11\/2017 o N\u00facleo de Educa\u00e7\u00e3o e Desenvolvimento (NED\/CIMDE\/PROGEP) e o Programa de P\u00f3s-Gradua\u00e7\u00e3o em Gest\u00e3o de Organiza\u00e7\u00f5es P\u00fablicas (PPGOP) promoveram a Semana do Servidor P\u00fablico e II Simp\u00f3sio em Gest\u00e3o P\u00fablica. Este evento foi promovido em alus\u00e3o ao Dia do Servidor P\u00fablico (28\/10), [&hellip;]<\/p>\n","protected":false},"author":867,"featured_media":0,"comment_status":"closed","ping_status":"closed","sticky":false,"template":"","format":"standard","meta":{"footnotes":""},"categories":[2],"tags":[42,27,29],"class_list":["post-2166","post","type-post","status-publish","format-standard","hentry","category-noticias","tag-geu","tag-grupos","tag-grupos-pesquisa"],"acf":[],"_links":{"self":[{"href":"https:\/\/www.ufsm.br\/cursos\/pos-graduacao\/santa-maria\/ppge\/wp-json\/wp\/v2\/posts\/2166","targetHints":{"allow":["GET"]}}],"collection":[{"href":"https:\/\/www.ufsm.br\/cursos\/pos-graduacao\/santa-maria\/ppge\/wp-json\/wp\/v2\/posts"}],"about":[{"href":"https:\/\/www.ufsm.br\/cursos\/pos-graduacao\/santa-maria\/ppge\/wp-json\/wp\/v2\/types\/post"}],"author":[{"embeddable":true,"href":"https:\/\/www.ufsm.br\/cursos\/pos-graduacao\/santa-maria\/ppge\/wp-json\/wp\/v2\/users\/867"}],"replies":[{"embeddable":true,"href":"https:\/\/www.ufsm.br\/cursos\/pos-graduacao\/santa-maria\/ppge\/wp-json\/wp\/v2\/comments?post=2166"}],"version-history":[{"count":0,"href":"https:\/\/www.ufsm.br\/cursos\/pos-graduacao\/santa-maria\/ppge\/wp-json\/wp\/v2\/posts\/2166\/revisions"}],"wp:attachment":[{"href":"https:\/\/www.ufsm.br\/cursos\/pos-graduacao\/santa-maria\/ppge\/wp-json\/wp\/v2\/media?parent=2166"}],"wp:term":[{"taxonomy":"category","embeddable":true,"href":"https:\/\/www.ufsm.br\/cursos\/pos-graduacao\/santa-maria\/ppge\/wp-json\/wp\/v2\/categories?post=2166"},{"taxonomy":"post_tag","embeddable":true,"href":"https:\/\/www.ufsm.br\/cursos\/pos-graduacao\/santa-maria\/ppge\/wp-json\/wp\/v2\/tags?post=2166"}],"curies":[{"name":"wp","href":"https:\/\/api.w.org\/{rel}","templated":true}]}}