{"id":2330,"date":"2020-04-13T17:13:34","date_gmt":"2020-04-13T20:13:34","guid":{"rendered":"https:\/\/www.ufsm.br\/cursos\/pos-graduacao\/santa-maria\/ppge\/?p=2330"},"modified":"2020-04-13T17:13:40","modified_gmt":"2020-04-13T20:13:40","slug":"oferta-de-curso-de-extensao-em-parceria-com-o-programa-de-pos-graduacao-em-informatica-na-educacao-da-ufrgs","status":"publish","type":"post","link":"https:\/\/www.ufsm.br\/cursos\/pos-graduacao\/santa-maria\/ppge\/2020\/04\/13\/oferta-de-curso-de-extensao-em-parceria-com-o-programa-de-pos-graduacao-em-informatica-na-educacao-da-ufrgs","title":{"rendered":"Oferta de Curso de Extens\u00e3o em parceria com o Programa de P\u00f3s-Gradua\u00e7\u00e3o em Inform\u00e1tica na Educa\u00e7\u00e3o da UFRGS"},"content":{"rendered":"\n<div class=\"gmail_default\">Em parceria com o Programa de P\u00f3s-Gradua\u00e7\u00e3o em Inform\u00e1tica na Educa\u00e7\u00e3o da UFRGS, o PPGE\/UFSM ofertar\u00e1 o\u00a0CURSO DE EXTENS\u00c3O &#8211; Semin\u00e1rio Especial:\u00a0 Compet\u00eancias digitais docentes para m-learning.<\/div>\n<div class=\"gmail_default\"><b>\u00a0<\/b><\/div>\n<div class=\"gmail_default\"><b><img fetchpriority=\"high\" decoding=\"async\" class=\"wp-image-2331 alignleft\" src=\"https:\/\/www.ufsm.br\/cursos\/pos-graduacao\/santa-maria\/ppge\/wp-content\/uploads\/sites\/547\/2020\/04\/Cartaz-Curso-PPGE-UFRGS-300x217.png\" alt=\"\" width=\"429\" height=\"310\" srcset=\"https:\/\/www.ufsm.br\/app\/uploads\/sites\/547\/2020\/04\/Cartaz-Curso-PPGE-UFRGS-300x217.png 300w, https:\/\/www.ufsm.br\/app\/uploads\/sites\/547\/2020\/04\/Cartaz-Curso-PPGE-UFRGS-1024x742.png 1024w, https:\/\/www.ufsm.br\/app\/uploads\/sites\/547\/2020\/04\/Cartaz-Curso-PPGE-UFRGS-768x556.png 768w, https:\/\/www.ufsm.br\/app\/uploads\/sites\/547\/2020\/04\/Cartaz-Curso-PPGE-UFRGS.png 1122w\" sizes=\"(max-width: 429px) 100vw, 429px\" \/>Objetivo:<\/b>\u00a0Capacitar professores para o uso da aprendizagem m\u00f3vel a fim de fomentar discuss\u00f5es e produ\u00e7\u00f5es de pr\u00e1ticas pedag\u00f3gicas online que envolvam o uso dos dispositivos m\u00f3veis na educa\u00e7\u00e3o.<\/div>\n<div class=\"gmail_default\">\u00a0<\/div>\n<div class=\"gmail_default\"><b>Carga hor\u00e1ria<\/b>: 60h (4 cr\u00e9ditos)<\/div>\n<div class=\"gmail_default\"><b>Modalidade:<\/b>\u00a0As atividades ser\u00e3o a dist\u00e2ncia utilizando o Ambiente RODA da UFRGS.<\/div>\n<div class=\"gmail_default\"><b>Per\u00edodo de Inscri\u00e7\u00e3o:\u00a0<\/b>14\/04 a 24\/04 at\u00e9 \u00e0s 23h via formul\u00e1rio &lt;<a href=\"https:\/\/forms.gle\/6R8rFFpJ9bJjSoV88\" target=\"_blank\" rel=\"noopener noreferrer\" data-saferedirecturl=\"https:\/\/www.google.com\/url?q=https:\/\/forms.gle\/6R8rFFpJ9bJjSoV88&amp;source=gmail&amp;ust=1586891820203000&amp;usg=AFQjCNG3uc6QFxb9yOWTKh3USwZgmmLfvA\">https:\/\/forms.gle\/6R8rFFpJ9bJjSoV88<\/a>&gt;<\/div>\n<div class=\"gmail_default\">\u00a0<\/div>\n<div class=\"gmail_default\"><b>Vagas:\u00a0<\/b>40 sendo: 20 para UFSM e 20 para UFRGS<\/div>\n<div class=\"gmail_default\"><b>In\u00edcio das atividades:<\/b>\u00a007\/05\u00a0<br \/><b>D\u00favidas e contato:<\/b>\u00a0<a href=\"mailto:cursomobile2016@gmail.com\" target=\"_blank\" rel=\"noopener noreferrer\">cursomobile2016@gmail.com<\/a>\u00a0e tamb\u00e9m com a profa. Ilse &lt;<a href=\"mailto:ilse.abegg@ufsm.com\" target=\"_blank\" rel=\"noopener noreferrer\">ilse.abegg@ufsm.com<\/a>&gt;<\/div>\n<div class=\"gmail_default\">\u00a0<\/div>\n<div class=\"gmail_default\"><b>Observa\u00e7\u00f5es:<\/b><\/div>\n<div class=\"gmail_default\">1- Caso tenha mais de 20 inscritos ser\u00e1 dada prioridade para os estudantes que s\u00e3o professores na Educa\u00e7\u00e3o B\u00e1sica.<\/div>\n<div class=\"gmail_default\">\u00a0<\/div>\n<div class=\"gmail_default\">\n<div class=\"gmail_default\">2- Ao final, os concluintes poder\u00e3o solicitar a emiss\u00e3o de certificado de extens\u00e3o que ser\u00e1 emitido pela UFRGS, mediante o pagamento de R$ 5,00.<\/div>\n<div>\u00a0<\/div>\n<\/div>\n","protected":false},"excerpt":{"rendered":"<p>Em parceria com o Programa de P\u00f3s-Gradua\u00e7\u00e3o em Inform\u00e1tica na Educa\u00e7\u00e3o da UFRGS, o PPGE\/UFSM ofertar\u00e1 o\u00a0CURSO DE EXTENS\u00c3O &#8211; Semin\u00e1rio Especial:\u00a0 Compet\u00eancias digitais docentes para m-learning. \u00a0 Objetivo:\u00a0Capacitar professores para o uso da aprendizagem m\u00f3vel a fim de fomentar discuss\u00f5es e produ\u00e7\u00f5es de pr\u00e1ticas pedag\u00f3gicas online que envolvam o uso dos dispositivos m\u00f3veis na [&hellip;]<\/p>\n","protected":false},"author":976,"featured_media":0,"comment_status":"closed","ping_status":"closed","sticky":false,"template":"","format":"standard","meta":{"footnotes":""},"categories":[1],"tags":[],"class_list":["post-2330","post","type-post","status-publish","format-standard","hentry","category-sem-categoria"],"acf":[],"_links":{"self":[{"href":"https:\/\/www.ufsm.br\/cursos\/pos-graduacao\/santa-maria\/ppge\/wp-json\/wp\/v2\/posts\/2330","targetHints":{"allow":["GET"]}}],"collection":[{"href":"https:\/\/www.ufsm.br\/cursos\/pos-graduacao\/santa-maria\/ppge\/wp-json\/wp\/v2\/posts"}],"about":[{"href":"https:\/\/www.ufsm.br\/cursos\/pos-graduacao\/santa-maria\/ppge\/wp-json\/wp\/v2\/types\/post"}],"author":[{"embeddable":true,"href":"https:\/\/www.ufsm.br\/cursos\/pos-graduacao\/santa-maria\/ppge\/wp-json\/wp\/v2\/users\/976"}],"replies":[{"embeddable":true,"href":"https:\/\/www.ufsm.br\/cursos\/pos-graduacao\/santa-maria\/ppge\/wp-json\/wp\/v2\/comments?post=2330"}],"version-history":[{"count":0,"href":"https:\/\/www.ufsm.br\/cursos\/pos-graduacao\/santa-maria\/ppge\/wp-json\/wp\/v2\/posts\/2330\/revisions"}],"wp:attachment":[{"href":"https:\/\/www.ufsm.br\/cursos\/pos-graduacao\/santa-maria\/ppge\/wp-json\/wp\/v2\/media?parent=2330"}],"wp:term":[{"taxonomy":"category","embeddable":true,"href":"https:\/\/www.ufsm.br\/cursos\/pos-graduacao\/santa-maria\/ppge\/wp-json\/wp\/v2\/categories?post=2330"},{"taxonomy":"post_tag","embeddable":true,"href":"https:\/\/www.ufsm.br\/cursos\/pos-graduacao\/santa-maria\/ppge\/wp-json\/wp\/v2\/tags?post=2330"}],"curies":[{"name":"wp","href":"https:\/\/api.w.org\/{rel}","templated":true}]}}