{"id":2419,"date":"2020-05-11T14:13:08","date_gmt":"2020-05-11T17:13:08","guid":{"rendered":"https:\/\/www.ufsm.br\/cursos\/pos-graduacao\/santa-maria\/ppge\/?p=2419"},"modified":"2020-05-11T14:19:58","modified_gmt":"2020-05-11T17:19:58","slug":"realizada-a-primeira-live-dos-discentes-para-os-docentes-confira","status":"publish","type":"post","link":"https:\/\/www.ufsm.br\/cursos\/pos-graduacao\/santa-maria\/ppge\/2020\/05\/11\/realizada-a-primeira-live-dos-discentes-para-os-docentes-confira","title":{"rendered":"Realizada a primeira live dos discentes para os docentes. Confira:"},"content":{"rendered":"\t\t<div data-elementor-type=\"wp-post\" data-elementor-id=\"2419\" class=\"elementor elementor-2419\">\n\t\t\t\t\t\t<section class=\"elementor-section elementor-top-section elementor-element elementor-element-c10373c elementor-section-boxed elementor-section-height-default elementor-section-height-default\" data-id=\"c10373c\" data-element_type=\"section\">\n\t\t\t\t\t\t<div class=\"elementor-container elementor-column-gap-default\">\n\t\t\t\t\t<div class=\"elementor-column elementor-col-100 elementor-top-column elementor-element elementor-element-1ec8780\" data-id=\"1ec8780\" data-element_type=\"column\">\n\t\t\t<div class=\"elementor-widget-wrap elementor-element-populated\">\n\t\t\t\t\t\t<div class=\"elementor-element elementor-element-d9a80a0 elementor-widget elementor-widget-text-editor\" data-id=\"d9a80a0\" data-element_type=\"widget\" data-widget_type=\"text-editor.default\">\n\t\t\t\t<div class=\"elementor-widget-container\">\n\t\t\t\t\t\t\t<p>Por trasmiss\u00e3o atrav\u00e9s do Facebook, representantes dos discentes debateram com Rosane C. Sarturi, coordenadora do Programa, a respeito de quest\u00f5es importantes para o prosseguimento das atividades do calend\u00e1rio 2020.<\/p><p><span style=\"color: black;font-size: 1rem\">O debate na \u00edntegra est\u00e1 dispon\u00edvel no link abaixo:&nbsp;<\/span><\/p>\n<p><a style=\"color: #1155cc;font-family: Arial, Helvetica, sans-serif;font-size: small;background-color: #ffffff\" href=\"https:\/\/m.facebook.com\/story.php?story_fbid=257716538686368&amp;id=283519732449763\" target=\"_blank\" rel=\"noopener\" data-saferedirecturl=\"https:\/\/www.google.com\/url?q=https:\/\/m.facebook.com\/story.php?story_fbid%3D257716538686368%26id%3D283519732449763&amp;source=gmail&amp;ust=1589302630250000&amp;usg=AFQjCNFqn-5gm2ydN4hR4De29EXI17Z8xg\">https:\/\/m.facebook.com\/story.php?story_fbid=257716538686368&amp;id=283519732449763<\/a><\/p><p><br><\/p><p>PPGE &#8211; Programa de P\u00f3s-Gradua\u00e7\u00e3o em Educa\u00e7\u00e3o<\/p>\t\t\t\t\t\t<\/div>\n\t\t\t\t<\/div>\n\t\t\t\t\t<\/div>\n\t\t<\/div>\n\t\t\t\t\t<\/div>\n\t\t<\/section>\n\t\t\t\t<\/div>\n\t\t","protected":false},"excerpt":{"rendered":"<p>Por trasmiss\u00e3o atrav\u00e9s do Facebook, representantes dos discentes debateram com Rosane C. Sarturi, coordenadora do Programa, a respeito de quest\u00f5es importantes para o prosseguimento das atividades do calend\u00e1rio 2020. O debate na \u00edntegra est\u00e1 dispon\u00edvel no link abaixo:&nbsp; https:\/\/m.facebook.com\/story.php?story_fbid=257716538686368&amp;id=283519732449763 PPGE &#8211; Programa de P\u00f3s-Gradua\u00e7\u00e3o em Educa\u00e7\u00e3o<\/p>\n","protected":false},"author":976,"featured_media":0,"comment_status":"closed","ping_status":"closed","sticky":false,"template":"","format":"standard","meta":{"footnotes":""},"categories":[1],"tags":[],"class_list":["post-2419","post","type-post","status-publish","format-standard","hentry","category-sem-categoria"],"acf":[],"_links":{"self":[{"href":"https:\/\/www.ufsm.br\/cursos\/pos-graduacao\/santa-maria\/ppge\/wp-json\/wp\/v2\/posts\/2419","targetHints":{"allow":["GET"]}}],"collection":[{"href":"https:\/\/www.ufsm.br\/cursos\/pos-graduacao\/santa-maria\/ppge\/wp-json\/wp\/v2\/posts"}],"about":[{"href":"https:\/\/www.ufsm.br\/cursos\/pos-graduacao\/santa-maria\/ppge\/wp-json\/wp\/v2\/types\/post"}],"author":[{"embeddable":true,"href":"https:\/\/www.ufsm.br\/cursos\/pos-graduacao\/santa-maria\/ppge\/wp-json\/wp\/v2\/users\/976"}],"replies":[{"embeddable":true,"href":"https:\/\/www.ufsm.br\/cursos\/pos-graduacao\/santa-maria\/ppge\/wp-json\/wp\/v2\/comments?post=2419"}],"version-history":[{"count":0,"href":"https:\/\/www.ufsm.br\/cursos\/pos-graduacao\/santa-maria\/ppge\/wp-json\/wp\/v2\/posts\/2419\/revisions"}],"wp:attachment":[{"href":"https:\/\/www.ufsm.br\/cursos\/pos-graduacao\/santa-maria\/ppge\/wp-json\/wp\/v2\/media?parent=2419"}],"wp:term":[{"taxonomy":"category","embeddable":true,"href":"https:\/\/www.ufsm.br\/cursos\/pos-graduacao\/santa-maria\/ppge\/wp-json\/wp\/v2\/categories?post=2419"},{"taxonomy":"post_tag","embeddable":true,"href":"https:\/\/www.ufsm.br\/cursos\/pos-graduacao\/santa-maria\/ppge\/wp-json\/wp\/v2\/tags?post=2419"}],"curies":[{"name":"wp","href":"https:\/\/api.w.org\/{rel}","templated":true}]}}