{"id":2570,"date":"2020-09-08T16:28:39","date_gmt":"2020-09-08T19:28:39","guid":{"rendered":"https:\/\/www.ufsm.br\/cursos\/pos-graduacao\/santa-maria\/ppge\/?p=2570"},"modified":"2020-09-08T16:32:49","modified_gmt":"2020-09-08T19:32:49","slug":"professor-amarildo-trevisan-participa-do-debate-de-lancamento-do-seu-livro-terapia-de-atlas","status":"publish","type":"post","link":"https:\/\/www.ufsm.br\/cursos\/pos-graduacao\/santa-maria\/ppge\/2020\/09\/08\/professor-amarildo-trevisan-participa-do-debate-de-lancamento-do-seu-livro-terapia-de-atlas","title":{"rendered":"Professor Amarildo Trevisan participa do debate de lan\u00e7amento do seu livro \u201cTerapia de Atlas\u201d"},"content":{"rendered":"\n<p>O professor Amarildo Luiz Trevisan participou do debate de lan\u00e7amento do seu livro &#8220;Terapia de Atlas: Filosofia da Educa\u00e7\u00e3o no Contempor\u00e2neo&#8221;, nesta segunda-feira \u00e0 noite, dia 07\/09, \u00e0s 20h, \u00a0no canal do YouTube do prof. Dejalma Cremonese (UFSM).<br \/><br \/>A discuss\u00e3o se deu de maneira interativa com o p\u00fablico presente de forma virtual e contou com as presen\u00e7as na bancada, al\u00e9m do prof. Dejalma, coordenador, tamb\u00e9m com os professores Reginaldo Peres (UFSM), Guilherme Hower Neto (UNIPAMPA) e Fl\u00e1vio de Farias (UFDPAR). O v\u00eddeo pode ser assistido no endere\u00e7o:\u00a0<a href=\"https:\/\/youtu.be\/VyXHfdQ5rL4\" target=\"_blank\" rel=\"noopener noreferrer\" data-saferedirecturl=\"https:\/\/www.google.com\/url?q=https:\/\/youtu.be\/VyXHfdQ5rL4&amp;source=gmail&amp;ust=1599677856756000&amp;usg=AFQjCNHpXI2XGSMLZ7ngRkoQM9QJYpXrnw\">https:\/\/youtu.be\/VyXHfdQ5rL4<\/a>\u00a0<br \/><br \/>E o livro est\u00e1 dispon\u00edvel on \u00a0line para baixar no endere\u00e7o p\u00fablico e gratuito:\u00a0<a href=\"https:\/\/www.ucs.br\/educs\/livro\/terapia-de-atlas-filosofia-da-educacao-no-contemporaneo\/\" target=\"_blank\" rel=\"noopener noreferrer\" data-saferedirecturl=\"https:\/\/www.google.com\/url?q=https:\/\/www.ucs.br\/educs\/livro\/terapia-de-atlas-filosofia-da-educacao-no-contemporaneo\/&amp;source=gmail&amp;ust=1599677856756000&amp;usg=AFQjCNHpN0_glBNNRD9hdgWQWyYwDsjjkw\">https:\/\/www.ucs.br\/educs\/livro\/terapia-de-atlas-filosofia-da-educacao-no-contemporaneo\/<\/a><\/p>\n","protected":false},"excerpt":{"rendered":"<p>O professor Amarildo Luiz Trevisan participou do debate de lan\u00e7amento do seu livro &#8220;Terapia de Atlas: Filosofia da Educa\u00e7\u00e3o no Contempor\u00e2neo&#8221;, nesta segunda-feira \u00e0 noite, dia 07\/09, \u00e0s 20h, \u00a0no canal do YouTube do prof. Dejalma Cremonese (UFSM). A discuss\u00e3o se deu de maneira interativa com o p\u00fablico presente de forma virtual e contou com [&hellip;]<\/p>\n","protected":false},"author":976,"featured_media":0,"comment_status":"closed","ping_status":"closed","sticky":false,"template":"","format":"standard","meta":{"footnotes":""},"categories":[1],"tags":[],"class_list":["post-2570","post","type-post","status-publish","format-standard","hentry","category-sem-categoria"],"acf":[],"_links":{"self":[{"href":"https:\/\/www.ufsm.br\/cursos\/pos-graduacao\/santa-maria\/ppge\/wp-json\/wp\/v2\/posts\/2570","targetHints":{"allow":["GET"]}}],"collection":[{"href":"https:\/\/www.ufsm.br\/cursos\/pos-graduacao\/santa-maria\/ppge\/wp-json\/wp\/v2\/posts"}],"about":[{"href":"https:\/\/www.ufsm.br\/cursos\/pos-graduacao\/santa-maria\/ppge\/wp-json\/wp\/v2\/types\/post"}],"author":[{"embeddable":true,"href":"https:\/\/www.ufsm.br\/cursos\/pos-graduacao\/santa-maria\/ppge\/wp-json\/wp\/v2\/users\/976"}],"replies":[{"embeddable":true,"href":"https:\/\/www.ufsm.br\/cursos\/pos-graduacao\/santa-maria\/ppge\/wp-json\/wp\/v2\/comments?post=2570"}],"version-history":[{"count":0,"href":"https:\/\/www.ufsm.br\/cursos\/pos-graduacao\/santa-maria\/ppge\/wp-json\/wp\/v2\/posts\/2570\/revisions"}],"wp:attachment":[{"href":"https:\/\/www.ufsm.br\/cursos\/pos-graduacao\/santa-maria\/ppge\/wp-json\/wp\/v2\/media?parent=2570"}],"wp:term":[{"taxonomy":"category","embeddable":true,"href":"https:\/\/www.ufsm.br\/cursos\/pos-graduacao\/santa-maria\/ppge\/wp-json\/wp\/v2\/categories?post=2570"},{"taxonomy":"post_tag","embeddable":true,"href":"https:\/\/www.ufsm.br\/cursos\/pos-graduacao\/santa-maria\/ppge\/wp-json\/wp\/v2\/tags?post=2570"}],"curies":[{"name":"wp","href":"https:\/\/api.w.org\/{rel}","templated":true}]}}