{"id":335,"date":"2016-06-10T13:19:09","date_gmt":"2016-06-10T16:19:09","guid":{"rendered":"https:\/\/www.ufsm.br\/cursos\/pos-graduacao\/santa-maria\/ppgea\/2016\/06\/10\/classificados-1etapa-22-2016\/"},"modified":"2016-06-10T13:19:09","modified_gmt":"2016-06-10T16:19:09","slug":"classificados-1etapa-22-2016","status":"publish","type":"post","link":"https:\/\/www.ufsm.br\/cursos\/pos-graduacao\/santa-maria\/ppgea\/2016\/06\/10\/classificados-1etapa-22-2016","title":{"rendered":"Candidatos classificados na 1\u00ba etapa do processo seletivo do edital 022\/2016 PRPGP\/UFSM"},"content":{"rendered":"<p>\u00a0<\/p>\n<p style=\"margin: 0cm 0cm 0.0001pt; text-align: justify; line-height: 15.75pt; vertical-align: baseline; background-image: initial; background-attachment: initial; background-size: initial; background-origin: initial; background-clip: initial; background-position: initial; background-repeat: initial;\"><span style=\"font-size: 10.0pt; font-family: 'Tahoma','sans-serif'; color: black;\">O Programa de P\u00f3s-Gradua\u00e7\u00e3o em Engenharia Agr\u00edcola torna p\u00fablica a listagem dos candidatos classificados na 1\u00aa etapa da sele\u00e7\u00e3o do edital 022\/2016 &#8211; PRPGP\/UFSM. A mesma pode ser acessada clicando\u00a0<a href=\"https:\/\/www.ufsm.br\/cursos\/pos-graduacao\/santa-maria\/ppgea\/wp-content\/uploads\/sites\/548\/2016\/06\/Classificados_1etapa_site_22_2016.pdf\" target=\"_blank\" rel=\"noopener noreferrer\">aqui<\/a><\/span>.\u00a0<\/p>\n<p style=\"margin: 0cm 0cm 0.0001pt; text-align: justify; line-height: 15.75pt; vertical-align: baseline; font-stretch: inherit; background-image: initial; background-attachment: initial; background-size: initial; background-origin: initial; background-clip: initial; background-position: initial; background-repeat: initial;\"><span style=\"font-style: inherit; font-variant: inherit; font-weight: inherit; font-stretch: inherit;\"><span style=\"font-size: 10.0pt; font-family: 'Tahoma','sans-serif'; color: black;\">\u00a0<\/span><\/span><\/p>\n<p style=\"margin: 0cm 0cm 0.0001pt; text-align: justify; line-height: 15.75pt; vertical-align: baseline; font-stretch: inherit; background-image: initial; background-attachment: initial; background-size: initial; background-origin: initial; background-clip: initial; background-position: initial; background-repeat: initial;\"><span style=\"font-style: inherit; font-variant: inherit; font-weight: inherit; font-stretch: inherit;\"><span style=\"font-size: 10.0pt; font-family: 'Tahoma','sans-serif'; color: black;\">Os candidatos<span style=\"font-style: inherit; font-variant: inherit; font-weight: inherit; font-stretch: inherit; font-size: inherit; line-height: inherit;\"><span class=\"apple-converted-space\">\u00a0<\/span><\/span><strong style=\"font-style: inherit; font-variant: inherit; font-stretch: inherit; font-size: inherit; line-height: inherit;\">n\u00e3o classificados<\/strong>\u00a0que quiserem solicitar a reavalia\u00e7\u00e3o do curr\u00edculo devem enviar um e-mail para<span style=\"font-style: inherit; font-variant: inherit; font-weight: inherit; font-stretch: inherit; font-size: inherit; line-height: inherit;\"><span class=\"apple-converted-space\">\u00a0<\/span><\/span><a href=\"mailto:%20%3cscript%20type='text\/javascript'%3e%20%3c!--%20var%20prefix%20=%20'ma'%20+%20'il'%20+%20'to';%20var%20path%20=%20'hr'%20+%20'ef'%20+%20'=';%20var%20addy67021%20=%20'ppgea'%20+%20'@';%20addy67021%20=%20addy67021%20+%20'ufsm'%20+%20'.'%20+%20'br';%20document.write('%3ca%20'%20+%20path%20+%20'\\''%20+%20prefix%20+%20':'%20+%20addy67021%20+%20'\\'%3e');%20document.write(addy67021);%20document.write('%3c\\\/a%3e');%20\/\/--%3e\\n%20%3c\/script%3e%3cscript%20type='text\/javascript'%3e%20%3c!--%20document.write('%3cspan%20style=\\'display:%20none;\\'%3e');%20\/\/--%3e%20%3c\/script%3eEste%20endere%C3%A7o%20de%20email%20est%C3%A1%20protegido%20contra%20piratas.%20Necessita%20ativar%20o%20JavaScript%20para%20o%20visualizar.%20%3cscript%20type='text\/javascript'%3e%20%3c!--%20document.write('%3c\/');%20document.write('span%3e');%20\/\/--%3e%20%3c\/script%3e\" style=\"font-style: inherit; font-variant: inherit; font-weight: inherit; font-stretch: inherit; font-size: inherit; line-height: inherit;\"><span class=\"apple-converted-space\"><span style=\"color: #5c5c5c;\"><span style=\"font-style: inherit; font-variant: inherit; font-weight: inherit; font-stretch: inherit; font-size: inherit; line-height: inherit;\">\u00a0<\/span><\/span><\/span><\/a><a href=\"mailto:ppgea@ufsm.br\" style=\"font-style: inherit; font-variant: inherit; font-weight: inherit; font-stretch: inherit; font-size: inherit; line-height: inherit;\"><span style=\"color: #5c5c5c;\">ppgea@ufsm.br<\/span><\/a><\/span><span class=\"apple-converted-space\">\u00a0<\/span>no per\u00edodo de 10 a 14 de junho de 2016. A Secretaria providenciar\u00e1 o envio da c\u00f3pia digitalizada da planilha e o candidato dever\u00e1 indicar em quais itens n\u00e3o est\u00e1 de acordo com a pontua\u00e7\u00e3o atribu\u00edda indicando qual documento comprobat\u00f3rio foi enviado via Sedex.\u00a0<\/span><\/p>\n<p style=\"margin: 0cm 0cm 0.0001pt; text-align: justify; line-height: 15.75pt; vertical-align: baseline; font-stretch: inherit; background-image: initial; background-attachment: initial; background-size: initial; background-origin: initial; background-clip: initial; background-position: initial; background-repeat: initial;\"><span style=\"font-style: inherit; font-variant: inherit; font-weight: inherit; font-stretch: inherit;\"><span style=\"font-size: 10.0pt; font-family: 'Tahoma','sans-serif'; color: black;\">\u00a0<\/span><\/span><\/p>\n<p style=\"margin: 0cm 0cm 0.0001pt; text-align: justify; line-height: 15.75pt; vertical-align: baseline; font-stretch: inherit; background-image: initial; background-attachment: initial; background-size: initial; background-origin: initial; background-clip: initial; background-position: initial; background-repeat: initial;\"><span style=\"font-style: inherit; font-variant: inherit; font-weight: inherit; font-stretch: inherit;\"><span style=\"font-size: 10.0pt; font-family: 'Tahoma','sans-serif'; color: black;\">Pedidos de reavalia\u00e7\u00e3o enviados fora do prazo supracitado n\u00e3o ser\u00e3o considerados. Neste caso, o candidato que perder o prazo dever\u00e1 seguir o disposto nos itens 3.2 e 3.2.1 do edital 022\/2016 \u00a0&#8211; PRPGP\/UFSM:<\/span><\/span><\/p>\n<p style=\"margin: 0cm 0cm 0.0001pt; text-align: justify; line-height: 18pt; vertical-align: baseline; font-stretch: inherit; background-image: initial; background-attachment: initial; background-size: initial; background-origin: initial; background-clip: initial; background-position: initial; background-repeat: initial;\"><span style=\"font-style: inherit; font-variant: inherit; font-weight: inherit; font-stretch: inherit;\"><span style=\"font-size: 10.0pt; font-family: 'Tahoma','sans-serif';\">\u201cO candidato poder\u00e1 interpor recurso administrativo no per\u00edodo de 01 a 07 de julho de 2016. Nesse caso, o candidato deve abrir processo administrativo no Departamento de Arquivo Geral (Protocolo) da UFSM, Av. Roraima n. 1000, Pr\u00e9dio da Reitoria, sala t\u00e9rreo, em hor\u00e1rio de expediente e endere\u00e7ado \u00e0 Coordena\u00e7\u00e3o do Curso\/Colegiado do respectivo Programa de P\u00f3s-gradua\u00e7\u00e3o no qual se inscreveu. A abertura do processo administrativo dever\u00e1 ser feita pelo candidato ou por procurador habilitado. <\/span><\/span><\/p>\n<p>\u00a0<\/p>\n<p style=\"margin: 0cm; margin-bottom: .0001pt; text-align: justify; line-height: 18.0pt; background: white; vertical-align: baseline;\"><span style=\"font-size: 10.0pt; font-family: 'Tahoma','sans-serif';\">3.2.1 O candidato residente em outro Munic\u00edpio ou Estado poder\u00e1 enviar a solicita\u00e7\u00e3o de interposi\u00e7\u00e3o do recurso, pelo Correio (sedex) com data e carimbo de postagem, para o endere\u00e7o citado no edital espec\u00edfico no item 5 Documenta\u00e7\u00e3o necess\u00e1ria \u00e0 avalia\u00e7\u00e3o dos candidatos. Informa\u00e7\u00f5es adicionais poder\u00e3o ser obtidas na Secretaria do Curso espec\u00edfico\u201d. <span style=\"color: black;\">\u00a0<\/span><\/span><\/p>\n","protected":false},"excerpt":{"rendered":"<p>\u00a0 O Programa de P\u00f3s-Gradua\u00e7\u00e3o em Engenharia Agr\u00edcola torna p\u00fablica a listagem dos candidatos classificados na 1\u00aa etapa da sele\u00e7\u00e3o do edital 022\/2016 &#8211; PRPGP\/UFSM. A mesma pode ser acessada clicando\u00a0aqui.\u00a0 \u00a0 Os candidatos\u00a0n\u00e3o classificados\u00a0que quiserem solicitar a reavalia\u00e7\u00e3o do curr\u00edculo devem enviar um e-mail para\u00a0\u00a0ppgea@ufsm.br\u00a0no per\u00edodo de 10 a 14 de junho de 2016. [&hellip;]<\/p>\n","protected":false},"author":26,"featured_media":0,"comment_status":"closed","ping_status":"closed","sticky":false,"template":"","format":"standard","meta":{"footnotes":""},"categories":[1],"tags":[],"class_list":["post-335","post","type-post","status-publish","format-standard","hentry","category-sem-categoria"],"acf":[],"_links":{"self":[{"href":"https:\/\/www.ufsm.br\/cursos\/pos-graduacao\/santa-maria\/ppgea\/wp-json\/wp\/v2\/posts\/335","targetHints":{"allow":["GET"]}}],"collection":[{"href":"https:\/\/www.ufsm.br\/cursos\/pos-graduacao\/santa-maria\/ppgea\/wp-json\/wp\/v2\/posts"}],"about":[{"href":"https:\/\/www.ufsm.br\/cursos\/pos-graduacao\/santa-maria\/ppgea\/wp-json\/wp\/v2\/types\/post"}],"author":[{"embeddable":true,"href":"https:\/\/www.ufsm.br\/cursos\/pos-graduacao\/santa-maria\/ppgea\/wp-json\/wp\/v2\/users\/26"}],"replies":[{"embeddable":true,"href":"https:\/\/www.ufsm.br\/cursos\/pos-graduacao\/santa-maria\/ppgea\/wp-json\/wp\/v2\/comments?post=335"}],"version-history":[{"count":0,"href":"https:\/\/www.ufsm.br\/cursos\/pos-graduacao\/santa-maria\/ppgea\/wp-json\/wp\/v2\/posts\/335\/revisions"}],"wp:attachment":[{"href":"https:\/\/www.ufsm.br\/cursos\/pos-graduacao\/santa-maria\/ppgea\/wp-json\/wp\/v2\/media?parent=335"}],"wp:term":[{"taxonomy":"category","embeddable":true,"href":"https:\/\/www.ufsm.br\/cursos\/pos-graduacao\/santa-maria\/ppgea\/wp-json\/wp\/v2\/categories?post=335"},{"taxonomy":"post_tag","embeddable":true,"href":"https:\/\/www.ufsm.br\/cursos\/pos-graduacao\/santa-maria\/ppgea\/wp-json\/wp\/v2\/tags?post=335"}],"curies":[{"name":"wp","href":"https:\/\/api.w.org\/{rel}","templated":true}]}}