{"id":390,"date":"2017-06-28T10:13:16","date_gmt":"2017-06-28T13:13:16","guid":{"rendered":"https:\/\/www.ufsm.br\/cursos\/pos-graduacao\/santa-maria\/ppgec\/2017\/06\/28\/abertura-de-inscricao-a-categoria-de-aluno-especial-i-em-disciplinas-de-pos-graduacao-para-o-2-semestre-letivo-de-2017\/"},"modified":"2017-06-28T10:13:16","modified_gmt":"2017-06-28T13:13:16","slug":"abertura-de-inscricao-a-categoria-de-aluno-especial-i-em-disciplinas-de-pos-graduacao-para-o-2-semestre-letivo-de-2017","status":"publish","type":"post","link":"https:\/\/www.ufsm.br\/cursos\/pos-graduacao\/santa-maria\/ppgec\/2017\/06\/28\/abertura-de-inscricao-a-categoria-de-aluno-especial-i-em-disciplinas-de-pos-graduacao-para-o-2-semestre-letivo-de-2017","title":{"rendered":"ABERTURA DE INSCRI\u00c7\u00c3O \u00c0 CATEGORIA DE ALUNO ESPECIAL I EM DISCIPLINAS DE P\u00d3S-GRADUA\u00c7\u00c3O PARA O 2\u00ba SEMESTRE LETIVO DE 2017"},"content":{"rendered":"<p>O Diretor do Departamento de Registro e Controle Acad\u00eamico e o Pr\u00f3-Reitor de P\u00f3s-Gradua\u00e7\u00e3o e Pesquisa tornam p\u00fablico que, no per\u00edodo de 03 a 07 de julho de 2017, estar\u00e3o abertas as inscri\u00e7\u00f5es \u00e0 solicita\u00e7\u00e3o de matr\u00edcula na categoria de Aluno Especial I de P\u00f3s-Gradua\u00e7\u00e3o, para o 2\u00ba semestre letivo de 2017<\/p>\n<p><a href=\"link:&lt;a href=\">http:\/\/site.ufsm.br\/arquivos\/uploaded\/editais\/8cc57b3e-b984-4e7f-b8c4-51bbc4a4834c.pdf<\/a>&#8220;&gt;link:<a href=\"https:\/\/www.ufsm.br\/cursos\/pos-graduacao\/santa-maria\/ppgec\/wp-content\/uploads\/sites\/550\/2017\/06\/8cc57b3e-b984-4e7f-b8c4-51bbc4a4834c.pdf\">http:\/\/site.ufsm.br\/arquivos\/uploaded\/editais\/8cc57b3e-b984-4e7f-b8c4-51bbc4a4834c.pdf<\/a><\/p>\n<p>Fonte: UFSM&gt; Editais<\/p>\n<p>&nbsp;<\/p>\n","protected":false},"excerpt":{"rendered":"<p>O Diretor do Departamento de Registro e Controle Acad\u00eamico e o Pr\u00f3-Reitor de P\u00f3s-Gradua\u00e7\u00e3o e Pesquisa tornam p\u00fablico que, no per\u00edodo de 03 a 07 de julho de 2017, estar\u00e3o abertas as inscri\u00e7\u00f5es \u00e0 solicita\u00e7\u00e3o de matr\u00edcula na categoria de Aluno Especial I de P\u00f3s-Gradua\u00e7\u00e3o, para o 2\u00ba semestre letivo de 2017 http:\/\/site.ufsm.br\/arquivos\/uploaded\/editais\/8cc57b3e-b984-4e7f-b8c4-51bbc4a4834c.pdf&#8220;&gt;link:http:\/\/site.ufsm.br\/arquivos\/uploaded\/editais\/8cc57b3e-b984-4e7f-b8c4-51bbc4a4834c.pdf Fonte: UFSM&gt; [&hellip;]<\/p>\n","protected":false},"author":25,"featured_media":0,"comment_status":"closed","ping_status":"closed","sticky":false,"template":"","format":"standard","meta":{"footnotes":""},"categories":[2],"tags":[],"class_list":["post-390","post","type-post","status-publish","format-standard","hentry","category-noticias"],"acf":[],"_links":{"self":[{"href":"https:\/\/www.ufsm.br\/cursos\/pos-graduacao\/santa-maria\/ppgec\/wp-json\/wp\/v2\/posts\/390","targetHints":{"allow":["GET"]}}],"collection":[{"href":"https:\/\/www.ufsm.br\/cursos\/pos-graduacao\/santa-maria\/ppgec\/wp-json\/wp\/v2\/posts"}],"about":[{"href":"https:\/\/www.ufsm.br\/cursos\/pos-graduacao\/santa-maria\/ppgec\/wp-json\/wp\/v2\/types\/post"}],"author":[{"embeddable":true,"href":"https:\/\/www.ufsm.br\/cursos\/pos-graduacao\/santa-maria\/ppgec\/wp-json\/wp\/v2\/users\/25"}],"replies":[{"embeddable":true,"href":"https:\/\/www.ufsm.br\/cursos\/pos-graduacao\/santa-maria\/ppgec\/wp-json\/wp\/v2\/comments?post=390"}],"version-history":[{"count":0,"href":"https:\/\/www.ufsm.br\/cursos\/pos-graduacao\/santa-maria\/ppgec\/wp-json\/wp\/v2\/posts\/390\/revisions"}],"wp:attachment":[{"href":"https:\/\/www.ufsm.br\/cursos\/pos-graduacao\/santa-maria\/ppgec\/wp-json\/wp\/v2\/media?parent=390"}],"wp:term":[{"taxonomy":"category","embeddable":true,"href":"https:\/\/www.ufsm.br\/cursos\/pos-graduacao\/santa-maria\/ppgec\/wp-json\/wp\/v2\/categories?post=390"},{"taxonomy":"post_tag","embeddable":true,"href":"https:\/\/www.ufsm.br\/cursos\/pos-graduacao\/santa-maria\/ppgec\/wp-json\/wp\/v2\/tags?post=390"}],"curies":[{"name":"wp","href":"https:\/\/api.w.org\/{rel}","templated":true}]}}