{"id":1037,"date":"2026-09-03T09:34:16","date_gmt":"2026-09-03T12:34:16","guid":{"rendered":"https:\/\/www.ufsm.br\/cursos\/pos-graduacao\/santa-maria\/ppgecam\/?p=1037"},"modified":"2026-09-04T15:23:53","modified_gmt":"2026-09-04T18:23:53","slug":"selecao-de-bolsistas-doutorado-sanduiche-no-exterior-dse-e-professor-visitante-no-brasil-pvb","status":"publish","type":"post","link":"https:\/\/www.ufsm.br\/cursos\/pos-graduacao\/santa-maria\/ppgecam\/2026\/09\/03\/selecao-de-bolsistas-doutorado-sanduiche-no-exterior-dse-e-professor-visitante-no-brasil-pvb","title":{"rendered":"Sele\u00e7\u00e3o de Bolsistas &gt;&gt;&gt; DOUTORADO SANDU\u00cdCHE NO EXTERIOR (DSE) e PROFESSOR VISITANTE NO BRASIL (PVB) &#8211; Inscri\u00e7\u00f5es at\u00e9 8 de setembro"},"content":{"rendered":"\n\n\n<p style=\"text-align: justify\"><strong>=&gt;<\/strong> O PPGECAM oferta 2 vagas relacionadas ao &#8220;TEMA 2 &#8211; Transi\u00e7\u00e3o Energ\u00e9tica, Materiais e Tecnologias Limpas&#8221;.<\/p>\n<p>Acesse o Edital n. 001\/2026: <a href=\"https:\/\/www.ufsm.br\/cursos\/pos-graduacao\/santa-maria\/ppgecam\/editais\/001-2026-2\" target=\"_blank\" rel=\"noopener\">https:\/\/www.ufsm.br\/cursos\/pos-graduacao\/santa-maria\/ppgecam\/editais\/001-2026-2<\/a><\/p>\n<p style=\"text-align: justify\">As inscri\u00e7\u00f5es ocorrem de 27\/8 a <strong>08\/09\/2026<\/strong> enviando por e-mail a documenta\u00e7\u00e3o obrigat\u00f3ria ao <a href=\"mailto:ppgecam@ufsm.br\" target=\"_blank\" rel=\"noopener\">ppgecam@ufsm.br<\/a>.<\/p>\n<p style=\"text-align: justify\"><strong>DOUTORADO SANDU\u00cdCHE NO EXTERIOR (DSE), <\/strong>destinados a doutorandos do PPGECAM, na tem\u00e1tica de pesquisa de &#8220;Engenharia Civil e Ambiental&#8221;, dura\u00e7\u00e3o de 6 meses para o in\u00edcio de atividades entre os meses de mar\u00e7o e abril\/2026.<br \/>Os requisitos para a vaga constam no edital.<\/p>\n<p style=\"text-align: justify\"><strong>PROFESSOR VISITANTE NO BRASIL (PVB)<\/strong> na tem\u00e1tica de pesquisa de &#8220;Materiais de Constru\u00e7\u00e3o Civil &#8220;, dura\u00e7\u00e3o de 1 m\u00eas para o in\u00edcio de atividades entre os meses de mar\u00e7o a junho\/2026.<br \/>Requisitos para a vaga:\u00a0<br \/>O(A) candidato(a) deve ser pesquisador(a) ou docente com t\u00edtulo de doutorado e atender aos<br \/>seguintes requisitos, conforme as regras do Programa CAPES-Global.edu:<br \/>2.1.1. Possuir t\u00edtulo de doutor ou equivalente;<br \/>2.1.2. Residir no exterior;<br \/>2.1.3. Ter reconhecida compet\u00eancia como pesquisador(a) em sua \u00e1rea de atua\u00e7\u00e3o;<br \/>2.1.4. Ter produ\u00e7\u00e3o acad\u00eamica relevante, principalmente nos \u00faltimos cinco anos.<\/p>\n<p>Este edital \u00e9 destinado \u00e0 sele\u00e7\u00e3o de bolsistas em diferentes modalidades de bolsa no \u00e2mbito do <a href=\"https:\/\/www.gov.br\/capes\/pt-br\/acesso-a-informacao\/acoes-e-programas\/bolsas\/bolsas-e-auxilios-internacionais\/encontre-aqui\/paises\/multinacional\/programa-capes-global.edu\" target=\"_blank\" rel=\"noopener\">Programa CAPES-Global.edu,<\/a> <a href=\"https:\/\/www.ufsm.br\/projetos\/institucional\/capes-global\" target=\"_blank\" rel=\"noopener\">Rede Alian\u00e7a Inter-regional de Internacionaliza\u00e7\u00e3o,<\/a>\u00a0um dos grupos de projetos que a UFSM participa, conformidade com o <a href=\"https:\/\/www.gov.br\/capes\/pt-br\/acesso-a-informacao\/acoes-e-programas\/bolsas\/bolsas-e-auxilios-internacionais\/encontre-aqui\/paises\/multinacional\/programa-capes-global.edu\" target=\"_blank\" rel=\"noopener\">Edital n\u00ba 13\/2025 Programa CAPES-Global.edu<\/a> e legisla\u00e7\u00f5es vigentes.<\/p>\n","protected":false},"excerpt":{"rendered":"<p>Programa CAPES-Global.edu, Rede Alian\u00e7a Inter-regional de Internacionaliza\u00e7\u00e3o,\u00a0<\/p>\n","protected":false},"author":883,"featured_media":0,"comment_status":"closed","ping_status":"closed","sticky":false,"template":"","format":"standard","meta":{"footnotes":""},"categories":[1],"tags":[],"class_list":["post-1037","post","type-post","status-publish","format-standard","hentry","category-sem-categoria"],"acf":[],"_links":{"self":[{"href":"https:\/\/www.ufsm.br\/cursos\/pos-graduacao\/santa-maria\/ppgecam\/wp-json\/wp\/v2\/posts\/1037","targetHints":{"allow":["GET"]}}],"collection":[{"href":"https:\/\/www.ufsm.br\/cursos\/pos-graduacao\/santa-maria\/ppgecam\/wp-json\/wp\/v2\/posts"}],"about":[{"href":"https:\/\/www.ufsm.br\/cursos\/pos-graduacao\/santa-maria\/ppgecam\/wp-json\/wp\/v2\/types\/post"}],"author":[{"embeddable":true,"href":"https:\/\/www.ufsm.br\/cursos\/pos-graduacao\/santa-maria\/ppgecam\/wp-json\/wp\/v2\/users\/883"}],"replies":[{"embeddable":true,"href":"https:\/\/www.ufsm.br\/cursos\/pos-graduacao\/santa-maria\/ppgecam\/wp-json\/wp\/v2\/comments?post=1037"}],"version-history":[{"count":0,"href":"https:\/\/www.ufsm.br\/cursos\/pos-graduacao\/santa-maria\/ppgecam\/wp-json\/wp\/v2\/posts\/1037\/revisions"}],"wp:attachment":[{"href":"https:\/\/www.ufsm.br\/cursos\/pos-graduacao\/santa-maria\/ppgecam\/wp-json\/wp\/v2\/media?parent=1037"}],"wp:term":[{"taxonomy":"category","embeddable":true,"href":"https:\/\/www.ufsm.br\/cursos\/pos-graduacao\/santa-maria\/ppgecam\/wp-json\/wp\/v2\/categories?post=1037"},{"taxonomy":"post_tag","embeddable":true,"href":"https:\/\/www.ufsm.br\/cursos\/pos-graduacao\/santa-maria\/ppgecam\/wp-json\/wp\/v2\/tags?post=1037"}],"curies":[{"name":"wp","href":"https:\/\/api.w.org\/{rel}","templated":true}]}}