{"id":2348,"date":"2026-08-31T16:10:09","date_gmt":"2026-08-31T19:10:09","guid":{"rendered":"https:\/\/www.ufsm.br\/cursos\/pos-graduacao\/santa-maria\/ppged\/?p=2348"},"modified":"2026-08-31T16:11:18","modified_gmt":"2026-08-31T19:11:18","slug":"ppged-promove-xiii-seminario-de-jovens-pesquisadores-em-economia-e-desenvolvimento","status":"publish","type":"post","link":"https:\/\/www.ufsm.br\/cursos\/pos-graduacao\/santa-maria\/ppged\/2026\/08\/31\/ppged-promove-xiii-seminario-de-jovens-pesquisadores-em-economia-e-desenvolvimento","title":{"rendered":"PPGE&amp;D promove XIII Semin\u00e1rio de Jovens Pesquisadores em Economia e Desenvolvimento"},"content":{"rendered":"\n<p data-start=\"409\" data-end=\"727\"><img fetchpriority=\"high\" decoding=\"async\" class=\"alignleft size-full wp-image-2349\" src=\"https:\/\/www.ufsm.br\/app\/uploads\/sites\/533\/2026\/08\/Banner-evento-1.jpg\" alt=\"\" width=\"1920\" height=\"754\" srcset=\"https:\/\/www.ufsm.br\/app\/uploads\/sites\/533\/2026\/08\/Banner-evento-1.jpg 1920w, https:\/\/www.ufsm.br\/app\/uploads\/sites\/533\/2026\/08\/Banner-evento-1-300x118.jpg 300w, https:\/\/www.ufsm.br\/app\/uploads\/sites\/533\/2026\/08\/Banner-evento-1-1024x402.jpg 1024w, https:\/\/www.ufsm.br\/app\/uploads\/sites\/533\/2026\/08\/Banner-evento-1-768x302.jpg 768w, https:\/\/www.ufsm.br\/app\/uploads\/sites\/533\/2026\/08\/Banner-evento-1-1536x603.jpg 1536w\" sizes=\"(max-width: 1920px) 100vw, 1920px\" \/><\/p>\n<p class=\"PDq2pG_selectionAnchorContainer\" style=\"text-align: justify\" data-start=\"409\" data-end=\"727\">O <strong data-start=\"411\" data-end=\"525\">Programa de P\u00f3s-Gradua\u00e7\u00e3o em Economia e Desenvolvimento (PPGE&amp;D) da Universidade Federal de Santa Maria (UFSM)<\/strong> promove, nos dias <strong data-start=\"544\" data-end=\"574\">20 e 21 de outubro de 2026<\/strong>, a <strong data-start=\"578\" data-end=\"660\">XIII edi\u00e7\u00e3o do Semin\u00e1rio de Jovens Pesquisadores em Economia e Desenvolvimento<\/strong>, com o tema <strong data-start=\"673\" data-end=\"726\">\u201cDesenvolvimento, Pol\u00edticas P\u00fablicas e Bem-Estar\u201d<\/strong>.<\/p>\n<p style=\"text-align: justify\" data-start=\"729\" data-end=\"1027\">O evento constitui espa\u00e7o de integra\u00e7\u00e3o, debate e socializa\u00e7\u00e3o de pesquisas no campo da Economia e do Desenvolvimento, reunindo pesquisadores, docentes, discentes, egressos e demais interessados em discuss\u00f5es relacionadas ao desenvolvimento econ\u00f4mico e social, \u00e0s pol\u00edticas p\u00fablicas e ao bem-estar.<\/p>\n<p style=\"text-align: justify\" data-start=\"1029\" data-end=\"1340\">A programa\u00e7\u00e3o ser\u00e1 realizada no <strong data-start=\"1061\" data-end=\"1126\">Audit\u00f3rio do Centro de Ci\u00eancias Sociais e Humanas (CCSH\/UFSM)<\/strong> e contempla mesa de abertura, mesas tem\u00e1ticas, apresenta\u00e7\u00f5es de pesquisas em Economia e Desenvolvimento, mostra de atividades de inser\u00e7\u00e3o social e extens\u00e3o universit\u00e1ria, al\u00e9m da divulga\u00e7\u00e3o de trabalhos premiados.<\/p>\n<p style=\"text-align: justify\" data-start=\"1342\" data-end=\"1758\">Entre as atividades previstas est\u00e1 a mesa de abertura <strong data-start=\"1396\" data-end=\"1449\">\u201cDesenvolvimento, Pol\u00edticas P\u00fablicas e Bem-Estar\u201d<\/strong>, com a participa\u00e7\u00e3o do <strong data-start=\"1473\" data-end=\"1515\">Dr. Marco Tulio Aniceto Franca (PUCRS)<\/strong> e media\u00e7\u00e3o da <strong data-start=\"1530\" data-end=\"1558\">Dra. Kalinca L\u00e9ia Becker<\/strong>. A programa\u00e7\u00e3o tamb\u00e9m contar\u00e1 com a participa\u00e7\u00e3o de pesquisadoras egressas do PPGE&amp;D e de pesquisadores convidados, promovendo a interlocu\u00e7\u00e3o entre diferentes experi\u00eancias e perspectivas de pesquisa.<\/p>\n<p style=\"text-align: justify\" data-start=\"1760\" data-end=\"2087\">No segundo dia do Semin\u00e1rio ser\u00e3o realizadas sess\u00f5es de apresenta\u00e7\u00e3o de pesquisas nas \u00e1reas de <strong data-start=\"1855\" data-end=\"2012\">Institui\u00e7\u00f5es, Inova\u00e7\u00e3o e Desenvolvimento; Com\u00e9rcio, Desenvolvimento Regional e Agroneg\u00f3cio; e Economia Social, Desigualdade e Desenvolvimento Sustent\u00e1vel<\/strong>, al\u00e9m de atividades voltadas \u00e0 inser\u00e7\u00e3o social e \u00e0 extens\u00e3o universit\u00e1ria.<\/p>\n<h3 style=\"text-align: justify\" data-section-id=\"q7sryy\" data-start=\"2089\" data-end=\"2128\"><a href=\"https:\/\/portal.ufsm.br\/concursos\/inscricao\/opcoes.html?edicao=5278\">Inscri\u00e7\u00f5es e submiss\u00e3o de trabalhos<\/a><\/h3>\n<p style=\"text-align: justify\" data-start=\"2130\" data-end=\"2315\">As informa\u00e7\u00f5es sobre <strong data-start=\"2151\" data-end=\"2250\">inscri\u00e7\u00f5es, submiss\u00e3o de trabalhos, programa\u00e7\u00e3o completa e demais orienta\u00e7\u00f5es para participa\u00e7\u00e3o<\/strong> est\u00e3o dispon\u00edveis na p\u00e1gina oficial do evento no site do PPGE&amp;D.<\/p>\n<p style=\"text-align: justify\" data-start=\"2317\" data-end=\"2472\"><strong data-start=\"2317\" data-end=\"2472\">\ud83d\udccc<a href=\"https:\/\/www.ufsm.br\/cursos\/pos-graduacao\/santa-maria\/ppged\/eventos\/xiii-seminario-de-jovens-pesquisadores-em-economia-e-desenvolvimento\"> Confira a programa\u00e7\u00e3o completa e as informa\u00e7\u00f5es para participa\u00e7\u00e3o na p\u00e1gina do XIII Semin\u00e1rio de Jovens Pesquisadores em Economia e Desenvolviment<\/a>o.<\/strong><\/p>\n<p style=\"text-align: justify\" data-start=\"2474\" data-end=\"2708\">O evento \u00e9 uma realiza\u00e7\u00e3o do <strong data-start=\"2503\" data-end=\"2518\">PPGE&amp;D\/UFSM<\/strong>, com apoio do <strong data-start=\"2533\" data-end=\"2613\">CCSH, da UFSM e do Departamento de Economia e Rela\u00e7\u00f5es Internacionais (DERI)<\/strong> e financiamento da <strong data-start=\"2633\" data-end=\"2707\">Funda\u00e7\u00e3o de Amparo \u00e0 Pesquisa do Estado do Rio Grande do Sul (FAPERGS)<\/strong>.<\/p>\n<p style=\"text-align: justify\" data-start=\"2474\" data-end=\"2708\">link para inscri\u00e7\u00f5es\/submiss\u00f5es;\u00a0<\/p>\n<p dir=\"ltr\" style=\"text-align: justify\"><a href=\"https:\/\/portal.ufsm.br\/concursos\/inscricao\/opcoes.html?edicao=5278\" target=\"_blank\" rel=\"noopener\" data-saferedirecturl=\"https:\/\/www.google.com\/url?q=https:\/\/portal.ufsm.br\/concursos\/inscricao\/opcoes.html?edicao%3D5278&amp;source=gmail&amp;ust=1788287040231000&amp;usg=AOvVaw1DfiPU8yVS1It4LpD0PNbB\">https:\/\/portal.ufsm.br\/<wbr \/>concursos\/inscricao\/opcoes.<wbr \/>html?edicao=5278<\/a><\/p>\n<p data-start=\"2474\" data-end=\"2708\">\u00a0<\/p>\n\n\n","protected":false},"excerpt":{"rendered":"<p>O Programa de P\u00f3s-Gradua\u00e7\u00e3o em Economia e Desenvolvimento (PPGE&amp;D) da Universidade Federal de Santa Maria (UFSM) promove, nos dias 20 e 21 de outubro de 2026, a XIII edi\u00e7\u00e3o do Semin\u00e1rio de Jovens Pesquisadores em Economia e Desenvolvimento, com o tema \u201cDesenvolvimento, Pol\u00edticas P\u00fablicas e Bem-Estar\u201d. O evento constitui espa\u00e7o de integra\u00e7\u00e3o, debate e socializa\u00e7\u00e3o [&hellip;]<\/p>\n","protected":false},"author":905,"featured_media":0,"comment_status":"closed","ping_status":"closed","sticky":false,"template":"","format":"standard","meta":{"footnotes":""},"categories":[9,22,2],"tags":[],"class_list":["post-2348","post","type-post","status-publish","format-standard","hentry","category-destaques","category-eventos","category-noticias"],"acf":[],"_links":{"self":[{"href":"https:\/\/www.ufsm.br\/cursos\/pos-graduacao\/santa-maria\/ppged\/wp-json\/wp\/v2\/posts\/2348","targetHints":{"allow":["GET"]}}],"collection":[{"href":"https:\/\/www.ufsm.br\/cursos\/pos-graduacao\/santa-maria\/ppged\/wp-json\/wp\/v2\/posts"}],"about":[{"href":"https:\/\/www.ufsm.br\/cursos\/pos-graduacao\/santa-maria\/ppged\/wp-json\/wp\/v2\/types\/post"}],"author":[{"embeddable":true,"href":"https:\/\/www.ufsm.br\/cursos\/pos-graduacao\/santa-maria\/ppged\/wp-json\/wp\/v2\/users\/905"}],"replies":[{"embeddable":true,"href":"https:\/\/www.ufsm.br\/cursos\/pos-graduacao\/santa-maria\/ppged\/wp-json\/wp\/v2\/comments?post=2348"}],"version-history":[{"count":0,"href":"https:\/\/www.ufsm.br\/cursos\/pos-graduacao\/santa-maria\/ppged\/wp-json\/wp\/v2\/posts\/2348\/revisions"}],"wp:attachment":[{"href":"https:\/\/www.ufsm.br\/cursos\/pos-graduacao\/santa-maria\/ppged\/wp-json\/wp\/v2\/media?parent=2348"}],"wp:term":[{"taxonomy":"category","embeddable":true,"href":"https:\/\/www.ufsm.br\/cursos\/pos-graduacao\/santa-maria\/ppged\/wp-json\/wp\/v2\/categories?post=2348"},{"taxonomy":"post_tag","embeddable":true,"href":"https:\/\/www.ufsm.br\/cursos\/pos-graduacao\/santa-maria\/ppged\/wp-json\/wp\/v2\/tags?post=2348"}],"curies":[{"name":"wp","href":"https:\/\/api.w.org\/{rel}","templated":true}]}}