{"id":2378,"date":"2026-09-04T12:55:57","date_gmt":"2026-09-04T15:55:57","guid":{"rendered":"https:\/\/www.ufsm.br\/cursos\/pos-graduacao\/santa-maria\/ppged\/?p=2378"},"modified":"2026-09-04T12:55:59","modified_gmt":"2026-09-04T15:55:59","slug":"defesa-de-mestrado-rogerio-mosse-meque-jinga","status":"publish","type":"post","link":"https:\/\/www.ufsm.br\/cursos\/pos-graduacao\/santa-maria\/ppged\/2026\/09\/04\/defesa-de-mestrado-rogerio-mosse-meque-jinga","title":{"rendered":"Defesa de mestrado \u2013 Rog\u00e9rio Mosse Meque Jinga"},"content":{"rendered":"\n<p style=\"text-align: justify\">O Programa de P\u00f3s-Gradua\u00e7\u00e3o em\u00a0<strong><b>Economia &amp; Desenvolvimento<\/b><\/strong> divulga a banca de defesa de <strong><b>mestrado\u00a0<\/b><\/strong>do aluno<strong><b> Rog\u00e9rio Mosse Meque Jinga<\/b><\/strong>, intitulada\u00a0<strong><b>\u201cAnalise da Pobreza, Desigualdades e Desenvolvimento Humano em Mo\u00e7ambique de 1990 e 2023\u201d<\/b><\/strong>, que ser\u00e1 realizada no dia\u00a0<strong><b>11\/09\/2026<\/b><\/strong>, \u00e0s as 14 horas, <strong><b>local UFSM.\u00a0<\/b><\/strong><\/p>\n<p style=\"text-align: justify\">A comunidade acad\u00eamica est\u00e1 convidada a prestigiar a atividade.<\/p>\n<p dir=\"ltr\" style=\"text-align: justify\">Aten\u00e7\u00e3o:\u00a0O \u00a0PPGED n\u00e3o emite atestado de ouvinte das bancas de qualifica\u00e7\u00e3o e defesa final.<\/p>\n<p dir=\"ltr\" style=\"text-align: justify\">\u00a0<\/p>\n<p dir=\"ltr\" style=\"text-align: justify\">Local: UFSM | Defesa h\u00edbrida: Sala 4252 &#8211; Pr\u00e9dio 74C | Link de acesso mediante solicita\u00e7\u00e3o para o e-mail: <a href=\"mailto:rogeriojinga92@gmail.com\" target=\"_blank\" rel=\"noopener\">rogeriojinga92@gmail.com<\/a>\u00a0<\/p>\n<p dir=\"ltr\">\u00a0<\/p>\n<p dir=\"ltr\"><img fetchpriority=\"high\" decoding=\"async\" class=\"alignleft size-full wp-image-2379\" src=\"https:\/\/www.ufsm.br\/app\/uploads\/sites\/533\/2026\/09\/PPGED-D.-Mestrado-Rogerio-Mosse-Meque-Jinga.jpg\" alt=\"\" width=\"1080\" height=\"1080\" srcset=\"https:\/\/www.ufsm.br\/app\/uploads\/sites\/533\/2026\/09\/PPGED-D.-Mestrado-Rogerio-Mosse-Meque-Jinga.jpg 1080w, https:\/\/www.ufsm.br\/app\/uploads\/sites\/533\/2026\/09\/PPGED-D.-Mestrado-Rogerio-Mosse-Meque-Jinga-300x300.jpg 300w, https:\/\/www.ufsm.br\/app\/uploads\/sites\/533\/2026\/09\/PPGED-D.-Mestrado-Rogerio-Mosse-Meque-Jinga-1024x1024.jpg 1024w, https:\/\/www.ufsm.br\/app\/uploads\/sites\/533\/2026\/09\/PPGED-D.-Mestrado-Rogerio-Mosse-Meque-Jinga-150x150.jpg 150w, https:\/\/www.ufsm.br\/app\/uploads\/sites\/533\/2026\/09\/PPGED-D.-Mestrado-Rogerio-Mosse-Meque-Jinga-768x768.jpg 768w\" sizes=\"(max-width: 1080px) 100vw, 1080px\" \/><\/p>\n","protected":false},"excerpt":{"rendered":"<p>O Programa de P\u00f3s-Gradua\u00e7\u00e3o em\u00a0Economia &amp; Desenvolvimento divulga a banca de defesa de mestrado\u00a0do aluno Rog\u00e9rio Mosse Meque Jinga, intitulada\u00a0\u201cAnalise da Pobreza, Desigualdades e Desenvolvimento Humano em Mo\u00e7ambique de 1990 e 2023\u201d, que ser\u00e1 realizada no dia\u00a011\/09\/2026, \u00e0s as 14 horas, local UFSM.\u00a0 A comunidade acad\u00eamica est\u00e1 convidada a prestigiar a atividade. Aten\u00e7\u00e3o:\u00a0O \u00a0PPGED n\u00e3o [&hellip;]<\/p>\n","protected":false},"author":905,"featured_media":0,"comment_status":"closed","ping_status":"closed","sticky":false,"template":"","format":"standard","meta":{"footnotes":""},"categories":[88,9,2],"tags":[],"class_list":["post-2378","post","type-post","status-publish","format-standard","hentry","category-defesas","category-destaques","category-noticias"],"acf":[],"_links":{"self":[{"href":"https:\/\/www.ufsm.br\/cursos\/pos-graduacao\/santa-maria\/ppged\/wp-json\/wp\/v2\/posts\/2378","targetHints":{"allow":["GET"]}}],"collection":[{"href":"https:\/\/www.ufsm.br\/cursos\/pos-graduacao\/santa-maria\/ppged\/wp-json\/wp\/v2\/posts"}],"about":[{"href":"https:\/\/www.ufsm.br\/cursos\/pos-graduacao\/santa-maria\/ppged\/wp-json\/wp\/v2\/types\/post"}],"author":[{"embeddable":true,"href":"https:\/\/www.ufsm.br\/cursos\/pos-graduacao\/santa-maria\/ppged\/wp-json\/wp\/v2\/users\/905"}],"replies":[{"embeddable":true,"href":"https:\/\/www.ufsm.br\/cursos\/pos-graduacao\/santa-maria\/ppged\/wp-json\/wp\/v2\/comments?post=2378"}],"version-history":[{"count":0,"href":"https:\/\/www.ufsm.br\/cursos\/pos-graduacao\/santa-maria\/ppged\/wp-json\/wp\/v2\/posts\/2378\/revisions"}],"wp:attachment":[{"href":"https:\/\/www.ufsm.br\/cursos\/pos-graduacao\/santa-maria\/ppged\/wp-json\/wp\/v2\/media?parent=2378"}],"wp:term":[{"taxonomy":"category","embeddable":true,"href":"https:\/\/www.ufsm.br\/cursos\/pos-graduacao\/santa-maria\/ppged\/wp-json\/wp\/v2\/categories?post=2378"},{"taxonomy":"post_tag","embeddable":true,"href":"https:\/\/www.ufsm.br\/cursos\/pos-graduacao\/santa-maria\/ppged\/wp-json\/wp\/v2\/tags?post=2378"}],"curies":[{"name":"wp","href":"https:\/\/api.w.org\/{rel}","templated":true}]}}