{"id":942,"date":"2017-10-20T10:38:40","date_gmt":"2017-10-20T12:38:40","guid":{"rendered":"https:\/\/www.ufsm.br\/cursos\/pos-graduacao\/santa-maria\/ppged\/?p=942"},"modified":"2020-09-21T10:39:39","modified_gmt":"2020-09-21T13:39:39","slug":"errata-lista-geral-de-trabalhos-selecionados","status":"publish","type":"post","link":"https:\/\/www.ufsm.br\/cursos\/pos-graduacao\/santa-maria\/ppged\/2017\/10\/20\/errata-lista-geral-de-trabalhos-selecionados","title":{"rendered":"Errata: LISTA GERAL DE TRABALHOS SELECIONADOS"},"content":{"rendered":"\n<p>Com enorme satisfa\u00e7\u00e3o anunciamos a lista de trabalhos selecionados para o V Semin\u00e1rio de Jovens Pesquisadores em Economia e Desenvolvimento.<\/p>\n<p>Lembramos a todos que as\u00a0<a href=\"https:\/\/docs.google.com\/forms\/d\/e\/1FAIpQLSczyXqhCjobT01GVaS19vjYwielm6u-WCeD50ALtB9RKLsUtQ\/viewform\" target=\"_blank\" rel=\"noopener noreferrer\">inscri\u00e7\u00f5es<\/a>\u00a0seguem abertas at\u00e9 o dia 09\/11.<\/p>\n<p>\u00a0<\/p>\n<p>Lista de trabalhos aprovados:<\/p>\n<p><strong>MICROECONOMIA, ECONOMIA INDUSTRIAL E ECONOMIA DA INOVA\u00c7\u00c3O<\/strong><\/p>\n<p><strong>ROTINAS PARA INOVAR: UMA AN\u00c1LISE DE FIRMAS INDUSTRIAIS DO RIO GRANDE DO SUL\u00a0<\/strong>&#8211; MARIA LU\u00cdSA LACERDA ALBERT\u00c3O; JANA\u00cdNA RUFFONI. FERNANDA MACIEL REICHERT<\/p>\n<p><strong>O PROCESSO DE GERA\u00c7\u00c3O E DIFUS\u00c3O DE CONHECIMENTOS NA RELA\u00c7\u00c3O UNIVERSIDADE-EMPRESA: GRUPOS DE PESQUISA DE ENGENHARIAS DA UFSM<\/strong>\u00a0&#8211; RIGO, LUANA; GEREMIA, FABIANO<\/p>\n<p><strong>POL\u00cdTICA INDUSTRIL PARA O SETOR AUTOMOBIL\u00cdSITCO ENTRE 2000 E 2015 &#8211;\u00a0<\/strong>PATRICIA KISCHNER; THALES DE OLIVEIRA COSTA VIEGAS<\/p>\n<p><strong>FUNDAMENTOS TE\u00d3RICOS DAS FIRMAS INOVADORAS\u00a0<\/strong>&#8211; THAYARA C. SANTOS; J\u00daLIO E. ROHENKOHL<\/p>\n<p><strong>INOVA\u00c7\u00c3O NAS EMPRESAS DE SERVI\u00c7OS DO MUNIC\u00cdPIO DE PALMEIRA DAS MISS\u00d5ES-RS &#8211;<\/strong>\u00a0ALINE BATTISTI; THALES DE OLIVEIRA COSTA VIEGAS; ELAINE FERREIRA; L\u00cdDIA SILVEIRA ARANTES<\/p>\n<p><strong>COMPETITIVIDADE DAS EMPRESAS DO SETOR METAL MEC\u00c2NICO DE PANAMBI-RS A LUZ DAS CINCO FOR\u00c7AS DE PORTER\u00a0<\/strong>&#8211; ELISANGELA GELATTI; NILSON LUIZ COSTA; TANICE ANDREATTA; MAIARA THA\u00cdS TOLFO GABBI; REQUIELE APARECIDA MARTINS BARBOZA<\/p>\n<p><strong>ESTRUTURA PATENT\u00c1RIA DA UFRGS &#8211;<\/strong>\u00a0AZIZ EDUARDO CALZOLAIO; ANA PAULA MATEI; JAIME POHLMANN; DEIVID ILECKI FORGIARINI; HEITOR JOS\u00c9 CADEMARTORI MENDINA; ALEXANDRE DE SOUZA GARCIA<\/p>\n<p><strong>ATRIBUITOS INTERNOS DA FIRMA: UMA REVIS\u00c3O DA TEORIA DOS RECURSOS \u2013<\/strong>\u00a0EDUARDO SOUZA<\/p>\n<p><strong>TRAJET\u00d3RIA TECNOL\u00d3GICA: UMA BREVE REVIS\u00c3O DE SEMICONDUTORES<\/strong>\u00a0&#8211; ALEXANDRE RICARDO DE ARAG\u00c3O BATISTA; RICARDO SIGALLA; DENISE GOMES DE GOMES<\/p>\n<p><strong>SISTEMA PRODUTIVO DE F\u00c1RMACOS E MEDICAMENTOS BRASILEIRO: DIN\u00c2MICA COMPETITIVA E POL\u00cdTICAS P\u00daBLICAS DE APOIO NO PER\u00cdODO RECENTE &#8211;<\/strong>\u00a0NEIS, ANDRESSA; GEREMIA, FABIANO<\/p>\n<p><strong>ABORDAGEM EVOLUTIVA DE ATIVIDADES ECON\u00d4MICAS DO APL POLO DE DEFESA DE SANTA MARIA \u2013 RIO GRANDE DO SUL (RS)<\/strong>\u00a0&#8211; FLAMINO, LEANDRO G.; GEREMIA, FABIANO<\/p>\n<p><strong>POL\u00cdTICA INDUSTRIAL PARA O SETOR AUTOMOBIL\u00cdSITCO ENTRE 2000 E 2015 &#8211;<\/strong>\u00a0PATRICIA KISCHNER; THALES DE OLIVEIRA COSTA VIEGAS<\/p>\n<p><strong>O COMPLEXO QU\u00cdMICO BRASILEIRO NAS CADEIAS GLOBAIS DE VALOR: UM ESTUDO EMP\u00cdRICO DE ESPECIALIZA\u00c7\u00c3O VERTICAL DO PER\u00cdODO 2000-2013<\/strong>\u00a0&#8211; STORTI, DIENIFER R. F; PEREIRA, ADRIANO J.<\/p>\n<p><strong>PROCESSO DE RECRUTAMENTO NA EMPRESA RIMARM\u00d3VEIS &#8211;\u00a0<\/strong>PES, CARINE B. ; WESZ, FERNANDA T.; DA SILVA, RODRIGO B.; AN\u00c9SE, ROG\u00c9RIO L.R.<\/p>\n<p><strong>UMA AN\u00c1LISE DE CAPITAL E TRABALHO NO SETOR DE SERVI\u00c7OS PARA O BRASIL &#8211;\u00a0<\/strong>ALEXANDRE RICARDO DE ARAG\u00c3O BATISTA;FRANCISCO MARTINS MOREIRA; AL\u00c9CIO ROMERO GON\u00c7ALVES<\/p>\n<p><strong>A ORGANIZA\u00c7\u00c3O DA IND\u00daSTRIA BRASILEIRA DE TABACO PELO MODELO ESTRUTURA-CONDUTA-DESEMPENHO &#8211;\u00a0<\/strong>TANISE DIAS FREITAS; DIENIFER REGINA FORTES STORT; DIOGO ALBERTO DE MORAES; J\u00daLIO EDUARDO ROHENKOHL<\/p>\n<p>\u00a0<\/p>\n<p><strong>MACROECONOMIA E ECONOMIA INTERNACIONAL<\/strong><\/p>\n<p><strong>O PIB E O MERCADO DE TRABALHO INFORMAL NO BRASIL\u00a0<\/strong>&#8211; NIENOW, MATHEUSN; MASSUQUETTI, ANG\u00c9LICA<\/p>\n<p><strong>CR\u00c9DITO CONSIGNADO: DIN\u00c2MICA E AMPLIA\u00c7\u00c3O DAS CONDI\u00c7\u00d5ES DE FINANCIAMENTO (MARGEM DE CONSIGNA\u00c7\u00c3O E GARANTIAS &#8211;<\/strong>\u00a0GIULIA XISTO DE OLIVEIRA; DANIELLE KAUS DOTTO; REISOLI BENDER FILHO<\/p>\n<p><strong>ESTUDO DA CARGA TRIBUT\u00c1RIA BRUTA BRASILEIRA NO PER\u00cdODO DE 2005 AT\u00c9 2015-\u00a0<\/strong>AL\u00c9CIO ROMERO GON\u00c7ALVES1; J\u00c9FERSON R\u00c9US DA SILVA SCHULZ; BRUNA TADIELO ZAJONZ<\/p>\n<p>\u00a0<\/p>\n<p><strong>ECONOMIA BRASILEIRA, HIST\u00d3RIA DO PENSAMENTO ECON\u00d4MICO E METODOLOGIA<\/strong><\/p>\n<p><strong>ESTUDO COMPARATIVO ENTRE O SISTEMA FRANC\u00caS DE AMORTIZA\u00c7\u00c3O E O M\u00c9TODO E AMORTIZA\u00c7\u00c3O A JUROS SIMPLES DE ZAPPA HOOG &#8211;\u00a0<\/strong>OSCAR ALBERTO MELO MUNDSTOCK<\/p>\n<p><strong>FUNDAMENTOS TE\u00d3RICOS E MORAIS DOS FISIOCRATAS &#8211;\u00a0<\/strong>IGOR CAVALLI; BRENO BORGES; PAULO MWANZA; J\u00daLIO EDUARDO ROHENKOHL<\/p>\n<p><strong>O \u201cMILAGRE ECON\u00d4MICO\u201d E A DITADURA MILITAR BRASILEIRA &#8211;<\/strong>\u00a0CISZAK, FELIPE L.; WACHHOLZ, THIAGO F.; COUTINHO, YURI B.<\/p>\n<p><strong>ASPECTOS B\u00c1SICOS DA CONTROV\u00c9RSIA MONET\u00c1RIA DO S\u00c9CULO XIX &#8211;\u00a0<\/strong>PEDRO DE MEDEIROS LEMOS; DARCY RAMOS DA SILVA NETO<\/p>\n<p><strong>O PADR\u00c3O DE DESENVOLVIMENTO DO CAPITALISMO NO BRASIL: O MODELO LIBERAL-PERIF\u00c9RICO &#8211;<\/strong>\u00a0PAULO S\u00c9RGIO SILVA SIPRIANO; DARCY RAMOS DA SILVA NETO<\/p>\n<p><strong>AS CRISES ECON\u00d4MICAS INTERNACIONAIS DA D\u00c9CADA DE 1990 E SEUS IMPACTOS NA ECONOMIA BRASILEIRA &#8211;<\/strong>\u00a0PIACENTINI, MARIA EDUARDA; FLORIO, BIBIANA POCHE; OLIVEIRA, SIBELE VASCONCELOS<\/p>\n<p><strong>ESTRAT\u00c9GIAS DE DESENVOLVIMENTO REGIONAL PARA MUNIC\u00cdPIOS DO COREDE FRONTEIRA NOROESTE &#8211;<\/strong>\u00a0RODRIGO FERNEDA; GUSTAVO PIVA GUAZZELLI; ALESSANDRA BIAVATI RIZZOTTO<\/p>\n<p>\u00a0<\/p>\n<p><strong>DESENVOLVIMENTO ECON\u00d4MICO E INSTITUI\u00c7\u00d5ES<\/strong><\/p>\n<p><strong>EMPREENDEDORISMO: UMA AN\u00c1LISE DO PERFIL DOS GESTORES &#8211;\u00a0<\/strong>ANA PAULA L\u00dcDTKE; MARCELO REGIS R\u00d6PKE L\u00dcDTKE<\/p>\n<p><strong>ECONOMIA SOCIAL: AN\u00c1LISE DA EVOLU\u00c7\u00c3O HIST\u00d3RIA DO CONCEITO DE TRABALHO E DAS RELA\u00c7\u00d5ES DO HOMEM COM A NOVA CONFIGURA\u00c7\u00c3O SOCIAL &#8211;\u00a0<\/strong>LUIZ AUGUSTO MARKOSKI<\/p>\n<p><strong>O POLO DE DEFESA E SEGURAN\u00c7A DE SANTA MARIA: INTELIG\u00caNCIA COMERCIAL, TECNOL\u00d3GICA E DE GOVERNAN\u00c7A &#8211;\u00a0<\/strong>BERWALDT, JULIO W. ; CASTELLANO DA SILVA, IGOR<\/p>\n<p><strong>A EVOLU\u00c7\u00c3O DO PENSAMENTO DA POBREZA E A VIS\u00c3O DA ECONOMIA COMPORTAMENTAL &#8211;\u00a0<\/strong>OHANNA LARISSA FRAGA PEREIRA; THIAGO MATHEUS DE PAULA SOUSA; CAROLINE LUCION PUCHALE; NAYARA FELIX TEIXEIRA<\/p>\n<p><strong>POBREZA MULTIDIMENSIONAL: UM ESTUDO DE CASO DAS PRIVA\u00c7\u00d5ES B\u00c1SICAS NA REGI\u00c3O NORDESTE DE SANTA MARIA\/RS\u00a0<\/strong>&#8211; CRISTI\u00c9LE DE ALMEIDA VIEIRA; DIOGO ALBERTO DE MORAES, CAROLINE LUCION PUCHALE; SIBELE VASCONCELOS DE OLIVEIRA; SOLANGE REGINA MARIN\u2019<\/p>\n<p><strong>POL\u00cdTICAS SOCIAIS E POBREZA NO BRASIL: DESAFIOS EM DIRE\u00c7\u00c3O AO DESENVOLVIMENTO HUMANO &#8211;\u00a0<\/strong>DARCY RAMOS DA SILVA NETO; SIBELE VASCONCELOS DE OLIVEIRA<\/p>\n<p><strong>S\u00cdNDROME CONG\u00caNITA DO V\u00cdRUS ZIKA E A POBREZA MULTIDIMENSIONAL: UMA APLICA\u00c7\u00c3O DO M\u00c9TODO ALKIRE-FOSTER COM AS M\u00c3ES PARAIBANAS &#8211;\u00a0<\/strong>EDNA PORTO DA SILVA; J\u00daLIO EDUARDO ROHENKOHL<\/p>\n<p><strong>DIFEREN\u00c7AS NOS N\u00cdVEIS DE ESCOLARIDADE POR FAIXA ET\u00c1RIA: UMA AN\u00c1LISE A PARTIR DAS LIBERDADES INSTRUMENTAIS DE AMARTYA SEN<\/strong>\u00a0&#8211; GUARESCHI, AMANDA; LOPES, INDAIA DIAS; RIZZOTTO, ALESSANDRA BIAVATI; KUHN, DANIELA DIAS<\/p>\n<p><strong>CIDADANIA, TERRA E DESENVOLVIMENTO NACIONAL: UM ESTUDO COMPARATIVO ENTRE AS CONSTITUI\u00c7\u00d5ES POL\u00cdTICAS DO BRASIL E ARGENTINA (1810-1910)\u00a0<\/strong>\u00a0&#8211; GABRIEL CHAVES AMORIM<\/p>\n<p>\u00a0<\/p>\n<p><strong>DESENVOLVIMENTO REGIONAL E URBANO<\/strong><\/p>\n<p><strong>A EXTRA\u00c7\u00c3O DE PEDRAS PRECIOSAS NA COMUNIDADE J\u00daLIO BORGES DE SALTO DO JACU\u00cd\/RS &#8211;<\/strong>\u00a0CARINE DALLA VALLE; BRUNA TADIELO ZAJONZ,<\/p>\n<p><strong>OS RECURSOS TIPO \u201cPORK BARREL\u201d E O REFLEXO NO DESENVOLVIMENTO DOS COREDES DO RIO GRANDE DO SUL &#8211;\u00a0<\/strong>CRISTIANO MARTINS VIEIRA; LUCIANO MARTINS VIEIRA<\/p>\n<p><strong>EVOLU\u00c7\u00c3O DE INDICADORES DE DESENVOLVIMENTO ECON\u00d4MICO NOS MUNIC\u00cdPIOS DO LITORAL NORTE DO RIO GRANDE DO SUL ENTRE 2000 E 2010 &#8211;<\/strong>\u00a0MARCELO MALLET SIQUEIRA CAMPOS; EDUARDO FIGUEIREDO DE SOUZA; NATALLY ARBOITE BERZAGUI; LUCAS \u00c2NGELO FRAGA DE OLIVEIRA<\/p>\n<p><strong>TRANSPORTE HIDROVI\u00c1RIO NA METADE SUL DO RS: OS INVESTIMENTOS E INCENTIVOS \u00c0 ADES\u00c3O DESTE MODAL FRENTE AO TRANSPORTE RODOVI\u00c1RIO DE CARGAS<\/strong>&#8211; GABRIEL MEIRELES SCHUG; ALISSON EDUARDO MAEHLER<\/p>\n<p><strong>CAPITALISMO PERIF\u00c9RICO E ALTERNATIVAS EMERGENTES NO MUNDO DO TRABALHO: A EXPERI\u00caNCIA DA ECONOMIA SOLID\u00c1RIA NO BRASIL &#8211;\u00a0<\/strong>TALITA J\u00c9SSICA DO NASCIMENTO DE ARA\u00daJO; SIBELE VASCONCELOS DE OLIVEIRA<\/p>\n<p><strong>O PRONAF EM TERRAS GA\u00daCHAS: UMA AN\u00c1LISE DO PROGRAMA NA AGRICULTURA FAMILIAR DO RIO GRANDE DO SUL &#8211;<\/strong>\u00a0VINICIUS FORTES<\/p>\n<p>\u00a0<\/p>\n<p><strong>ECONOMIA AGR\u00cdCOLA E ECONOMIA DO MEIO AMBIENTE<\/strong><\/p>\n<p><strong>COMERCIALIZA\u00c7\u00c3O DE REDU\u00c7\u00d5ES CERTIFICADAS DE EMISS\u00d5ES: UMA AN\u00c1LISE DA CERTIFICA\u00c7\u00c3O DOS PROJETOS EM ATERROS SANIT\u00c1RIOS NA ECONOMIA BRASILEIRA AT\u00c9 O ANO DE 2012 &#8211;<\/strong>\u00a0ANA PAULA PICHANI; ALEXANDRE REIS<\/p>\n<p><strong>BIOCOMBUST\u00cdVEIS E SEGURAN\u00c7A ALIMENTAR: ESTUDO A PARTIR DA PRODU\u00c7\u00c3O NACIONAL DE ALIMENTOS<\/strong>&#8211; BRUNA TADIELO ZAJONZ; TATIANA LANZA; RITA IN\u00caS PAETZHOLD PAULI; CLAILTON ATA\u00cdDES DE FREITAS<\/p>\n<p><strong>AN\u00c1LISE DAS PREFER\u00caNCIAS CONSUMIDOR DE HORTIFRUTIGRANJEIROS NO MUNIC\u00cdPIO DE PALMEIRA DAS MISS\u00d5ES (RS<\/strong>) &#8211; HAMMEL, ADI\u00c9LI DA LUZ; MAIC\u00c1 NERUSA, COSTA; NILSON LUIS;, ANDREATTA, TANICE; CIECHOWICZ, SANTOS, FREIRE, IZIS<\/p>\n<p><strong>OS 5 R\u2019S DA SUSTENTABILIDADE &#8211;\u00a0<\/strong>SAIONARA DA SILVA; ELAINE FERREIRA; CELIO ROESLER; DIEGO BORELLA; ELISANGELA GELATTI; FERNANDO BOELTER; PATRICK MENDES<\/p>\n<p><strong>AGRICULTURA DE BAIXO CARBONO NA REGI\u00c3O SUL DO BRASIL: UM ESTUDO DA IMPLEMENTA\u00c7\u00c3O DAS TECNOLOGIAS DE PRODU\u00c7\u00c3O SUSTENT\u00c1VEIS\u00a0<\/strong>&#8211; J\u00c9FERSON R\u00c9US DA SILVA SCHULZ; JANIS ELISA RUPPENTHAL<\/p>\n<p><strong>O PROBLEMA DO CARONA NA COOPERATIVA AGROPECU\u00c1RIA COTRISAL &#8211; NOVO BARREIRO\/RS &#8211;\u00a0<\/strong>GABRIEL MENEGAZZI DA CONCEI\u00c7\u00c3O, JEAN CARLOS DE OLIVEIRA MACHADO1, GUILHERME BARIVIERA<strong>;\u00a0<\/strong>LA\u00cdS CRISTINA SUSIN2, LAILA MAYARA DREBES<\/p>\n<p><strong>ECONOMIA CRIATIVA: IMPACTO IMPULSIONADOR DE RENDA PARA ENFRENTAR A CRISE\u00a0<\/strong>&#8211; L\u00dcDTKE, ANA PAULA ; L\u00dcDTKE, MARCELO R.R.<\/p>\n<p><strong>A IMPORT\u00c2NCIA VOLUNTARIA: ECONOMIA SOLID\u00c1RIA &#8211;<\/strong>\u00a0L\u00dcDTKE, ANA PAULA ; L\u00dcDTKE, MARCELO R.R.<\/p>\n<p><strong>AS RELA\u00c7\u00d5ES ENTRE OS COOPERADOS E A COOPAF NA PRODU\u00c7\u00c3O E COMERCIALIZA\u00c7\u00c3O DE MORANGOS &#8211;<\/strong>\u00a0RIZZATTO, WILLIAN C.;\u00a0 GUARESCHI, AMANDA;\u00a0 ALMEIDA, MARIZA DE; GARDELIN, JOAO P.<\/p>\n<p><strong>A EMERG\u00caNCIA DA ECONOMIA VERDE NO \u00c2MBITO DO DEBATE SOBRE O DESENVOLVIMENTO SUSTENT\u00c1VEL &#8211;\u00a0<\/strong>GUILHERME MARTINS RUVIARO E SIBELE VASCONCELOS DE OLIVEIRA<\/p>\n<p><strong>AN\u00c1LISE DOS MERCADOS AGROALIMENTARES E DA REPRESENTATIVIDADE DA AGRICULTURA FAMILIAR NO RIO GRANDE DO SUL &#8211;\u00a0<\/strong>DRABICK, JOSIELI S.; OLIVEIRA, SIBELE V. DE1; SILVA, GUSTAVO P.<\/p>\n<p><strong>SOLU\u00c7\u00d5ES TECNOL\u00d3GICAS NA AGRICULTURA FAMILIAR: MAPEAMENTO E AN\u00c1LISE<\/strong>.<strong>&#8211;\u00a0<\/strong>WILDE LOPES, GABRIEL, DALLA ROSA; KAU\u00ca A. HERMES<\/p>\n<p><strong>AN\u00c1LISE DO DESENVOLVIMENTO DOS MUNIC\u00cdPIOS DO ARRANJO PRODUTIVO LOCAL DA AGROIND\u00daSTRIA FAMILIAR DA REGI\u00c3O CELEIRO DO RIO GRANDE DO SUL\u00a0<\/strong>&#8211; RHODEN, ANG\u00c9LICA CRISTINA ; JANEQUE, RICARDINA ANT\u00d3NIO ; TOLFO, MAIARA THAIS ; CHRISTOFARI, LUCIANA FAGUNDES; LAGO, ADRIANO<\/p>\n<p><strong>MUDAN\u00c7AS CLIM\u00c1TICAS E IMPACTOS ECON\u00d4MICOS: AVALIA\u00c7\u00d5ES PARA O BRASIL.\u00a0<\/strong>&#8211; JOS\u00c9 DIEGO DE SOUSA DIAS; TALITA J\u00c9SSICA DO NASCIMENTO DE ARA\u00daJO<\/p>\n<p><strong>O TURISMO NO ESPA\u00c7O RURAL E O DESENVOLVIMENTO LOCAL: UM ESTUDO SOBRE S\u00c3O JO\u00c3O DOS MELLOS, J\u00daLIO DE CASTILHOS\/RS\u00a0<\/strong>&#8211; CARDOSO, MATEUS J. P.; PEREIRA, ADRIANO J.<\/p>\n<p>Para continuar acompanhando nossas not\u00edcias siga tamb\u00e9m a nossa p\u00e1gina no\u00a0<a href=\"https:\/\/www.facebook.com\/Seminariodeeconomiaufsm\/\" target=\"_blank\" rel=\"noopener noreferrer\">Facebook<\/a>.<\/p>\n<div class=\"bt-social-share bt-social-share-below\">\n<div class=\"bt-social-share-button bt-facebook-share-button\">\u00a0<\/div>\n<\/div>\n","protected":false},"excerpt":{"rendered":"<p>Com enorme satisfa\u00e7\u00e3o anunciamos a lista de trabalhos selecionados para o V Semin\u00e1rio de Jovens Pesquisadores em Economia e Desenvolvimento. Lembramos a todos que as\u00a0inscri\u00e7\u00f5es\u00a0seguem abertas at\u00e9 o dia 09\/11. \u00a0 Lista de trabalhos aprovados: MICROECONOMIA, ECONOMIA INDUSTRIAL E ECONOMIA DA INOVA\u00c7\u00c3O ROTINAS PARA INOVAR: UMA AN\u00c1LISE DE FIRMAS INDUSTRIAIS DO RIO GRANDE DO SUL\u00a0&#8211; [&hellip;]<\/p>\n","protected":false},"author":867,"featured_media":0,"comment_status":"closed","ping_status":"closed","sticky":false,"template":"","format":"standard","meta":{"footnotes":""},"categories":[22],"tags":[20],"class_list":["post-942","post","type-post","status-publish","format-standard","hentry","category-eventos","tag-jovenspesquisadores"],"acf":[],"_links":{"self":[{"href":"https:\/\/www.ufsm.br\/cursos\/pos-graduacao\/santa-maria\/ppged\/wp-json\/wp\/v2\/posts\/942","targetHints":{"allow":["GET"]}}],"collection":[{"href":"https:\/\/www.ufsm.br\/cursos\/pos-graduacao\/santa-maria\/ppged\/wp-json\/wp\/v2\/posts"}],"about":[{"href":"https:\/\/www.ufsm.br\/cursos\/pos-graduacao\/santa-maria\/ppged\/wp-json\/wp\/v2\/types\/post"}],"author":[{"embeddable":true,"href":"https:\/\/www.ufsm.br\/cursos\/pos-graduacao\/santa-maria\/ppged\/wp-json\/wp\/v2\/users\/867"}],"replies":[{"embeddable":true,"href":"https:\/\/www.ufsm.br\/cursos\/pos-graduacao\/santa-maria\/ppged\/wp-json\/wp\/v2\/comments?post=942"}],"version-history":[{"count":0,"href":"https:\/\/www.ufsm.br\/cursos\/pos-graduacao\/santa-maria\/ppged\/wp-json\/wp\/v2\/posts\/942\/revisions"}],"wp:attachment":[{"href":"https:\/\/www.ufsm.br\/cursos\/pos-graduacao\/santa-maria\/ppged\/wp-json\/wp\/v2\/media?parent=942"}],"wp:term":[{"taxonomy":"category","embeddable":true,"href":"https:\/\/www.ufsm.br\/cursos\/pos-graduacao\/santa-maria\/ppged\/wp-json\/wp\/v2\/categories?post=942"},{"taxonomy":"post_tag","embeddable":true,"href":"https:\/\/www.ufsm.br\/cursos\/pos-graduacao\/santa-maria\/ppged\/wp-json\/wp\/v2\/tags?post=942"}],"curies":[{"name":"wp","href":"https:\/\/api.w.org\/{rel}","templated":true}]}}