{"id":1153,"date":"2017-05-31T13:40:12","date_gmt":"2017-05-31T16:40:12","guid":{"rendered":"https:\/\/www.ufsm.br\/cursos\/pos-graduacao\/santa-maria\/ppgenf\/?p=1153"},"modified":"2020-08-24T13:57:18","modified_gmt":"2020-08-24T16:57:18","slug":"gasenf-participa-do-iii-seminario-internacional-tecendo-redes-na-enfermagem-e-na-saude-e-x-semana-de-enfermagem-da-ufsm","status":"publish","type":"post","link":"https:\/\/www.ufsm.br\/cursos\/pos-graduacao\/santa-maria\/ppgenf\/2017\/05\/31\/gasenf-participa-do-iii-seminario-internacional-tecendo-redes-na-enfermagem-e-na-saude-e-x-semana-de-enfermagem-da-ufsm","title":{"rendered":"GASEnf participa do III Semin\u00e1rio internacional: Tecendo Redes na Enfermagem e na Sa\u00fade e X Semana de Enfermagem da UFSM"},"content":{"rendered":"\n<p>O GASEnf participou da III Semin\u00e1rio internacional: Tecendo Redes na Enfermagem e na Sa\u00fade e X Semana de Enfermagem da UFSM, com v\u00e1rios integrante apresentando trabalhos, ministrando cursos, prestigiando as v\u00e1rias palestras e tamb\u00e9m participando da organiza\u00e7\u00e3o do referido evento.<\/p>\n<p>O GASEnf participou da X Semana de Enfermagem da UFSM, sendo que a integrante e mestranda Simone Kroll Rabelo ministrou o curso pr\u00e9- evento &#8220;Suporte B\u00e1sico de Vida&#8221;.<\/p>\n<p><img fetchpriority=\"high\" decoding=\"async\" class=\"alignnone size-medium wp-image-1154\" src=\"https:\/\/www.ufsm.br\/cursos\/pos-graduacao\/santa-maria\/ppgenf\/wp-content\/uploads\/sites\/564\/2019\/11\/Simone1-300x225.jpg\" alt=\"\" width=\"300\" height=\"225\" srcset=\"https:\/\/www.ufsm.br\/app\/uploads\/sites\/564\/2019\/11\/Simone1-300x225.jpg 300w, https:\/\/www.ufsm.br\/app\/uploads\/sites\/564\/2019\/11\/Simone1-768x576.jpg 768w, https:\/\/www.ufsm.br\/app\/uploads\/sites\/564\/2019\/11\/Simone1-1024x768.jpg 1024w, https:\/\/www.ufsm.br\/app\/uploads\/sites\/564\/2019\/11\/Simone1.jpg 1920w\" sizes=\"(max-width: 300px) 100vw, 300px\" \/><\/p>\n<p><img decoding=\"async\" class=\"alignnone size-medium wp-image-1155\" src=\"https:\/\/www.ufsm.br\/cursos\/pos-graduacao\/santa-maria\/ppgenf\/wp-content\/uploads\/sites\/564\/2019\/11\/simone2-300x225.jpg\" alt=\"\" width=\"300\" height=\"225\" srcset=\"https:\/\/www.ufsm.br\/app\/uploads\/sites\/564\/2019\/11\/simone2-300x225.jpg 300w, https:\/\/www.ufsm.br\/app\/uploads\/sites\/564\/2019\/11\/simone2-768x576.jpg 768w, https:\/\/www.ufsm.br\/app\/uploads\/sites\/564\/2019\/11\/simone2-1024x768.jpg 1024w, https:\/\/www.ufsm.br\/app\/uploads\/sites\/564\/2019\/11\/simone2.jpg 1920w\" sizes=\"(max-width: 300px) 100vw, 300px\" \/><\/p>\n<p><img decoding=\"async\" class=\"alignnone size-medium wp-image-1156\" src=\"https:\/\/www.ufsm.br\/cursos\/pos-graduacao\/santa-maria\/ppgenf\/wp-content\/uploads\/sites\/564\/2019\/11\/simone3-300x225.jpg\" alt=\"\" width=\"300\" height=\"225\" srcset=\"https:\/\/www.ufsm.br\/app\/uploads\/sites\/564\/2019\/11\/simone3-300x225.jpg 300w, https:\/\/www.ufsm.br\/app\/uploads\/sites\/564\/2019\/11\/simone3-768x576.jpg 768w, https:\/\/www.ufsm.br\/app\/uploads\/sites\/564\/2019\/11\/simone3-1024x768.jpg 1024w, https:\/\/www.ufsm.br\/app\/uploads\/sites\/564\/2019\/11\/simone3.jpg 1920w\" sizes=\"(max-width: 300px) 100vw, 300px\" \/><\/p>\n<p>A professora Doutora Suzinara Beatriz Soares de Lima integrou a mesa de abertura juntamento com demais autoridades como o reitor da UFSM, o professor Paulo Afonso Burmann.<\/p>\n<p><img loading=\"lazy\" decoding=\"async\" class=\"alignnone size-medium wp-image-1157\" src=\"https:\/\/www.ufsm.br\/cursos\/pos-graduacao\/santa-maria\/ppgenf\/wp-content\/uploads\/sites\/564\/2019\/11\/mesadeabertura-300x225.jpeg\" alt=\"\" width=\"300\" height=\"225\" srcset=\"https:\/\/www.ufsm.br\/app\/uploads\/sites\/564\/2019\/11\/mesadeabertura-300x225.jpeg 300w, https:\/\/www.ufsm.br\/app\/uploads\/sites\/564\/2019\/11\/mesadeabertura-768x576.jpeg 768w, https:\/\/www.ufsm.br\/app\/uploads\/sites\/564\/2019\/11\/mesadeabertura.jpeg 960w\" sizes=\"(max-width: 300px) 100vw, 300px\" \/><\/p>\n<p>Durante o evento v\u00e1rios integrantes do GASEnf prestigiaram as v\u00e1ris palestras oferecidas<\/p>\n<p><img loading=\"lazy\" decoding=\"async\" class=\"alignnone size-medium wp-image-1158\" src=\"https:\/\/www.ufsm.br\/cursos\/pos-graduacao\/santa-maria\/ppgenf\/wp-content\/uploads\/sites\/564\/2019\/11\/INTEGRANTESDOGASENF6-225x300.jpg\" alt=\"\" width=\"225\" height=\"300\" srcset=\"https:\/\/www.ufsm.br\/app\/uploads\/sites\/564\/2019\/11\/INTEGRANTESDOGASENF6-225x300.jpg 225w, https:\/\/www.ufsm.br\/app\/uploads\/sites\/564\/2019\/11\/INTEGRANTESDOGASENF6-768x1024.jpg 768w, https:\/\/www.ufsm.br\/app\/uploads\/sites\/564\/2019\/11\/INTEGRANTESDOGASENF6.jpg 960w\" sizes=\"(max-width: 225px) 100vw, 225px\" \/><\/p>\n<p><img loading=\"lazy\" decoding=\"async\" class=\"alignnone size-medium wp-image-1159\" src=\"https:\/\/www.ufsm.br\/cursos\/pos-graduacao\/santa-maria\/ppgenf\/wp-content\/uploads\/sites\/564\/2019\/11\/integrantesdoGASENF4-300x225.jpg\" alt=\"\" width=\"300\" height=\"225\" srcset=\"https:\/\/www.ufsm.br\/app\/uploads\/sites\/564\/2019\/11\/integrantesdoGASENF4-300x225.jpg 300w, https:\/\/www.ufsm.br\/app\/uploads\/sites\/564\/2019\/11\/integrantesdoGASENF4-768x576.jpg 768w, https:\/\/www.ufsm.br\/app\/uploads\/sites\/564\/2019\/11\/integrantesdoGASENF4-1024x768.jpg 1024w, https:\/\/www.ufsm.br\/app\/uploads\/sites\/564\/2019\/11\/integrantesdoGASENF4.jpg 1920w\" sizes=\"(max-width: 300px) 100vw, 300px\" \/><\/p>\n<p><img loading=\"lazy\" decoding=\"async\" class=\"alignnone size-medium wp-image-1160\" src=\"https:\/\/www.ufsm.br\/cursos\/pos-graduacao\/santa-maria\/ppgenf\/wp-content\/uploads\/sites\/564\/2019\/11\/integrantesdoGASENF2-300x225.jpg\" alt=\"\" width=\"300\" height=\"225\" srcset=\"https:\/\/www.ufsm.br\/app\/uploads\/sites\/564\/2019\/11\/integrantesdoGASENF2-300x225.jpg 300w, https:\/\/www.ufsm.br\/app\/uploads\/sites\/564\/2019\/11\/integrantesdoGASENF2-768x576.jpg 768w, https:\/\/www.ufsm.br\/app\/uploads\/sites\/564\/2019\/11\/integrantesdoGASENF2-1024x768.jpg 1024w, https:\/\/www.ufsm.br\/app\/uploads\/sites\/564\/2019\/11\/integrantesdoGASENF2.jpg 1280w\" sizes=\"(max-width: 300px) 100vw, 300px\" \/><\/p>\n<p><img loading=\"lazy\" decoding=\"async\" class=\"alignnone size-medium wp-image-1162\" src=\"https:\/\/www.ufsm.br\/cursos\/pos-graduacao\/santa-maria\/ppgenf\/wp-content\/uploads\/sites\/564\/2019\/11\/IntegrantesdoGASENFCOMOPROFESSORLUIZ5-300x225.jpg\" alt=\"\" width=\"300\" height=\"225\" srcset=\"https:\/\/www.ufsm.br\/app\/uploads\/sites\/564\/2019\/11\/IntegrantesdoGASENFCOMOPROFESSORLUIZ5-300x225.jpg 300w, https:\/\/www.ufsm.br\/app\/uploads\/sites\/564\/2019\/11\/IntegrantesdoGASENFCOMOPROFESSORLUIZ5-768x576.jpg 768w, https:\/\/www.ufsm.br\/app\/uploads\/sites\/564\/2019\/11\/IntegrantesdoGASENFCOMOPROFESSORLUIZ5-1024x768.jpg 1024w, https:\/\/www.ufsm.br\/app\/uploads\/sites\/564\/2019\/11\/IntegrantesdoGASENFCOMOPROFESSORLUIZ5.jpg 1280w\" sizes=\"(max-width: 300px) 100vw, 300px\" \/><\/p>\n<p>\u00a0<\/p>\n<p>\u00a0<\/p>\n","protected":false},"excerpt":{"rendered":"<p>O GASEnf participou da III Semin\u00e1rio internacional: Tecendo Redes na Enfermagem e na Sa\u00fade e X Semana de Enfermagem da UFSM, com v\u00e1rios integrante apresentando trabalhos, ministrando cursos, prestigiando as v\u00e1rias palestras e tamb\u00e9m participando da organiza\u00e7\u00e3o do referido evento. O GASEnf participou da X Semana de Enfermagem da UFSM, sendo que a integrante e [&hellip;]<\/p>\n","protected":false},"author":115,"featured_media":0,"comment_status":"closed","ping_status":"closed","sticky":false,"template":"","format":"standard","meta":{"footnotes":""},"categories":[1],"tags":[30,32,34],"class_list":["post-1153","post","type-post","status-publish","format-standard","hentry","category-sem-categoria","tag-gasenf","tag-grupos","tag-grupos-pesquisa"],"acf":[],"_links":{"self":[{"href":"https:\/\/www.ufsm.br\/cursos\/pos-graduacao\/santa-maria\/ppgenf\/wp-json\/wp\/v2\/posts\/1153","targetHints":{"allow":["GET"]}}],"collection":[{"href":"https:\/\/www.ufsm.br\/cursos\/pos-graduacao\/santa-maria\/ppgenf\/wp-json\/wp\/v2\/posts"}],"about":[{"href":"https:\/\/www.ufsm.br\/cursos\/pos-graduacao\/santa-maria\/ppgenf\/wp-json\/wp\/v2\/types\/post"}],"author":[{"embeddable":true,"href":"https:\/\/www.ufsm.br\/cursos\/pos-graduacao\/santa-maria\/ppgenf\/wp-json\/wp\/v2\/users\/115"}],"replies":[{"embeddable":true,"href":"https:\/\/www.ufsm.br\/cursos\/pos-graduacao\/santa-maria\/ppgenf\/wp-json\/wp\/v2\/comments?post=1153"}],"version-history":[{"count":0,"href":"https:\/\/www.ufsm.br\/cursos\/pos-graduacao\/santa-maria\/ppgenf\/wp-json\/wp\/v2\/posts\/1153\/revisions"}],"wp:attachment":[{"href":"https:\/\/www.ufsm.br\/cursos\/pos-graduacao\/santa-maria\/ppgenf\/wp-json\/wp\/v2\/media?parent=1153"}],"wp:term":[{"taxonomy":"category","embeddable":true,"href":"https:\/\/www.ufsm.br\/cursos\/pos-graduacao\/santa-maria\/ppgenf\/wp-json\/wp\/v2\/categories?post=1153"},{"taxonomy":"post_tag","embeddable":true,"href":"https:\/\/www.ufsm.br\/cursos\/pos-graduacao\/santa-maria\/ppgenf\/wp-json\/wp\/v2\/tags?post=1153"}],"curies":[{"name":"wp","href":"https:\/\/api.w.org\/{rel}","templated":true}]}}