{"id":1183,"date":"2016-12-15T14:09:13","date_gmt":"2016-12-15T16:09:13","guid":{"rendered":"https:\/\/www.ufsm.br\/cursos\/pos-graduacao\/santa-maria\/ppgenf\/?p=1183"},"modified":"2019-11-06T14:16:07","modified_gmt":"2019-11-06T17:16:07","slug":"encontro-com-profa-dra-adelina-giacomelli-prochnow","status":"publish","type":"post","link":"https:\/\/www.ufsm.br\/cursos\/pos-graduacao\/santa-maria\/ppgenf\/2016\/12\/15\/encontro-com-profa-dra-adelina-giacomelli-prochnow","title":{"rendered":"Encontro com Profa. Dra. Adelina Giacomelli Prochnow"},"content":{"rendered":"\n<p>Durante o Encontro Comemorativo &#8211; 40 Anos da Gradua\u00e7\u00e3o e 10 Anos da P\u00f3s-Gradua\u00e7\u00e3o em Enfermagem CCS\/UFSM, os membros do GASEnf encontraram a Profa. Dra.\u00a0<strong>Adelina Giacomelli Prochnow<\/strong>. A Profa. Dra. Adelina \u00e9 Enfermeira, Doutora em Enfermagem, foi professora Adjunta do Departamento de Enfermagem da UFSM. A professora tem grande import\u00e2ncia para o GASEnf pois foi quem criou o grupo.<\/p>\n<figure id=\"attachment_1188\" aria-describedby=\"caption-attachment-1188\" style=\"width: 1024px\" class=\"wp-caption alignnone\"><img fetchpriority=\"high\" decoding=\"async\" class=\"wp-image-1188 size-large\" src=\"https:\/\/www.ufsm.br\/cursos\/pos-graduacao\/santa-maria\/ppgenf\/wp-content\/uploads\/sites\/564\/2019\/11\/adelina4-1024x500.jpg\" alt=\"\" width=\"1024\" height=\"500\" srcset=\"https:\/\/www.ufsm.br\/app\/uploads\/sites\/564\/2019\/11\/adelina4-1024x500.jpg 1024w, https:\/\/www.ufsm.br\/app\/uploads\/sites\/564\/2019\/11\/adelina4-300x146.jpg 300w, https:\/\/www.ufsm.br\/app\/uploads\/sites\/564\/2019\/11\/adelina4-768x375.jpg 768w, https:\/\/www.ufsm.br\/app\/uploads\/sites\/564\/2019\/11\/adelina4.jpg 1920w\" sizes=\"(max-width: 1024px) 100vw, 1024px\" \/><figcaption id=\"caption-attachment-1188\" class=\"wp-caption-text\">Da esquerda para a direita: Dda. Tha\u00eds, Profa. Dra. Adelina, Mda. Jocelaine e Ms. Tanise<\/figcaption><\/figure>\n<p>\u00a0<\/p>\n<figure id=\"attachment_1189\" aria-describedby=\"caption-attachment-1189\" style=\"width: 1024px\" class=\"wp-caption alignnone\"><img decoding=\"async\" class=\"wp-image-1189 size-large\" src=\"https:\/\/www.ufsm.br\/cursos\/pos-graduacao\/santa-maria\/ppgenf\/wp-content\/uploads\/sites\/564\/2019\/11\/adelina-1024x945.jpg\" alt=\"\" width=\"1024\" height=\"945\" srcset=\"https:\/\/www.ufsm.br\/app\/uploads\/sites\/564\/2019\/11\/adelina-1024x945.jpg 1024w, https:\/\/www.ufsm.br\/app\/uploads\/sites\/564\/2019\/11\/adelina-300x277.jpg 300w, https:\/\/www.ufsm.br\/app\/uploads\/sites\/564\/2019\/11\/adelina-768x709.jpg 768w, https:\/\/www.ufsm.br\/app\/uploads\/sites\/564\/2019\/11\/adelina.jpg 1920w\" sizes=\"(max-width: 1024px) 100vw, 1024px\" \/><figcaption id=\"caption-attachment-1189\" class=\"wp-caption-text\">Da esquerda para a direita: Mda. Alexsandra, Mda. Jocelaine, Profa. Dra. Adelina, Dda. Tha\u00eds e Dda. Rhea<\/figcaption><\/figure>\n","protected":false},"excerpt":{"rendered":"<p>Durante o Encontro Comemorativo &#8211; 40 Anos da Gradua\u00e7\u00e3o e 10 Anos da P\u00f3s-Gradua\u00e7\u00e3o em Enfermagem CCS\/UFSM, os membros do GASEnf encontraram a Profa. Dra.\u00a0Adelina Giacomelli Prochnow. A Profa. Dra. Adelina \u00e9 Enfermeira, Doutora em Enfermagem, foi professora Adjunta do Departamento de Enfermagem da UFSM. A professora tem grande import\u00e2ncia para o GASEnf pois foi [&hellip;]<\/p>\n","protected":false},"author":115,"featured_media":0,"comment_status":"closed","ping_status":"closed","sticky":false,"template":"","format":"standard","meta":{"footnotes":""},"categories":[1],"tags":[30,32,34],"class_list":["post-1183","post","type-post","status-publish","format-standard","hentry","category-sem-categoria","tag-gasenf","tag-grupos","tag-grupos-pesquisa"],"acf":[],"_links":{"self":[{"href":"https:\/\/www.ufsm.br\/cursos\/pos-graduacao\/santa-maria\/ppgenf\/wp-json\/wp\/v2\/posts\/1183","targetHints":{"allow":["GET"]}}],"collection":[{"href":"https:\/\/www.ufsm.br\/cursos\/pos-graduacao\/santa-maria\/ppgenf\/wp-json\/wp\/v2\/posts"}],"about":[{"href":"https:\/\/www.ufsm.br\/cursos\/pos-graduacao\/santa-maria\/ppgenf\/wp-json\/wp\/v2\/types\/post"}],"author":[{"embeddable":true,"href":"https:\/\/www.ufsm.br\/cursos\/pos-graduacao\/santa-maria\/ppgenf\/wp-json\/wp\/v2\/users\/115"}],"replies":[{"embeddable":true,"href":"https:\/\/www.ufsm.br\/cursos\/pos-graduacao\/santa-maria\/ppgenf\/wp-json\/wp\/v2\/comments?post=1183"}],"version-history":[{"count":0,"href":"https:\/\/www.ufsm.br\/cursos\/pos-graduacao\/santa-maria\/ppgenf\/wp-json\/wp\/v2\/posts\/1183\/revisions"}],"wp:attachment":[{"href":"https:\/\/www.ufsm.br\/cursos\/pos-graduacao\/santa-maria\/ppgenf\/wp-json\/wp\/v2\/media?parent=1183"}],"wp:term":[{"taxonomy":"category","embeddable":true,"href":"https:\/\/www.ufsm.br\/cursos\/pos-graduacao\/santa-maria\/ppgenf\/wp-json\/wp\/v2\/categories?post=1183"},{"taxonomy":"post_tag","embeddable":true,"href":"https:\/\/www.ufsm.br\/cursos\/pos-graduacao\/santa-maria\/ppgenf\/wp-json\/wp\/v2\/tags?post=1183"}],"curies":[{"name":"wp","href":"https:\/\/api.w.org\/{rel}","templated":true}]}}