{"id":1261,"date":"2016-03-14T15:18:52","date_gmt":"2016-03-14T18:18:52","guid":{"rendered":"https:\/\/www.ufsm.br\/cursos\/pos-graduacao\/santa-maria\/ppgenf\/?p=1261"},"modified":"2019-11-06T15:19:55","modified_gmt":"2019-11-06T18:19:55","slug":"almoco-cientifico","status":"publish","type":"post","link":"https:\/\/www.ufsm.br\/cursos\/pos-graduacao\/santa-maria\/ppgenf\/2016\/03\/14\/almoco-cientifico","title":{"rendered":"Almo\u00e7o cient\u00edfico"},"content":{"rendered":"\n<p>No dia 11 de mar\u00e7o de 2016, a Profa. Dra. Suzinara, mestrandas e doutorandas do GASEnf participaram de almo\u00e7o cient\u00edfico com o Prof. Dr. Jos\u00e9 Luis Guedes dos Santos.<\/p>\n<p>O Prof. Dr. Jos\u00e9 Luis \u00e9 enfermeiro, doutor em enfermagem pela Universidade Federal de Santa Catarina (UFSC) e professor adjunto na mesma universidade. Realiza pesquisas na \u00e1rea de Gest\u00e3o e Gerenciamento em Enfermagem e Sa\u00fade, com \u00eanfase em: ger\u00eancia do cuidado no ambiente hospitalar, governan\u00e7a em enfermagem e sa\u00fade e servi\u00e7os m\u00e9dicos de emerg\u00eancia.<\/p>\n<p>O almo\u00e7o foi realizado com o objetivo de oportunizar contato dos discentes com o professor, al\u00e9m de estabelecer parcerias futuras entre os professores.<\/p>\n<figure id=\"attachment_1264\" aria-describedby=\"caption-attachment-1264\" style=\"width: 526px\" class=\"wp-caption alignnone\"><img fetchpriority=\"high\" decoding=\"async\" class=\"size-full wp-image-1264\" src=\"https:\/\/www.ufsm.br\/cursos\/pos-graduacao\/santa-maria\/ppgenf\/wp-content\/uploads\/sites\/564\/2019\/11\/5.jpg\" alt=\"\" width=\"526\" height=\"526\" srcset=\"https:\/\/www.ufsm.br\/app\/uploads\/sites\/564\/2019\/11\/5.jpg 526w, https:\/\/www.ufsm.br\/app\/uploads\/sites\/564\/2019\/11\/5-150x150.jpg 150w, https:\/\/www.ufsm.br\/app\/uploads\/sites\/564\/2019\/11\/5-300x300.jpg 300w\" sizes=\"(max-width: 526px) 100vw, 526px\" \/><figcaption id=\"caption-attachment-1264\" class=\"wp-caption-text\">Em sentido hor\u00e1rio: Mda. Jocelaine, Prof. Dr. Jos\u00e9 Luis, Profa. Dra. Suzinara,<br \/>Dda. Rhea, Dda. Tha\u00eds e Mda. Graziele<\/figcaption><\/figure>\n","protected":false},"excerpt":{"rendered":"<p>No dia 11 de mar\u00e7o de 2016, a Profa. Dra. Suzinara, mestrandas e doutorandas do GASEnf participaram de almo\u00e7o cient\u00edfico com o Prof. Dr. Jos\u00e9 Luis Guedes dos Santos. O Prof. Dr. Jos\u00e9 Luis \u00e9 enfermeiro, doutor em enfermagem pela Universidade Federal de Santa Catarina (UFSC) e professor adjunto na mesma universidade. Realiza pesquisas na [&hellip;]<\/p>\n","protected":false},"author":115,"featured_media":0,"comment_status":"closed","ping_status":"closed","sticky":false,"template":"","format":"standard","meta":{"footnotes":""},"categories":[1],"tags":[30,32,34],"class_list":["post-1261","post","type-post","status-publish","format-standard","hentry","category-sem-categoria","tag-gasenf","tag-grupos","tag-grupos-pesquisa"],"acf":[],"_links":{"self":[{"href":"https:\/\/www.ufsm.br\/cursos\/pos-graduacao\/santa-maria\/ppgenf\/wp-json\/wp\/v2\/posts\/1261","targetHints":{"allow":["GET"]}}],"collection":[{"href":"https:\/\/www.ufsm.br\/cursos\/pos-graduacao\/santa-maria\/ppgenf\/wp-json\/wp\/v2\/posts"}],"about":[{"href":"https:\/\/www.ufsm.br\/cursos\/pos-graduacao\/santa-maria\/ppgenf\/wp-json\/wp\/v2\/types\/post"}],"author":[{"embeddable":true,"href":"https:\/\/www.ufsm.br\/cursos\/pos-graduacao\/santa-maria\/ppgenf\/wp-json\/wp\/v2\/users\/115"}],"replies":[{"embeddable":true,"href":"https:\/\/www.ufsm.br\/cursos\/pos-graduacao\/santa-maria\/ppgenf\/wp-json\/wp\/v2\/comments?post=1261"}],"version-history":[{"count":0,"href":"https:\/\/www.ufsm.br\/cursos\/pos-graduacao\/santa-maria\/ppgenf\/wp-json\/wp\/v2\/posts\/1261\/revisions"}],"wp:attachment":[{"href":"https:\/\/www.ufsm.br\/cursos\/pos-graduacao\/santa-maria\/ppgenf\/wp-json\/wp\/v2\/media?parent=1261"}],"wp:term":[{"taxonomy":"category","embeddable":true,"href":"https:\/\/www.ufsm.br\/cursos\/pos-graduacao\/santa-maria\/ppgenf\/wp-json\/wp\/v2\/categories?post=1261"},{"taxonomy":"post_tag","embeddable":true,"href":"https:\/\/www.ufsm.br\/cursos\/pos-graduacao\/santa-maria\/ppgenf\/wp-json\/wp\/v2\/tags?post=1261"}],"curies":[{"name":"wp","href":"https:\/\/api.w.org\/{rel}","templated":true}]}}