{"id":1268,"date":"2016-03-14T15:22:11","date_gmt":"2016-03-14T18:22:11","guid":{"rendered":"https:\/\/www.ufsm.br\/cursos\/pos-graduacao\/santa-maria\/ppgenf\/?p=1268"},"modified":"2020-08-24T13:44:22","modified_gmt":"2020-08-24T16:44:22","slug":"inicio-das-atividades","status":"publish","type":"post","link":"https:\/\/www.ufsm.br\/cursos\/pos-graduacao\/santa-maria\/ppgenf\/2016\/03\/14\/inicio-das-atividades","title":{"rendered":"In\u00edcio das atividades"},"content":{"rendered":"\n<p>No dia 08 de mar\u00e7o de 2016, iniciaram-se as atividades do GASEnf.<\/p>\n<p>Na primeira reuni\u00e3o, foram discutidas as atividades do Grupo para o primeiro semestre de 2016.<\/p>\n<p>Neste semestre, ser\u00e3o realizadas reuni\u00f5es do grupo, quinzenalmente, nas quais ser\u00e3o abordados assuntos de interesse dos integrantes.<\/p>\n<p>Ainda, ser\u00e3o realizadas, mensalmente, oficinas de artigos. Estas t\u00eam como objetivo melhorar a qualidade dos artigos cient\u00edficos produzidos pelo GASEnf.<\/p>\n<p>O cronograma das reuni\u00f5es e oficinas de artigos pode ser acessado na aba<a href=\"http:\/\/coral.ufsm.br\/gasenf\/index.php\/con\/conograma-dos-encontros\">\u00a0cronograma<\/a>\u00a0dos encontros.<\/p>\n<figure id=\"attachment_1271\" aria-describedby=\"caption-attachment-1271\" style=\"width: 526px\" class=\"wp-caption alignnone\"><img fetchpriority=\"high\" decoding=\"async\" class=\"size-full wp-image-1271\" src=\"https:\/\/www.ufsm.br\/cursos\/pos-graduacao\/santa-maria\/ppgenf\/wp-content\/uploads\/sites\/564\/2019\/11\/1-1.jpg\" alt=\"\" width=\"526\" height=\"394\" srcset=\"https:\/\/www.ufsm.br\/app\/uploads\/sites\/564\/2019\/11\/1-1.jpg 526w, https:\/\/www.ufsm.br\/app\/uploads\/sites\/564\/2019\/11\/1-1-300x225.jpg 300w\" sizes=\"(max-width: 526px) 100vw, 526px\" \/><figcaption id=\"caption-attachment-1271\" class=\"wp-caption-text\">Em sentido hor\u00e1rio: Mda. Caren, Dienifer, Mda. Graziele, Lidiana, Dda. Tha\u00eds, Lorena, Mda. Jocelaine,<br \/>Fernanda, Mda. Alexsandra, Marcia, Dda. Rhea, Mda. Simone e Prof. Dra. Suzinara<\/figcaption><\/figure>\n","protected":false},"excerpt":{"rendered":"<p>No dia 08 de mar\u00e7o de 2016, iniciaram-se as atividades do GASEnf. Na primeira reuni\u00e3o, foram discutidas as atividades do Grupo para o primeiro semestre de 2016. Neste semestre, ser\u00e3o realizadas reuni\u00f5es do grupo, quinzenalmente, nas quais ser\u00e3o abordados assuntos de interesse dos integrantes. Ainda, ser\u00e3o realizadas, mensalmente, oficinas de artigos. Estas t\u00eam como objetivo [&hellip;]<\/p>\n","protected":false},"author":115,"featured_media":0,"comment_status":"closed","ping_status":"closed","sticky":false,"template":"","format":"standard","meta":{"footnotes":""},"categories":[1],"tags":[30,32,34],"class_list":["post-1268","post","type-post","status-publish","format-standard","hentry","category-sem-categoria","tag-gasenf","tag-grupos","tag-grupos-pesquisa"],"acf":[],"_links":{"self":[{"href":"https:\/\/www.ufsm.br\/cursos\/pos-graduacao\/santa-maria\/ppgenf\/wp-json\/wp\/v2\/posts\/1268","targetHints":{"allow":["GET"]}}],"collection":[{"href":"https:\/\/www.ufsm.br\/cursos\/pos-graduacao\/santa-maria\/ppgenf\/wp-json\/wp\/v2\/posts"}],"about":[{"href":"https:\/\/www.ufsm.br\/cursos\/pos-graduacao\/santa-maria\/ppgenf\/wp-json\/wp\/v2\/types\/post"}],"author":[{"embeddable":true,"href":"https:\/\/www.ufsm.br\/cursos\/pos-graduacao\/santa-maria\/ppgenf\/wp-json\/wp\/v2\/users\/115"}],"replies":[{"embeddable":true,"href":"https:\/\/www.ufsm.br\/cursos\/pos-graduacao\/santa-maria\/ppgenf\/wp-json\/wp\/v2\/comments?post=1268"}],"version-history":[{"count":0,"href":"https:\/\/www.ufsm.br\/cursos\/pos-graduacao\/santa-maria\/ppgenf\/wp-json\/wp\/v2\/posts\/1268\/revisions"}],"wp:attachment":[{"href":"https:\/\/www.ufsm.br\/cursos\/pos-graduacao\/santa-maria\/ppgenf\/wp-json\/wp\/v2\/media?parent=1268"}],"wp:term":[{"taxonomy":"category","embeddable":true,"href":"https:\/\/www.ufsm.br\/cursos\/pos-graduacao\/santa-maria\/ppgenf\/wp-json\/wp\/v2\/categories?post=1268"},{"taxonomy":"post_tag","embeddable":true,"href":"https:\/\/www.ufsm.br\/cursos\/pos-graduacao\/santa-maria\/ppgenf\/wp-json\/wp\/v2\/tags?post=1268"}],"curies":[{"name":"wp","href":"https:\/\/api.w.org\/{rel}","templated":true}]}}