{"id":1684,"date":"2021-04-20T09:31:40","date_gmt":"2021-04-20T12:31:40","guid":{"rendered":"https:\/\/www.ufsm.br\/cursos\/pos-graduacao\/santa-maria\/ppgenf\/?p=1684"},"modified":"2021-04-20T09:31:42","modified_gmt":"2021-04-20T12:31:42","slug":"relacao-das-inscricoes-indeferidas-do-edital-de-selecao-009-2021","status":"publish","type":"post","link":"https:\/\/www.ufsm.br\/cursos\/pos-graduacao\/santa-maria\/ppgenf\/2021\/04\/20\/relacao-das-inscricoes-indeferidas-do-edital-de-selecao-009-2021","title":{"rendered":"RELA\u00c7\u00c3O DAS INSCRI\u00c7\u00d5ES INDEFERIDAS DO EDITAL DE SELE\u00c7\u00c3O 009\/2021"},"content":{"rendered":"\n<p class=\"wp-block-paragraph\">O Programa de P\u00f3s Gradua\u00e7\u00e3o em Enfermagem da UFSM torna p\u00fablico a rela\u00e7\u00e3o das inscri\u00e7\u00f5es indeferidas do Edital de Sele\u00e7\u00e3o ao Mestrado e Doutorado n\u00ba 009\/2021.<\/p>\n\n\n\n<div class=\"wp-block-file\"><a href=\"https:\/\/www.ufsm.br\/app\/uploads\/sites\/564\/2021\/04\/RELACAO-DE-INDEFERIDOS_publicacao.pdf\">RELACAO-DE-INDEFERIDOS_publicacao<\/a><a href=\"https:\/\/www.ufsm.br\/app\/uploads\/sites\/564\/2021\/04\/RELACAO-DE-INDEFERIDOS_publicacao.pdf\" class=\"wp-block-file__button\" download>Baixar<\/a><\/div>\n\n\n\n<p class=\"wp-block-paragraph\"><\/p>\n","protected":false},"excerpt":{"rendered":"<p>O Programa de P\u00f3s Gradua\u00e7\u00e3o em Enfermagem da UFSM torna p\u00fablico a rela\u00e7\u00e3o das inscri\u00e7\u00f5es indeferidas do Edital de Sele\u00e7\u00e3o ao Mestrado e Doutorado n\u00ba 009\/2021.<\/p>\n","protected":false},"author":1126,"featured_media":0,"comment_status":"closed","ping_status":"closed","sticky":false,"template":"","format":"standard","meta":{"footnotes":""},"categories":[2],"tags":[],"class_list":["post-1684","post","type-post","status-publish","format-standard","hentry","category-noticias"],"acf":[],"_links":{"self":[{"href":"https:\/\/www.ufsm.br\/cursos\/pos-graduacao\/santa-maria\/ppgenf\/wp-json\/wp\/v2\/posts\/1684","targetHints":{"allow":["GET"]}}],"collection":[{"href":"https:\/\/www.ufsm.br\/cursos\/pos-graduacao\/santa-maria\/ppgenf\/wp-json\/wp\/v2\/posts"}],"about":[{"href":"https:\/\/www.ufsm.br\/cursos\/pos-graduacao\/santa-maria\/ppgenf\/wp-json\/wp\/v2\/types\/post"}],"author":[{"embeddable":true,"href":"https:\/\/www.ufsm.br\/cursos\/pos-graduacao\/santa-maria\/ppgenf\/wp-json\/wp\/v2\/users\/1126"}],"replies":[{"embeddable":true,"href":"https:\/\/www.ufsm.br\/cursos\/pos-graduacao\/santa-maria\/ppgenf\/wp-json\/wp\/v2\/comments?post=1684"}],"version-history":[{"count":0,"href":"https:\/\/www.ufsm.br\/cursos\/pos-graduacao\/santa-maria\/ppgenf\/wp-json\/wp\/v2\/posts\/1684\/revisions"}],"wp:attachment":[{"href":"https:\/\/www.ufsm.br\/cursos\/pos-graduacao\/santa-maria\/ppgenf\/wp-json\/wp\/v2\/media?parent=1684"}],"wp:term":[{"taxonomy":"category","embeddable":true,"href":"https:\/\/www.ufsm.br\/cursos\/pos-graduacao\/santa-maria\/ppgenf\/wp-json\/wp\/v2\/categories?post=1684"},{"taxonomy":"post_tag","embeddable":true,"href":"https:\/\/www.ufsm.br\/cursos\/pos-graduacao\/santa-maria\/ppgenf\/wp-json\/wp\/v2\/tags?post=1684"}],"curies":[{"name":"wp","href":"https:\/\/api.w.org\/{rel}","templated":true}]}}