{"id":1913,"date":"2022-07-04T20:31:49","date_gmt":"2022-07-04T23:31:49","guid":{"rendered":"https:\/\/www.ufsm.br\/cursos\/pos-graduacao\/santa-maria\/ppgenf\/?p=1913"},"modified":"2022-07-04T20:48:19","modified_gmt":"2022-07-04T23:48:19","slug":"chamada-interna-para-selecao-de-bolsistas","status":"publish","type":"post","link":"https:\/\/www.ufsm.br\/cursos\/pos-graduacao\/santa-maria\/ppgenf\/2022\/07\/04\/chamada-interna-para-selecao-de-bolsistas","title":{"rendered":"Chamada Interna para Sele\u00e7\u00e3o de Bolsistas!"},"content":{"rendered":"\n<p class=\"wp-block-paragraph\">Com muita alegria o GASEnf torna p\u00fablico e edital de sele\u00e7\u00e3o de bolsistas de gradua\u00e7\u00e3o, o qual ter\u00e1 vig\u00eancia entre 10\/07\/2022 e 31\/12\/2023. Se voc\u00ea \u00e9 acad\u00eamico de gradua\u00e7\u00e3o da \u00e1rea da sa\u00fade, n\u00e3o perca essa oportunidade. Para acessar o edital clique <a href=\"https:\/\/docs.google.com\/document\/d\/1T7bRKn8xT4HJE9xLi2VXqFaqoFU64K7kIVtrVovpJq8\/edit\" data-type=\"URL\" data-id=\"https:\/\/docs.google.com\/document\/d\/1T7bRKn8xT4HJE9xLi2VXqFaqoFU64K7kIVtrVovpJq8\/edit\">aqui<\/a>. <\/p>\n","protected":false},"excerpt":{"rendered":"<p>Com muita alegria o GASEnf torna p\u00fablico e edital de sele\u00e7\u00e3o de bolsistas de gradua\u00e7\u00e3o, o qual ter\u00e1 vig\u00eancia entre 10\/07\/2022 e 31\/12\/2023. Se voc\u00ea \u00e9 acad\u00eamico de gradua\u00e7\u00e3o da \u00e1rea da sa\u00fade, n\u00e3o perca essa oportunidade. Para acessar o edital clique aqui.<\/p>\n","protected":false},"author":4792,"featured_media":0,"comment_status":"closed","ping_status":"closed","sticky":false,"template":"","format":"standard","meta":{"footnotes":""},"categories":[9,2],"tags":[30,32],"class_list":["post-1913","post","type-post","status-publish","format-standard","hentry","category-destaques","category-noticias","tag-gasenf","tag-grupos"],"acf":[],"_links":{"self":[{"href":"https:\/\/www.ufsm.br\/cursos\/pos-graduacao\/santa-maria\/ppgenf\/wp-json\/wp\/v2\/posts\/1913","targetHints":{"allow":["GET"]}}],"collection":[{"href":"https:\/\/www.ufsm.br\/cursos\/pos-graduacao\/santa-maria\/ppgenf\/wp-json\/wp\/v2\/posts"}],"about":[{"href":"https:\/\/www.ufsm.br\/cursos\/pos-graduacao\/santa-maria\/ppgenf\/wp-json\/wp\/v2\/types\/post"}],"author":[{"embeddable":true,"href":"https:\/\/www.ufsm.br\/cursos\/pos-graduacao\/santa-maria\/ppgenf\/wp-json\/wp\/v2\/users\/4792"}],"replies":[{"embeddable":true,"href":"https:\/\/www.ufsm.br\/cursos\/pos-graduacao\/santa-maria\/ppgenf\/wp-json\/wp\/v2\/comments?post=1913"}],"version-history":[{"count":0,"href":"https:\/\/www.ufsm.br\/cursos\/pos-graduacao\/santa-maria\/ppgenf\/wp-json\/wp\/v2\/posts\/1913\/revisions"}],"wp:attachment":[{"href":"https:\/\/www.ufsm.br\/cursos\/pos-graduacao\/santa-maria\/ppgenf\/wp-json\/wp\/v2\/media?parent=1913"}],"wp:term":[{"taxonomy":"category","embeddable":true,"href":"https:\/\/www.ufsm.br\/cursos\/pos-graduacao\/santa-maria\/ppgenf\/wp-json\/wp\/v2\/categories?post=1913"},{"taxonomy":"post_tag","embeddable":true,"href":"https:\/\/www.ufsm.br\/cursos\/pos-graduacao\/santa-maria\/ppgenf\/wp-json\/wp\/v2\/tags?post=1913"}],"curies":[{"name":"wp","href":"https:\/\/api.w.org\/{rel}","templated":true}]}}