{"id":2768,"date":"2025-07-30T08:39:42","date_gmt":"2025-07-30T11:39:42","guid":{"rendered":"https:\/\/www.ufsm.br\/cursos\/pos-graduacao\/santa-maria\/ppgenf\/?p=2768"},"modified":"2025-07-30T08:39:46","modified_gmt":"2025-07-30T11:39:46","slug":"seminario-de-integracao-do-ppgenf-ufsm","status":"publish","type":"post","link":"https:\/\/www.ufsm.br\/cursos\/pos-graduacao\/santa-maria\/ppgenf\/2025\/07\/30\/seminario-de-integracao-do-ppgenf-ufsm","title":{"rendered":"Semin\u00e1rio de Integra\u00e7\u00e3o do PPGENF\/UFSM"},"content":{"rendered":"\n<p class=\"wp-block-paragraph\">Divulgamos o Semin\u00e1rio de Integra\u00e7\u00e3o do PPGENF\/UFSM que ocorrer\u00e1 dias 21 e 22 de agosto. <\/p>\n\n\n\n<figure class=\"wp-block-image size-full\"><img fetchpriority=\"high\" decoding=\"async\" width=\"620\" height=\"621\" src=\"https:\/\/www.ufsm.br\/app\/uploads\/sites\/564\/2025\/07\/WhatsApp-Image-2025-07-30-at-07.35.42.jpeg\" alt=\"\" class=\"wp-image-2769\" srcset=\"https:\/\/www.ufsm.br\/app\/uploads\/sites\/564\/2025\/07\/WhatsApp-Image-2025-07-30-at-07.35.42.jpeg 620w, https:\/\/www.ufsm.br\/app\/uploads\/sites\/564\/2025\/07\/WhatsApp-Image-2025-07-30-at-07.35.42-300x300.jpeg 300w, https:\/\/www.ufsm.br\/app\/uploads\/sites\/564\/2025\/07\/WhatsApp-Image-2025-07-30-at-07.35.42-150x150.jpeg 150w\" sizes=\"(max-width: 620px) 100vw, 620px\" \/><\/figure>\n","protected":false},"excerpt":{"rendered":"<p>Divulgamos o Semin\u00e1rio de Integra\u00e7\u00e3o do PPGENF\/UFSM que ocorrer\u00e1 dias 21 e 22 de agosto.<\/p>\n","protected":false},"author":6168,"featured_media":0,"comment_status":"closed","ping_status":"closed","sticky":false,"template":"","format":"standard","meta":{"footnotes":""},"categories":[2],"tags":[],"class_list":["post-2768","post","type-post","status-publish","format-standard","hentry","category-noticias"],"acf":[],"_links":{"self":[{"href":"https:\/\/www.ufsm.br\/cursos\/pos-graduacao\/santa-maria\/ppgenf\/wp-json\/wp\/v2\/posts\/2768","targetHints":{"allow":["GET"]}}],"collection":[{"href":"https:\/\/www.ufsm.br\/cursos\/pos-graduacao\/santa-maria\/ppgenf\/wp-json\/wp\/v2\/posts"}],"about":[{"href":"https:\/\/www.ufsm.br\/cursos\/pos-graduacao\/santa-maria\/ppgenf\/wp-json\/wp\/v2\/types\/post"}],"author":[{"embeddable":true,"href":"https:\/\/www.ufsm.br\/cursos\/pos-graduacao\/santa-maria\/ppgenf\/wp-json\/wp\/v2\/users\/6168"}],"replies":[{"embeddable":true,"href":"https:\/\/www.ufsm.br\/cursos\/pos-graduacao\/santa-maria\/ppgenf\/wp-json\/wp\/v2\/comments?post=2768"}],"version-history":[{"count":0,"href":"https:\/\/www.ufsm.br\/cursos\/pos-graduacao\/santa-maria\/ppgenf\/wp-json\/wp\/v2\/posts\/2768\/revisions"}],"wp:attachment":[{"href":"https:\/\/www.ufsm.br\/cursos\/pos-graduacao\/santa-maria\/ppgenf\/wp-json\/wp\/v2\/media?parent=2768"}],"wp:term":[{"taxonomy":"category","embeddable":true,"href":"https:\/\/www.ufsm.br\/cursos\/pos-graduacao\/santa-maria\/ppgenf\/wp-json\/wp\/v2\/categories?post=2768"},{"taxonomy":"post_tag","embeddable":true,"href":"https:\/\/www.ufsm.br\/cursos\/pos-graduacao\/santa-maria\/ppgenf\/wp-json\/wp\/v2\/tags?post=2768"}],"curies":[{"name":"wp","href":"https:\/\/api.w.org\/{rel}","templated":true}]}}