{"id":198,"date":"2015-09-16T11:55:02","date_gmt":"2015-09-16T14:55:02","guid":{"rendered":"https:\/\/www.ufsm.br\/cursos\/pos-graduacao\/santa-maria\/ppgept\/?p=198"},"modified":"2019-03-25T12:01:00","modified_gmt":"2019-03-25T15:01:00","slug":"participacao-de-alunos-do-curso-de-mestrado-academico-em-educacao-profissional-e-tecnologica-do-ctism-em-seminario-na-feevale","status":"publish","type":"post","link":"https:\/\/www.ufsm.br\/cursos\/pos-graduacao\/santa-maria\/ppgept\/2015\/09\/16\/participacao-de-alunos-do-curso-de-mestrado-academico-em-educacao-profissional-e-tecnologica-do-ctism-em-seminario-na-feevale","title":{"rendered":"Participa\u00e7\u00e3o de Alunos do Curso de Mestrado Acad\u00eamico em Educa\u00e7\u00e3o Profissional e Tecnol\u00f3gica do CTISM em Semin\u00e1rio na FEEVALE"},"content":{"rendered":"\n<p style=\"text-align: justify\">\u00a0 No dia 10 de setembro, o Programa de P\u00f3s Gradua\u00e7\u00e3o em Educa\u00e7\u00e3o Profissional e Tecnol\u00f3gica \u2013 Curso de Mestrado Acad\u00eamico em Educa\u00e7\u00e3o Profissional e Tecnol\u00f3gica do CTISM completou um m\u00eas de atividades. Na data, os mestrandos Julio Cesar Ausani e Paula Rochele Silveira Becher participaram do \u201cXII Semin\u00e1rio de Estudos Hist\u00f3ricos \u2013 Profiss\u00e3o Professor: desafios no ensino de hist\u00f3ria\u201d, promovido pela FEEVALE, em Novo Hamburgo.<\/p>\n<p style=\"text-align: justify\">Foi a primeira participa\u00e7\u00e3o de estudantes do curso em eventos, com a apresenta\u00e7\u00e3o dos trabalhos \u201cEduca\u00e7\u00e3o Profissional e Tecnol\u00f3gica em um Brasil em Transforma\u00e7\u00e3o: compreens\u00f5es hist\u00f3ricas\u201d, de Julio Cesar e \u201cEnsino de Hist\u00f3ria no PROEJA: desafios para o ensino integrado pelo vi\u00e9s da politecnia\u201d, de Paula Rochele, ambos orientados pela Prof\u00aa Roselene Pommer.<\/p>\n","protected":false},"excerpt":{"rendered":"<p>\u00a0 No dia 10 de setembro, o Programa de P\u00f3s Gradua\u00e7\u00e3o em Educa\u00e7\u00e3o Profissional e Tecnol\u00f3gica \u2013 Curso de Mestrado Acad\u00eamico em Educa\u00e7\u00e3o Profissional e Tecnol\u00f3gica do CTISM completou um m\u00eas de atividades. Na data, os mestrandos Julio Cesar Ausani e Paula Rochele Silveira Becher participaram do \u201cXII Semin\u00e1rio de Estudos Hist\u00f3ricos \u2013 Profiss\u00e3o Professor: [&hellip;]<\/p>\n","protected":false},"author":730,"featured_media":0,"comment_status":"closed","ping_status":"closed","sticky":false,"template":"","format":"standard","meta":{"footnotes":""},"categories":[2],"tags":[],"class_list":["post-198","post","type-post","status-publish","format-standard","hentry","category-noticias"],"acf":[],"_links":{"self":[{"href":"https:\/\/www.ufsm.br\/cursos\/pos-graduacao\/santa-maria\/ppgept\/wp-json\/wp\/v2\/posts\/198","targetHints":{"allow":["GET"]}}],"collection":[{"href":"https:\/\/www.ufsm.br\/cursos\/pos-graduacao\/santa-maria\/ppgept\/wp-json\/wp\/v2\/posts"}],"about":[{"href":"https:\/\/www.ufsm.br\/cursos\/pos-graduacao\/santa-maria\/ppgept\/wp-json\/wp\/v2\/types\/post"}],"author":[{"embeddable":true,"href":"https:\/\/www.ufsm.br\/cursos\/pos-graduacao\/santa-maria\/ppgept\/wp-json\/wp\/v2\/users\/730"}],"replies":[{"embeddable":true,"href":"https:\/\/www.ufsm.br\/cursos\/pos-graduacao\/santa-maria\/ppgept\/wp-json\/wp\/v2\/comments?post=198"}],"version-history":[{"count":0,"href":"https:\/\/www.ufsm.br\/cursos\/pos-graduacao\/santa-maria\/ppgept\/wp-json\/wp\/v2\/posts\/198\/revisions"}],"wp:attachment":[{"href":"https:\/\/www.ufsm.br\/cursos\/pos-graduacao\/santa-maria\/ppgept\/wp-json\/wp\/v2\/media?parent=198"}],"wp:term":[{"taxonomy":"category","embeddable":true,"href":"https:\/\/www.ufsm.br\/cursos\/pos-graduacao\/santa-maria\/ppgept\/wp-json\/wp\/v2\/categories?post=198"},{"taxonomy":"post_tag","embeddable":true,"href":"https:\/\/www.ufsm.br\/cursos\/pos-graduacao\/santa-maria\/ppgept\/wp-json\/wp\/v2\/tags?post=198"}],"curies":[{"name":"wp","href":"https:\/\/api.w.org\/{rel}","templated":true}]}}