{"id":1420,"date":"2026-08-31T16:35:01","date_gmt":"2026-08-31T19:35:01","guid":{"rendered":"https:\/\/www.ufsm.br\/cursos\/pos-graduacao\/santa-maria\/ppgeq\/?p=1420"},"modified":"2026-08-31T16:44:42","modified_gmt":"2026-08-31T19:44:42","slug":"ppgeq-ufsm-divulga-resultado-preliminar-da-selecao-interna-para-bolsa-conhecimento-brasil-bcb-1","status":"publish","type":"post","link":"https:\/\/www.ufsm.br\/cursos\/pos-graduacao\/santa-maria\/ppgeq\/2026\/08\/31\/ppgeq-ufsm-divulga-resultado-preliminar-da-selecao-interna-para-bolsa-conhecimento-brasil-bcb-1","title":{"rendered":"PPGEQ\/UFSM divulga resultado preliminar da sele\u00e7\u00e3o interna para Bolsa Conhecimento Brasil \u2013 BCB-1"},"content":{"rendered":"\t\t<div data-elementor-type=\"wp-post\" data-elementor-id=\"1420\" class=\"elementor elementor-1420\">\n\t\t\t\t\t\t<section class=\"elementor-section elementor-top-section elementor-element elementor-element-84008a5 elementor-section-boxed elementor-section-height-default elementor-section-height-default\" data-id=\"84008a5\" data-element_type=\"section\">\n\t\t\t\t\t\t<div class=\"elementor-container elementor-column-gap-default\">\n\t\t\t\t\t<div class=\"elementor-column elementor-col-100 elementor-top-column elementor-element elementor-element-e7e29b3\" data-id=\"e7e29b3\" data-element_type=\"column\">\n\t\t\t<div class=\"elementor-widget-wrap elementor-element-populated\">\n\t\t\t\t\t\t<div class=\"elementor-element elementor-element-ebc36a9 elementor-widget elementor-widget-text-editor\" data-id=\"ebc36a9\" data-element_type=\"widget\" data-widget_type=\"text-editor.default\">\n\t\t\t\t<div class=\"elementor-widget-container\">\n\t\t\t\t\t\t\t<p data-start=\"187\" data-end=\"448\">O Programa de P\u00f3s-Gradua\u00e7\u00e3o em Engenharia Qu\u00edmica (PPGEQ) da Universidade Federal de Santa Maria (UFSM) divulga o <strong data-start=\"301\" data-end=\"396\">resultado preliminar <\/strong>da Sele\u00e7\u00e3o Interna de candidato(a) \u00e0 Bolsa Conhecimento Brasil \u2013 BCB-1, referente ao <strong>Edital Interno PPGEQ-UFSM n\u00ba 02\/2026<\/strong>.&nbsp; &nbsp; &nbsp; <span style=\"font-size: 1rem\">A sele\u00e7\u00e3o est\u00e1 vinculada \u00e0 proposta a ser submetida pelo PPGEQ-UFSM ao <\/span><strong data-start=\"942\" data-end=\"994\" style=\"font-size: 1rem\">Edital FAPERGS\/CNPq\/CAPES n\u00ba 06\/2026 \u2013 PROFIX-CB<\/strong><span style=\"font-size: 1rem\">, que prev\u00ea a concess\u00e3o da Bolsa Conhecimento Brasil \u2013 BCB-1. O processo seletivo interno considerou os crit\u00e9rios estabelecidos no edital, incluindo a avalia\u00e7\u00e3o do curr\u00edculo do(a) candidato(a), do curr\u00edculo do(a) docente proponente\/coordenador(a) e do resumo do projeto de pesquisa.<\/span><\/p>\n<p data-start=\"450\" data-end=\"683\">\n<\/p><p data-start=\"685\" data-end=\"734\">\n<\/p>\t\t\t\t\t\t<\/div>\n\t\t\t\t<\/div>\n\t\t\t\t\t<\/div>\n\t\t<\/div>\n\t\t\t\t\t<\/div>\n\t\t<\/section>\n\t\t\t\t<section class=\"elementor-section elementor-top-section elementor-element elementor-element-f8399b6 elementor-section-boxed elementor-section-height-default elementor-section-height-default\" data-id=\"f8399b6\" data-element_type=\"section\">\n\t\t\t\t\t\t<div class=\"elementor-container elementor-column-gap-default\">\n\t\t\t\t\t<div class=\"elementor-column elementor-col-100 elementor-top-column elementor-element elementor-element-f78e5e4\" data-id=\"f78e5e4\" data-element_type=\"column\">\n\t\t\t<div class=\"elementor-widget-wrap elementor-element-populated\">\n\t\t\t\t\t\t<div class=\"elementor-element elementor-element-a8beaaf elementor-align-center elementor-widget elementor-widget-button\" data-id=\"a8beaaf\" data-element_type=\"widget\" data-widget_type=\"button.default\">\n\t\t\t\t<div class=\"elementor-widget-container\">\n\t\t\t\t\t\t\t<div class=\"elementor-button-wrapper\">\n\t\t\t\t\t<a class=\"elementor-button elementor-button-link elementor-size-sm\" href=\"https:\/\/www.ufsm.br\/app\/uploads\/sites\/536\/2026\/08\/Resultado_preliminar-BCB-1.pdf\">\n\t\t\t\t\t\t<span class=\"elementor-button-content-wrapper\">\n\t\t\t\t\t\t\t\t\t<span class=\"elementor-button-text\">Clique aqui e acesse o resultado<\/span>\n\t\t\t\t\t<\/span>\n\t\t\t\t\t<\/a>\n\t\t\t\t<\/div>\n\t\t\t\t\t\t<\/div>\n\t\t\t\t<\/div>\n\t\t\t\t\t<\/div>\n\t\t<\/div>\n\t\t\t\t\t<\/div>\n\t\t<\/section>\n\t\t\t\t<section class=\"elementor-section elementor-top-section elementor-element elementor-element-deff338 elementor-section-boxed elementor-section-height-default elementor-section-height-default\" data-id=\"deff338\" data-element_type=\"section\">\n\t\t\t\t\t\t<div class=\"elementor-container elementor-column-gap-default\">\n\t\t\t\t\t<div class=\"elementor-column elementor-col-100 elementor-top-column elementor-element elementor-element-c50bea4\" data-id=\"c50bea4\" data-element_type=\"column\">\n\t\t\t<div class=\"elementor-widget-wrap elementor-element-populated\">\n\t\t\t\t\t\t<div class=\"elementor-element elementor-element-7c0512f elementor-widget elementor-widget-text-editor\" data-id=\"7c0512f\" data-element_type=\"widget\" data-widget_type=\"text-editor.default\">\n\t\t\t\t<div class=\"elementor-widget-container\">\n\t\t\t\t\t\t\t<p>O resultado \u00e9 preliminar e est\u00e1 sujeito \u00e0 interposi\u00e7\u00e3o de recursos. Os(as) candidatos(as) poder\u00e3o solicitar reconsidera\u00e7\u00e3o mediante recurso fundamentado, encaminhado ao e-mail <strong data-start=\"630\" data-end=\"647\"><a class=\"decorated-link cursor-pointer\" rel=\"noopener\" data-start=\"632\" data-end=\"645\">ppgeq@ufsm.br<\/a><\/strong>, no dia <strong data-start=\"656\" data-end=\"682\">1\u00ba de setembro de 2026<\/strong>.<\/p>\t\t\t\t\t\t<\/div>\n\t\t\t\t<\/div>\n\t\t\t\t\t<\/div>\n\t\t<\/div>\n\t\t\t\t\t<\/div>\n\t\t<\/section>\n\t\t\t\t<\/div>\n\t\t","protected":false},"excerpt":{"rendered":"<p>O Programa de P\u00f3s-Gradua\u00e7\u00e3o em Engenharia Qu\u00edmica (PPGEQ) da Universidade Federal de Santa Maria (UFSM) divulga o resultado preliminar da Sele\u00e7\u00e3o Interna de candidato(a) \u00e0 Bolsa Conhecimento Brasil \u2013 BCB-1, referente ao Edital Interno PPGEQ-UFSM n\u00ba 02\/2026.&nbsp; &nbsp; &nbsp; A sele\u00e7\u00e3o est\u00e1 vinculada \u00e0 proposta a ser submetida pelo PPGEQ-UFSM ao Edital FAPERGS\/CNPq\/CAPES n\u00ba 06\/2026 [&hellip;]<\/p>\n","protected":false},"author":673,"featured_media":0,"comment_status":"closed","ping_status":"closed","sticky":false,"template":"","format":"standard","meta":{"footnotes":""},"categories":[2,1],"tags":[],"class_list":["post-1420","post","type-post","status-publish","format-standard","hentry","category-noticias","category-sem-categoria"],"acf":[],"_links":{"self":[{"href":"https:\/\/www.ufsm.br\/cursos\/pos-graduacao\/santa-maria\/ppgeq\/wp-json\/wp\/v2\/posts\/1420","targetHints":{"allow":["GET"]}}],"collection":[{"href":"https:\/\/www.ufsm.br\/cursos\/pos-graduacao\/santa-maria\/ppgeq\/wp-json\/wp\/v2\/posts"}],"about":[{"href":"https:\/\/www.ufsm.br\/cursos\/pos-graduacao\/santa-maria\/ppgeq\/wp-json\/wp\/v2\/types\/post"}],"author":[{"embeddable":true,"href":"https:\/\/www.ufsm.br\/cursos\/pos-graduacao\/santa-maria\/ppgeq\/wp-json\/wp\/v2\/users\/673"}],"replies":[{"embeddable":true,"href":"https:\/\/www.ufsm.br\/cursos\/pos-graduacao\/santa-maria\/ppgeq\/wp-json\/wp\/v2\/comments?post=1420"}],"version-history":[{"count":0,"href":"https:\/\/www.ufsm.br\/cursos\/pos-graduacao\/santa-maria\/ppgeq\/wp-json\/wp\/v2\/posts\/1420\/revisions"}],"wp:attachment":[{"href":"https:\/\/www.ufsm.br\/cursos\/pos-graduacao\/santa-maria\/ppgeq\/wp-json\/wp\/v2\/media?parent=1420"}],"wp:term":[{"taxonomy":"category","embeddable":true,"href":"https:\/\/www.ufsm.br\/cursos\/pos-graduacao\/santa-maria\/ppgeq\/wp-json\/wp\/v2\/categories?post=1420"},{"taxonomy":"post_tag","embeddable":true,"href":"https:\/\/www.ufsm.br\/cursos\/pos-graduacao\/santa-maria\/ppgeq\/wp-json\/wp\/v2\/tags?post=1420"}],"curies":[{"name":"wp","href":"https:\/\/api.w.org\/{rel}","templated":true}]}}