{"id":1519,"date":"2026-08-28T19:33:50","date_gmt":"2026-08-28T22:33:50","guid":{"rendered":"https:\/\/www.ufsm.br\/cursos\/pos-graduacao\/santa-maria\/ppgeronto\/?p=1519"},"modified":"2026-08-28T19:33:58","modified_gmt":"2026-08-28T22:33:58","slug":"resultado-do-processo-eleitoral-para-a-coordenacao-do-ppg","status":"publish","type":"post","link":"https:\/\/www.ufsm.br\/cursos\/pos-graduacao\/santa-maria\/ppgeronto\/2026\/08\/28\/resultado-do-processo-eleitoral-para-a-coordenacao-do-ppg","title":{"rendered":"Resultado do processo eleitoral para \u00e0 coordena\u00e7\u00e3o do PPG"},"content":{"rendered":"\n<p>Foi realizada a apura\u00e7\u00e3o dos votos da elei\u00e7\u00e3o.\u00a0<\/p>\n<table class=\"pretty\">\n<tbody>\n<tr>\n<td>Coordenadora: Melissa Medeiros Braz &#8211; Coordenadora Substituta: Fernanda Barbisan<\/td>\n<td align=\"right\">23<\/td>\n<\/tr>\n<tr>\n<td>Branco<\/td>\n<td align=\"right\">0<\/td>\n<\/tr>\n<tr>\n<td>Nulo<\/td>\n<td align=\"right\">0<\/td>\n<\/tr>\n<\/tbody>\n<\/table>\n\n\n\n<p>\u00a0<\/p>\n<p>Para visualizar documentos de publica\u00e7\u00e3o <a href=\"https:\/\/www.ufsm.br\/app\/uploads\/sites\/516\/2026\/08\/chapa_28129_assinado.pdf\">clique aqui.<\/a><\/p>\n\n\n","protected":false},"excerpt":{"rendered":"<p>Foi realizada a apura\u00e7\u00e3o dos votos da elei\u00e7\u00e3o.\u00a0 Coordenadora: Melissa Medeiros Braz &#8211; Coordenadora Substituta: Fernanda Barbisan 23 Branco 0 Nulo 0 \u00a0 Para visualizar documentos de publica\u00e7\u00e3o clique aqui.<\/p>\n","protected":false},"author":878,"featured_media":0,"comment_status":"closed","ping_status":"closed","sticky":false,"template":"","format":"standard","meta":{"footnotes":""},"categories":[1],"tags":[],"class_list":["post-1519","post","type-post","status-publish","format-standard","hentry","category-sem-categoria"],"acf":[],"_links":{"self":[{"href":"https:\/\/www.ufsm.br\/cursos\/pos-graduacao\/santa-maria\/ppgeronto\/wp-json\/wp\/v2\/posts\/1519","targetHints":{"allow":["GET"]}}],"collection":[{"href":"https:\/\/www.ufsm.br\/cursos\/pos-graduacao\/santa-maria\/ppgeronto\/wp-json\/wp\/v2\/posts"}],"about":[{"href":"https:\/\/www.ufsm.br\/cursos\/pos-graduacao\/santa-maria\/ppgeronto\/wp-json\/wp\/v2\/types\/post"}],"author":[{"embeddable":true,"href":"https:\/\/www.ufsm.br\/cursos\/pos-graduacao\/santa-maria\/ppgeronto\/wp-json\/wp\/v2\/users\/878"}],"replies":[{"embeddable":true,"href":"https:\/\/www.ufsm.br\/cursos\/pos-graduacao\/santa-maria\/ppgeronto\/wp-json\/wp\/v2\/comments?post=1519"}],"version-history":[{"count":0,"href":"https:\/\/www.ufsm.br\/cursos\/pos-graduacao\/santa-maria\/ppgeronto\/wp-json\/wp\/v2\/posts\/1519\/revisions"}],"wp:attachment":[{"href":"https:\/\/www.ufsm.br\/cursos\/pos-graduacao\/santa-maria\/ppgeronto\/wp-json\/wp\/v2\/media?parent=1519"}],"wp:term":[{"taxonomy":"category","embeddable":true,"href":"https:\/\/www.ufsm.br\/cursos\/pos-graduacao\/santa-maria\/ppgeronto\/wp-json\/wp\/v2\/categories?post=1519"},{"taxonomy":"post_tag","embeddable":true,"href":"https:\/\/www.ufsm.br\/cursos\/pos-graduacao\/santa-maria\/ppgeronto\/wp-json\/wp\/v2\/tags?post=1519"}],"curies":[{"name":"wp","href":"https:\/\/api.w.org\/{rel}","templated":true}]}}