{"id":1171,"date":"2018-06-05T20:15:43","date_gmt":"2018-06-05T23:15:43","guid":{"rendered":"https:\/\/www.ufsm.br\/cursos\/pos-graduacao\/santa-maria\/ppgexr\/?p=1171"},"modified":"2020-09-10T15:41:41","modified_gmt":"2020-09-10T18:41:41","slug":"a-preparacao-das-associacoes-quilombolas-do-centro-serra-visando-a-participacao-na-25a-edicao-da-feicoop","status":"publish","type":"post","link":"https:\/\/www.ufsm.br\/cursos\/pos-graduacao\/santa-maria\/ppgexr\/2018\/06\/05\/a-preparacao-das-associacoes-quilombolas-do-centro-serra-visando-a-participacao-na-25a-edicao-da-feicoop","title":{"rendered":"A prepara\u00e7\u00e3o das associa\u00e7\u00f5es quilombolas do Centro Serra visando a participa\u00e7\u00e3o na 25\u00aa edi\u00e7\u00e3o da FEICOOP"},"content":{"rendered":"\n<p><span style=\"font-size: inherit\">O NEDET &#8211; N\u00facleo de Extens\u00e3o em Desenvolvimento Territorial Centro Serra \u2013 RS, participou das atividades realizadas no dia 29 de maio de 2018 com o objetivo de planejar a participa\u00e7\u00e3o de duas comunidades quilombolas do Territ\u00f3rio Centro Serra \u2013 RS na tradicional feira de Cooperativismo e Economia Solid\u00e1ria que se realiza anualmente em Santa Maria \u2013 RS. Os bolsistas do N\u00facleo estiveram em atividades realizadas nos munic\u00edpios de Salto do Jacu\u00ed e Arroio do Tigre, para discutir juntamente com a Associa\u00e7\u00e3o Quilombola Linha F\u00e3o e\u00a0 Associa\u00e7\u00e3o Remanescente de Quilombo J\u00falio Borges a participa\u00e7\u00e3o na 25\u00aa Feira Internacional Jubilar do Cooperativismo (FEICOOP), de 12 a 15 de Julho de 2018, no Centro de Refer\u00eancia de Economia Solid\u00e1ria Dom Ivo Lorscheiter.<\/span><\/p>\n<div>\n<section>\n<figure id=\"attachment_1264\" aria-describedby=\"caption-attachment-1264\" style=\"width: 1024px\" class=\"wp-caption alignnone\"><img fetchpriority=\"high\" decoding=\"async\" class=\"wp-image-1264 size-large\" src=\"https:\/\/www.ufsm.br\/app\/uploads\/sites\/525\/2020\/09\/01_JB-1024x576.jpeg\" alt=\"\" width=\"1024\" height=\"576\" srcset=\"https:\/\/www.ufsm.br\/app\/uploads\/sites\/525\/2020\/09\/01_JB-1024x576.jpeg 1024w, https:\/\/www.ufsm.br\/app\/uploads\/sites\/525\/2020\/09\/01_JB-300x169.jpeg 300w, https:\/\/www.ufsm.br\/app\/uploads\/sites\/525\/2020\/09\/01_JB-768x432.jpeg 768w, https:\/\/www.ufsm.br\/app\/uploads\/sites\/525\/2020\/09\/01_JB.jpeg 1280w\" sizes=\"(max-width: 1024px) 100vw, 1024px\" \/><figcaption id=\"caption-attachment-1264\" class=\"wp-caption-text\">Reuni\u00e3o na Associa\u00e7\u00e3o Remanescente de Quilombo J\u00falio Borges.<\/figcaption><\/figure>\n<p>\u00a0A contribui\u00e7\u00e3o do n\u00facleo para com estas comunidades acontece desde in\u00edcio de 2015 atrav\u00e9s das atividades ligadas ao CODETER Centro Serra e no caso da participa\u00e7\u00e3o neste evento se d\u00e1 por meio de apoio na reflex\u00e3o junto aos integrantes das comunidades e tamb\u00e9m por meio de articula\u00e7\u00f5es com diversos agentes relacionados, tanto em \u00e2mbito dos munic\u00edpios de suas localidades como junto aos organizadores da feira.\u00a0Participaram destas atividades no dia 29, al\u00e9m dos bolsistas do NEDET, os integrantes da Associa\u00e7\u00e3o Quilombola Linha F\u00e3o, da Associa\u00e7\u00e3o Remanescente de Quilombo J\u00falio Borges, t\u00e9cnicos da EMATER e da Caritas.<\/p>\n<figure id=\"attachment_1265\" aria-describedby=\"caption-attachment-1265\" style=\"width: 1024px\" class=\"wp-caption alignnone\"><img decoding=\"async\" class=\"wp-image-1265 size-large\" src=\"https:\/\/www.ufsm.br\/app\/uploads\/sites\/525\/2020\/09\/03_LF-1024x576.jpeg\" alt=\"\" width=\"1024\" height=\"576\" srcset=\"https:\/\/www.ufsm.br\/app\/uploads\/sites\/525\/2020\/09\/03_LF-1024x576.jpeg 1024w, https:\/\/www.ufsm.br\/app\/uploads\/sites\/525\/2020\/09\/03_LF-300x169.jpeg 300w, https:\/\/www.ufsm.br\/app\/uploads\/sites\/525\/2020\/09\/03_LF-768x432.jpeg 768w, https:\/\/www.ufsm.br\/app\/uploads\/sites\/525\/2020\/09\/03_LF.jpeg 1280w\" sizes=\"(max-width: 1024px) 100vw, 1024px\" \/><figcaption id=\"caption-attachment-1265\" class=\"wp-caption-text\">Reuni\u00e3o na Associa\u00e7\u00e3o Quilombola Linha F\u00e3o.<\/figcaption><\/figure>\n<p>Estas atividades do NEDET CS contam com o apoio do CNPq por meio do projeto \u201cProdu\u00e7\u00e3o e Gest\u00e3o Quilombola em Empreendimentos Econ\u00f4micos Solid\u00e1rios no Territ\u00f3rio Centro Serra do RS: Media\u00e7\u00f5es e Tecnologias Sociais em Contextos de Interculturalidade\u201d, aprovado na Chamada CNPq\/MTb-SENAES N\u00ba 27\/2017 e sob a coordena\u00e7\u00e3o do Professor Dr. Jos\u00e9 Marcos Froehlich do Departamento de Educa\u00e7\u00e3o Agr\u00edcola e Extens\u00e3o Rural da UFSM.<\/p>\n<\/section>\n<\/div>\n","protected":false},"excerpt":{"rendered":"<p>O NEDET &#8211; N\u00facleo de Extens\u00e3o em Desenvolvimento Territorial Centro Serra \u2013 RS, participou das atividades realizadas no dia 29 de maio de 2018 com o objetivo de planejar a participa\u00e7\u00e3o de duas comunidades quilombolas do Territ\u00f3rio Centro Serra \u2013 RS na tradicional feira de Cooperativismo e Economia Solid\u00e1ria que se realiza anualmente em Santa [&hellip;]<\/p>\n","protected":false},"author":2223,"featured_media":0,"comment_status":"closed","ping_status":"closed","sticky":false,"template":"","format":"standard","meta":{"footnotes":""},"categories":[2],"tags":[37,38],"class_list":["post-1171","post","type-post","status-publish","format-standard","hentry","category-noticias","tag-grupos","tag-nedet-centro-serra"],"acf":[],"_links":{"self":[{"href":"https:\/\/www.ufsm.br\/cursos\/pos-graduacao\/santa-maria\/ppgexr\/wp-json\/wp\/v2\/posts\/1171","targetHints":{"allow":["GET"]}}],"collection":[{"href":"https:\/\/www.ufsm.br\/cursos\/pos-graduacao\/santa-maria\/ppgexr\/wp-json\/wp\/v2\/posts"}],"about":[{"href":"https:\/\/www.ufsm.br\/cursos\/pos-graduacao\/santa-maria\/ppgexr\/wp-json\/wp\/v2\/types\/post"}],"author":[{"embeddable":true,"href":"https:\/\/www.ufsm.br\/cursos\/pos-graduacao\/santa-maria\/ppgexr\/wp-json\/wp\/v2\/users\/2223"}],"replies":[{"embeddable":true,"href":"https:\/\/www.ufsm.br\/cursos\/pos-graduacao\/santa-maria\/ppgexr\/wp-json\/wp\/v2\/comments?post=1171"}],"version-history":[{"count":0,"href":"https:\/\/www.ufsm.br\/cursos\/pos-graduacao\/santa-maria\/ppgexr\/wp-json\/wp\/v2\/posts\/1171\/revisions"}],"wp:attachment":[{"href":"https:\/\/www.ufsm.br\/cursos\/pos-graduacao\/santa-maria\/ppgexr\/wp-json\/wp\/v2\/media?parent=1171"}],"wp:term":[{"taxonomy":"category","embeddable":true,"href":"https:\/\/www.ufsm.br\/cursos\/pos-graduacao\/santa-maria\/ppgexr\/wp-json\/wp\/v2\/categories?post=1171"},{"taxonomy":"post_tag","embeddable":true,"href":"https:\/\/www.ufsm.br\/cursos\/pos-graduacao\/santa-maria\/ppgexr\/wp-json\/wp\/v2\/tags?post=1171"}],"curies":[{"name":"wp","href":"https:\/\/api.w.org\/{rel}","templated":true}]}}