{"id":1972,"date":"2021-12-01T14:28:03","date_gmt":"2021-12-01T17:28:03","guid":{"rendered":"https:\/\/www.ufsm.br\/cursos\/pos-graduacao\/santa-maria\/ppgexr\/?p=1972"},"modified":"2021-12-01T14:36:23","modified_gmt":"2021-12-01T17:36:23","slug":"defesa-de-tese-de-doutorado-marcos-roberto-pires-gregolin","status":"publish","type":"post","link":"https:\/\/www.ufsm.br\/cursos\/pos-graduacao\/santa-maria\/ppgexr\/2021\/12\/01\/defesa-de-tese-de-doutorado-marcos-roberto-pires-gregolin","title":{"rendered":"Defesa de Tese de Doutorado \u2013 Marcos Roberto Pires Gregolin"},"content":{"rendered":"\t\t<div data-elementor-type=\"wp-post\" data-elementor-id=\"1972\" class=\"elementor elementor-1972\">\n\t\t\t\t\t\t<section class=\"elementor-section elementor-top-section elementor-element elementor-element-62d5d03 elementor-section-boxed elementor-section-height-default elementor-section-height-default\" data-id=\"62d5d03\" data-element_type=\"section\">\n\t\t\t\t\t\t<div class=\"elementor-container elementor-column-gap-default\">\n\t\t\t\t\t<div class=\"elementor-column elementor-col-100 elementor-top-column elementor-element elementor-element-c5fc090\" data-id=\"c5fc090\" data-element_type=\"column\">\n\t\t\t<div class=\"elementor-widget-wrap elementor-element-populated\">\n\t\t\t\t\t\t<div class=\"elementor-element elementor-element-9e72627 elementor-widget elementor-widget-text-editor\" data-id=\"9e72627\" data-element_type=\"widget\" data-widget_type=\"text-editor.default\">\n\t\t\t\t<div class=\"elementor-widget-container\">\n\t\t\t\t\t\t\t<p>No dia 20\/12\/2021 \u00e0s 14:00h, pela Plataforma Google Meet Videoconfer\u00eancia, ocorrer\u00e1 a defesa de tese de doutorado do acad\u00eamico do Programa de P\u00f3s-Gradua\u00e7\u00e3o em Extens\u00e3o Rural, <strong>Marcos Roberto Pires Gregolin. <\/strong>Para maiores detalhes\u00a0<a href=\"https:\/\/www.ufsm.br\/app\/uploads\/sites\/525\/2021\/12\/Divulgacao-Defesa-Marcos-Gregolin.jpg\">clique aqui.<\/a><\/p><p>T\u00edtulo: ATER GERENCIAL EM COOPERATIVAS DE AGRICULTORES FAMILIARES. AN\u00c1LISE DA CONTING\u00caNCIA RACIONAL ENTRE BENEFICI\u00c1RIAS E UM PROJETO DE ATER PARA GEST\u00c3O<\/p><p>Banca:\u00a0<\/p><p>Renato Santos De Souza UFSM Presidente &#8211; Orientador<\/p><p>Dirceu Basso UNILA\u00a0\u00a0\u00a0\u00a0\u00a0\u00a0\u00a0\u00a0\u00a0\u00a0\u00a0<\/p><p>Gisele Martins Guimaraes UFSM\u00a0\u00a0\u00a0\u00a0\u00a0<\/p><p>Gustavo Pinto Da Silva UFSM\u00a0\u00a0\u00a0\u00a0\u00a0\u00a0\u00a0\u00a0<\/p><p>Marcelo Roger Meneghatti UNIOESTE<\/p>\t\t\t\t\t\t<\/div>\n\t\t\t\t<\/div>\n\t\t\t\t\t<\/div>\n\t\t<\/div>\n\t\t\t\t\t<\/div>\n\t\t<\/section>\n\t\t\t\t<\/div>\n\t\t","protected":false},"excerpt":{"rendered":"<p>No dia 20\/12\/2021 \u00e0s 14:00h, pela Plataforma Google Meet Videoconfer\u00eancia, ocorrer\u00e1 a defesa de tese de doutorado do acad\u00eamico do Programa de P\u00f3s-Gradua\u00e7\u00e3o em Extens\u00e3o Rural, Marcos Roberto Pires Gregolin. Para maiores detalhes\u00a0clique aqui. T\u00edtulo: ATER GERENCIAL EM COOPERATIVAS DE AGRICULTORES FAMILIARES. AN\u00c1LISE DA CONTING\u00caNCIA RACIONAL ENTRE BENEFICI\u00c1RIAS E UM PROJETO DE ATER PARA GEST\u00c3O [&hellip;]<\/p>\n","protected":false},"author":1537,"featured_media":0,"comment_status":"closed","ping_status":"closed","sticky":false,"template":"","format":"standard","meta":{"footnotes":""},"categories":[2],"tags":[],"class_list":["post-1972","post","type-post","status-publish","format-standard","hentry","category-noticias"],"acf":[],"_links":{"self":[{"href":"https:\/\/www.ufsm.br\/cursos\/pos-graduacao\/santa-maria\/ppgexr\/wp-json\/wp\/v2\/posts\/1972","targetHints":{"allow":["GET"]}}],"collection":[{"href":"https:\/\/www.ufsm.br\/cursos\/pos-graduacao\/santa-maria\/ppgexr\/wp-json\/wp\/v2\/posts"}],"about":[{"href":"https:\/\/www.ufsm.br\/cursos\/pos-graduacao\/santa-maria\/ppgexr\/wp-json\/wp\/v2\/types\/post"}],"author":[{"embeddable":true,"href":"https:\/\/www.ufsm.br\/cursos\/pos-graduacao\/santa-maria\/ppgexr\/wp-json\/wp\/v2\/users\/1537"}],"replies":[{"embeddable":true,"href":"https:\/\/www.ufsm.br\/cursos\/pos-graduacao\/santa-maria\/ppgexr\/wp-json\/wp\/v2\/comments?post=1972"}],"version-history":[{"count":0,"href":"https:\/\/www.ufsm.br\/cursos\/pos-graduacao\/santa-maria\/ppgexr\/wp-json\/wp\/v2\/posts\/1972\/revisions"}],"wp:attachment":[{"href":"https:\/\/www.ufsm.br\/cursos\/pos-graduacao\/santa-maria\/ppgexr\/wp-json\/wp\/v2\/media?parent=1972"}],"wp:term":[{"taxonomy":"category","embeddable":true,"href":"https:\/\/www.ufsm.br\/cursos\/pos-graduacao\/santa-maria\/ppgexr\/wp-json\/wp\/v2\/categories?post=1972"},{"taxonomy":"post_tag","embeddable":true,"href":"https:\/\/www.ufsm.br\/cursos\/pos-graduacao\/santa-maria\/ppgexr\/wp-json\/wp\/v2\/tags?post=1972"}],"curies":[{"name":"wp","href":"https:\/\/api.w.org\/{rel}","templated":true}]}}