{"id":3733,"date":"2012-05-28T14:25:11","date_gmt":"2012-05-28T16:25:11","guid":{"rendered":"http:\/\/w3.ufsm.br\/ppgf\/?p=410"},"modified":"2012-05-28T14:25:11","modified_gmt":"2012-05-28T16:25:11","slug":"mesa-redonda","status":"publish","type":"post","link":"https:\/\/www.ufsm.br\/cursos\/pos-graduacao\/santa-maria\/ppgf\/2012\/05\/28\/mesa-redonda","title":{"rendered":"MESA-REDONDA"},"content":{"rendered":"<p>Caros colegas,<\/p>\n<p>gostar\u00edamos de convid\u00e1-los para uma mesa-redonda comemorativa aos 50 anos de publica\u00e7\u00e3o do livro A estrutura das revolu\u00e7\u00f5es cient\u00edficas, de Thomas Kuhn. O evento, que ocorrer\u00e1 nesta sexta-feira (01\/06\/12), \u00e9 promovido pelo Grupo de Estudos em Metaf\u00edsica, Epistemologia, Linguagem e L\u00f3gica (GEMELL), e contar\u00e1 com as presen\u00e7as dos seguintes pesquisadores:<\/p>\n<p>&#8211; Paulo Aukar, &#8220;Talcott Parsons e Thomas Kuhn&#8221;<br \/>\n&#8211; Jo\u00e3o Carlos Gilli Martins, &#8220;Revolu\u00e7\u00f5es cient\u00edficas na matem\u00e1tica: um caso na \u00e1lgebra&#8221;<br \/>\n&#8211; Gilson Olegario da Silva, &#8220;L\u00e9xicos estruturados e frameworks lingu\u00edsticos: aspectos das releituras contempor\u00e2neas de Carnap e Kuhn&#8221;<br \/>\n&#8211; Laura Nascimento, &#8220;A tese da impregna\u00e7\u00e3o te\u00f3rica das observa\u00e7\u00f5es&#8221;<br \/>\n&#8211; Tamires Dal Magro, &#8220;Crit\u00e9rios de decis\u00e3o para hip\u00f3teses cient\u00edficas rivais&#8221;<br \/>\n&#8211; Rog\u00e9rio Severo, &#8220;Holismo e estruturas lexicais&#8221;<\/p>\n<p>Cada apresenta\u00e7\u00e3o ter\u00e1 dura\u00e7\u00e3o de 10-12 minutos.<\/p>\n<p>Os textos que servir\u00e3o de base para a discuss\u00e3o estar\u00e3o dispon\u00edveis na p\u00e1gina do GEMELL: http:\/\/sites.google.com\/site\/metafisicaeepistemologia\/<\/p>\n<p>Local: Audit\u00f3rio do Departamento de Filosofia (sala 2323, pr\u00e9dio 74-A)<\/p>\n<p>Hor\u00e1rio: 14h-16h<\/p>\n<p>Abra\u00e7os,<br \/>\n&#8211;Rog\u00e9rio<\/p>\n","protected":false},"excerpt":{"rendered":"<p>Mesa-Redonda<\/p>\n","protected":false},"author":1,"featured_media":0,"comment_status":"closed","ping_status":"open","sticky":false,"template":"","format":"standard","meta":{"footnotes":""},"categories":[2],"tags":[],"class_list":["post-3733","post","type-post","status-publish","format-standard","hentry","category-noticias"],"acf":[],"_links":{"self":[{"href":"https:\/\/www.ufsm.br\/cursos\/pos-graduacao\/santa-maria\/ppgf\/wp-json\/wp\/v2\/posts\/3733","targetHints":{"allow":["GET"]}}],"collection":[{"href":"https:\/\/www.ufsm.br\/cursos\/pos-graduacao\/santa-maria\/ppgf\/wp-json\/wp\/v2\/posts"}],"about":[{"href":"https:\/\/www.ufsm.br\/cursos\/pos-graduacao\/santa-maria\/ppgf\/wp-json\/wp\/v2\/types\/post"}],"author":[{"embeddable":true,"href":"https:\/\/www.ufsm.br\/cursos\/pos-graduacao\/santa-maria\/ppgf\/wp-json\/wp\/v2\/users\/1"}],"replies":[{"embeddable":true,"href":"https:\/\/www.ufsm.br\/cursos\/pos-graduacao\/santa-maria\/ppgf\/wp-json\/wp\/v2\/comments?post=3733"}],"version-history":[{"count":0,"href":"https:\/\/www.ufsm.br\/cursos\/pos-graduacao\/santa-maria\/ppgf\/wp-json\/wp\/v2\/posts\/3733\/revisions"}],"wp:attachment":[{"href":"https:\/\/www.ufsm.br\/cursos\/pos-graduacao\/santa-maria\/ppgf\/wp-json\/wp\/v2\/media?parent=3733"}],"wp:term":[{"taxonomy":"category","embeddable":true,"href":"https:\/\/www.ufsm.br\/cursos\/pos-graduacao\/santa-maria\/ppgf\/wp-json\/wp\/v2\/categories?post=3733"},{"taxonomy":"post_tag","embeddable":true,"href":"https:\/\/www.ufsm.br\/cursos\/pos-graduacao\/santa-maria\/ppgf\/wp-json\/wp\/v2\/tags?post=3733"}],"curies":[{"name":"wp","href":"https:\/\/api.w.org\/{rel}","templated":true}]}}