{"id":4658,"date":"2019-11-11T11:32:57","date_gmt":"2019-11-11T14:32:57","guid":{"rendered":"https:\/\/www.ufsm.br\/cursos\/pos-graduacao\/santa-maria\/ppgf\/?p=4658"},"modified":"2019-12-26T13:03:24","modified_gmt":"2019-12-26T16:03:24","slug":"horarios-das-disciplinas-2020-1","status":"publish","type":"post","link":"https:\/\/www.ufsm.br\/cursos\/pos-graduacao\/santa-maria\/ppgf\/2019\/11\/11\/horarios-das-disciplinas-2020-1","title":{"rendered":"Hor\u00e1rios das disciplinas &#8211; 2020\/1"},"content":{"rendered":"\n<figure class=\"wp-block-table\"><table class=\"\"><tbody><tr><td><a href=\"https:\/\/www.ufsm.br\/cursos\/pos-graduacao\/santa-maria\/ppgf\/wp-content\/uploads\/sites\/556\/2019\/12\/plano.ppg_.2020.1.docx\">FAF890 &#8211; T\u00f3picos de \u00c9tica IV<\/a><\/td><td>Ter\u00e7a-feira<\/td><td>Prof. Dr. Fl\u00e1vio Williges<\/td><td>Manh\u00e3 (08h30min)<\/td><\/tr><tr><td><a href=\"https:\/\/www.ufsm.br\/cursos\/pos-graduacao\/santa-maria\/ppgf\/wp-content\/uploads\/sites\/556\/2019\/12\/Farid-Zahnoun-Course-plan-UFSM-correct.docx\">FAF923 &#8211; Filosofia Da Mente IV (em Ingl\u00eas)<\/a><\/td><td>Ter\u00e7a-feira<\/td><td>Prof. Farid Zahnoun<\/td><td>Tarde (14h &#8211; 18h)<\/td><\/tr><tr><td>FAF855 &#8211; T\u00f3picos de Fenomenologia I<\/td><td>Quarta-feira<\/td><td>Prof. Dr. Silvestre Grzibowski<\/td><td>Manh\u00e3 (08h30min)<\/td><\/tr><tr><td><a href=\"https:\/\/www.ufsm.br\/cursos\/pos-graduacao\/santa-maria\/ppgf\/wp-content\/uploads\/sites\/556\/2019\/12\/PPG-2020-1-Plano-de-ensino-T\u00f3picos-de-\u00e9tica-V.pdf\">FAF891 &#8211; T\u00f3picos de \u00c9tica V<\/a><\/td><td>Quarta-feira<\/td><td>Profa. Dra. Juliana O. Missagia<\/td><td>Tarde (14h &#8211; 18h)<\/td><\/tr><tr><td><a href=\"https:\/\/www.ufsm.br\/cursos\/pos-graduacao\/santa-maria\/ppgf\/wp-content\/uploads\/sites\/556\/2019\/12\/Racionalidade-II_programa.pdf\">FAF954 &#8211; Teorias da Racionalidade II<\/a><\/td><td>Quinta-feira<\/td><td>Prof. Dr. Danilo Fraga Dantas<\/td><td>Tarde (14h &#8211; 18h)<\/td><\/tr><tr><td>FAF859 &#8211; T\u00f3picos de Fenomenologia e Hermen\u00eanutica I<\/td><td>Sexta-feira<\/td><td>Prof Dr. R\u00f3bson R. dos Reis<\/td><td>Tarde (14h &#8211; 18h)<\/td><\/tr><\/tbody><\/table><\/figure>\n","protected":false},"excerpt":{"rendered":"<p>FAF890 &#8211; T\u00f3picos de \u00c9tica IV Ter\u00e7a-feira Prof. Dr. Fl\u00e1vio Williges Manh\u00e3 (08h30min) FAF923 &#8211; Filosofia Da Mente IV (em Ingl\u00eas) Ter\u00e7a-feira Prof. Farid Zahnoun Tarde (14h &#8211; 18h) FAF855 &#8211; T\u00f3picos de Fenomenologia I Quarta-feira Prof. Dr. Silvestre Grzibowski Manh\u00e3 (08h30min) FAF891 &#8211; T\u00f3picos de \u00c9tica V Quarta-feira Profa. Dra. Juliana O. Missagia Tarde [&hellip;]<\/p>\n","protected":false},"author":805,"featured_media":0,"comment_status":"closed","ping_status":"closed","sticky":false,"template":"","format":"standard","meta":{"footnotes":""},"categories":[2,1],"tags":[],"class_list":["post-4658","post","type-post","status-publish","format-standard","hentry","category-noticias","category-sem-categoria"],"acf":[],"_links":{"self":[{"href":"https:\/\/www.ufsm.br\/cursos\/pos-graduacao\/santa-maria\/ppgf\/wp-json\/wp\/v2\/posts\/4658","targetHints":{"allow":["GET"]}}],"collection":[{"href":"https:\/\/www.ufsm.br\/cursos\/pos-graduacao\/santa-maria\/ppgf\/wp-json\/wp\/v2\/posts"}],"about":[{"href":"https:\/\/www.ufsm.br\/cursos\/pos-graduacao\/santa-maria\/ppgf\/wp-json\/wp\/v2\/types\/post"}],"author":[{"embeddable":true,"href":"https:\/\/www.ufsm.br\/cursos\/pos-graduacao\/santa-maria\/ppgf\/wp-json\/wp\/v2\/users\/805"}],"replies":[{"embeddable":true,"href":"https:\/\/www.ufsm.br\/cursos\/pos-graduacao\/santa-maria\/ppgf\/wp-json\/wp\/v2\/comments?post=4658"}],"version-history":[{"count":0,"href":"https:\/\/www.ufsm.br\/cursos\/pos-graduacao\/santa-maria\/ppgf\/wp-json\/wp\/v2\/posts\/4658\/revisions"}],"wp:attachment":[{"href":"https:\/\/www.ufsm.br\/cursos\/pos-graduacao\/santa-maria\/ppgf\/wp-json\/wp\/v2\/media?parent=4658"}],"wp:term":[{"taxonomy":"category","embeddable":true,"href":"https:\/\/www.ufsm.br\/cursos\/pos-graduacao\/santa-maria\/ppgf\/wp-json\/wp\/v2\/categories?post=4658"},{"taxonomy":"post_tag","embeddable":true,"href":"https:\/\/www.ufsm.br\/cursos\/pos-graduacao\/santa-maria\/ppgf\/wp-json\/wp\/v2\/tags?post=4658"}],"curies":[{"name":"wp","href":"https:\/\/api.w.org\/{rel}","templated":true}]}}