{"id":6475,"date":"2026-09-04T08:52:28","date_gmt":"2026-09-04T11:52:28","guid":{"rendered":"https:\/\/www.ufsm.br\/cursos\/pos-graduacao\/santa-maria\/ppgf\/?p=6475"},"modified":"2026-09-04T09:08:25","modified_gmt":"2026-09-04T12:08:25","slug":"seminario-de-pesquisa-epistemelab-gtea-divulga-programacao-do-segundo-semestre-de-2026","status":"publish","type":"post","link":"https:\/\/www.ufsm.br\/cursos\/pos-graduacao\/santa-maria\/ppgf\/2026\/09\/04\/seminario-de-pesquisa-epistemelab-gtea-divulga-programacao-do-segundo-semestre-de-2026","title":{"rendered":"Semin\u00e1rio de Pesquisa EpistemeLAB\/GTEA divulga programa\u00e7\u00e3o do segundo semestre de 2026"},"content":{"rendered":"\n<p class=\"PDq2pG_selectionAnchorContainer\" style=\"text-align: justify\" data-start=\"856\" data-end=\"1007\">O <strong data-start=\"858\" data-end=\"900\">Semin\u00e1rio de Pesquisa EpistemeLAB\/GTEA<\/strong> inicia, nesta sexta-feira, <strong data-start=\"928\" data-end=\"953\">4 de setembro de 2026<\/strong>, a programa\u00e7\u00e3o referente ao segundo semestre de 2026.<\/p>\n<p style=\"text-align: justify\" data-start=\"1009\" data-end=\"1297\">A atividade de abertura ser\u00e1 realizada <strong data-start=\"1048\" data-end=\"1058\">\u00e0s 14h<\/strong>, em ambiente virtual, com apresenta\u00e7\u00e3o do <strong data-start=\"1101\" data-end=\"1181\">Prof. Tiegue Vieira Rodrigues, da Universidade Federal de Santa Maria (UFSM)<\/strong>, intitulada <em data-start=\"1194\" data-end=\"1258\">\u201cEpistemic Generation and the Limits of Modal Preservationism\u201d<\/em>.<\/p>\n<p style=\"text-align: justify\" data-start=\"1299\" data-end=\"1592\">O Semin\u00e1rio contar\u00e1 com <strong data-start=\"1323\" data-end=\"1339\">11 encontros<\/strong>, realizados \u00e0s sextas-feiras, a partir das 14h, reunindo pesquisadores para apresenta\u00e7\u00e3o e discuss\u00e3o de trabalhos relacionados \u00e0s tem\u00e1ticas de pesquisa do grupo. As atividades seguem at\u00e9 <strong data-start=\"1527\" data-end=\"1553\">13 de novembro de 2026<\/strong>.<\/p>\n<p style=\"text-align: justify\" data-start=\"1594\" data-end=\"1889\"><strong data-start=\"1594\" data-end=\"1615\">Primeiro encontro<\/strong><br data-start=\"1615\" data-end=\"1618\" \/><strong data-start=\"1618\" data-end=\"1627\">Data:<\/strong> 4 de setembro de 2026<br data-start=\"1649\" data-end=\"1652\" \/><strong data-start=\"1652\" data-end=\"1664\">Hor\u00e1rio:<\/strong> 14h<br data-start=\"1668\" data-end=\"1671\" \/><strong data-start=\"1671\" data-end=\"1687\">Pesquisador:<\/strong> Tiegue Vieira Rodrigues<br data-start=\"1711\" data-end=\"1714\" \/><strong data-start=\"1714\" data-end=\"1725\">T\u00edtulo:<\/strong> <em data-start=\"1726\" data-end=\"1788\">Epistemic Generation and the Limits of Modal Preservationism<\/em><br data-start=\"1788\" data-end=\"1791\" \/><strong data-start=\"1791\" data-end=\"1806\">Modalidade:<\/strong> on-line \u2013 Google Meet<br data-start=\"1828\" data-end=\"1831\" \/><strong data-start=\"1831\" data-end=\"1857\">Acesso \u00e0 sala virtual:<a href=\"https:\/\/meet.google.com\/uqk-ynqv-kse\"> https:\/\/meet.google.com\/uqk-ynqv-kse<\/a><\/strong><\/p>\n<p style=\"text-align: justify\" data-start=\"1891\" data-end=\"1999\">A mesma sala virtual ser\u00e1 utilizada nos demais encontros do Semin\u00e1rio.<\/p>\n<p data-start=\"1891\" data-end=\"1999\">\u00a0<\/p>\n<p class=\"PDq2pG_selectionAnchorContainer\" data-start=\"2001\" data-end=\"2025\"><strong data-start=\"2001\" data-end=\"2025\">Programa\u00e7\u00e3o \u2013 2026\/2<\/strong><\/p>\n<div class=\"group TyagGW_tableContainer\">\n<div class=\"TyagGW_tableWrapper flex flex-col-reverse w-fit\">\n<table class=\"w-fit min-w-(--thread-content-width)\" style=\"border-color: #1c1818\" data-start=\"2027\" data-end=\"3062\">\n<thead data-start=\"2027\" data-end=\"2061\">\n<tr data-start=\"2027\" data-end=\"2061\">\n<td class=\"last:pe-10\" style=\"border-color: #1c0606;text-align: center;background-color: #ebdcf5\" data-start=\"2027\" data-end=\"2034\" data-col-size=\"sm\">Data<\/td>\n<td class=\"last:pe-10\" style=\"border-color: #1c0606;text-align: center;background-color: #ebdcf5\" data-start=\"2034\" data-end=\"2051\" data-col-size=\"sm\">Pesquisador(a)<\/td>\n<td class=\"last:pe-10\" style=\"border-color: #1c0606;text-align: center;background-color: #ebdcf5\" data-start=\"2051\" data-end=\"2061\" data-col-size=\"md\">T\u00edtulo<\/td>\n<\/tr>\n<\/thead>\n<tbody data-start=\"2076\" data-end=\"3062\">\n<tr data-start=\"2076\" data-end=\"2176\">\n<td style=\"border-color: #1c0606\" data-start=\"2076\" data-end=\"2084\" data-col-size=\"sm\">04\/09<\/td>\n<td style=\"border-color: #1c0606\" data-start=\"2084\" data-end=\"2110\" data-col-size=\"sm\">Tiegue Vieira Rodrigues<\/td>\n<td style=\"border-color: #1c0606\" data-col-size=\"md\" data-start=\"2110\" data-end=\"2176\"><em data-start=\"2112\" data-end=\"2174\">Epistemic Generation and the Limits of Modal Preservationism<\/em><\/td>\n<\/tr>\n<tr data-start=\"2177\" data-end=\"2287\">\n<td style=\"border-color: #1c0606\" data-start=\"2177\" data-end=\"2185\" data-col-size=\"sm\">11\/09<\/td>\n<td style=\"border-color: #1c0606\" data-col-size=\"sm\" data-start=\"2185\" data-end=\"2217\">Lucas Gutemberg Santos Barros<\/td>\n<td style=\"border-color: #1c0606\" data-col-size=\"md\" data-start=\"2217\" data-end=\"2287\">Uma perspectiva neopragmatista perif\u00e9rica sobre a neurodiversidade<\/td>\n<\/tr>\n<tr data-start=\"2288\" data-end=\"2407\">\n<td style=\"border-color: #1c0606\" data-start=\"2288\" data-end=\"2296\" data-col-size=\"sm\">18\/09<\/td>\n<td style=\"border-color: #1c0606\" data-col-size=\"sm\" data-start=\"2296\" data-end=\"2314\">Veronica Campos<\/td>\n<td style=\"border-color: #1c0606\" data-col-size=\"md\" data-start=\"2314\" data-end=\"2407\">Os limites de \u201csoundness\u201d como crit\u00e9rio universal de sucesso para atitudes investigativas<\/td>\n<\/tr>\n<tr data-start=\"2408\" data-end=\"2445\">\n<td style=\"border-color: #1c0606\" data-start=\"2408\" data-end=\"2416\" data-col-size=\"sm\">25\/09<\/td>\n<td style=\"border-color: #1c0606\" data-start=\"2416\" data-end=\"2432\" data-col-size=\"sm\">Felipe Muller<\/td>\n<td style=\"border-color: #1c0606\" data-col-size=\"md\" data-start=\"2432\" data-end=\"2445\">A definir<\/td>\n<\/tr>\n<tr data-start=\"2446\" data-end=\"2526\">\n<td style=\"border-color: #1c0606\" data-start=\"2446\" data-end=\"2454\" data-col-size=\"sm\">02\/10<\/td>\n<td style=\"border-color: #1c0606\" data-start=\"2454\" data-end=\"2468\" data-col-size=\"sm\">Andr\u00e9 Neiva<\/td>\n<td style=\"border-color: #1c0606\" data-col-size=\"md\" data-start=\"2468\" data-end=\"2526\">Experi\u00eancias Transformadoras e Decis\u00f5es sob Ignor\u00e2ncia<\/td>\n<\/tr>\n<tr data-start=\"2527\" data-end=\"2609\">\n<td style=\"border-color: #1c0606\" data-start=\"2527\" data-end=\"2535\" data-col-size=\"sm\">09\/10<\/td>\n<td style=\"border-color: #1c0606\" data-col-size=\"sm\" data-start=\"2535\" data-end=\"2550\">Marcos Alves<\/td>\n<td style=\"border-color: #1c0606\" data-col-size=\"md\" data-start=\"2550\" data-end=\"2609\">Informa\u00e7\u00e3o, cogni\u00e7\u00e3o e a\u00e7\u00e3o: uma abordagem cognitivista<\/td>\n<\/tr>\n<tr data-start=\"2610\" data-end=\"2711\">\n<td style=\"border-color: #1c0606\" data-start=\"2610\" data-end=\"2618\" data-col-size=\"sm\">16\/10<\/td>\n<td style=\"border-color: #1c0606\" data-col-size=\"sm\" data-start=\"2618\" data-end=\"2637\">Jerzy Brzozowski<\/td>\n<td style=\"border-color: #1c0606\" data-col-size=\"md\" data-start=\"2637\" data-end=\"2711\">O jogo dos nomes: simulando teorias da refer\u00eancia em redes epist\u00eamicas<\/td>\n<\/tr>\n<tr data-start=\"2712\" data-end=\"2798\">\n<td style=\"border-color: #1c0606\" data-start=\"2712\" data-end=\"2720\" data-col-size=\"sm\">23\/10<\/td>\n<td style=\"border-color: #1c0606\" data-start=\"2720\" data-end=\"2742\" data-col-size=\"sm\">Luan Guedes Goulart<\/td>\n<td style=\"border-color: #1c0606\" data-col-size=\"md\" data-start=\"2742\" data-end=\"2798\">Uma Abordagem Contextualista sobre Infer\u00eancia Causal<\/td>\n<\/tr>\n<tr data-start=\"2799\" data-end=\"2871\">\n<td style=\"border-color: #1c0606\" data-start=\"2799\" data-end=\"2807\" data-col-size=\"sm\">30\/10<\/td>\n<td style=\"border-color: #1c0606\" data-col-size=\"sm\" data-start=\"2807\" data-end=\"2838\">S\u00e9rgio Farias de Souza Filho<\/td>\n<td style=\"border-color: #1c0606\" data-col-size=\"md\" data-start=\"2838\" data-end=\"2871\">A verdade \u00e9 o alvo da cren\u00e7a?<\/td>\n<\/tr>\n<tr data-start=\"2872\" data-end=\"2977\">\n<td style=\"border-color: #1c0606\" data-start=\"2872\" data-end=\"2880\" data-col-size=\"sm\">06\/11<\/td>\n<td style=\"border-color: #1c0606\" data-col-size=\"sm\" data-start=\"2880\" data-end=\"2895\">Matheos Maia<\/td>\n<td style=\"border-color: #1c0606\" data-col-size=\"md\" data-start=\"2895\" data-end=\"2977\"><em data-start=\"2897\" data-end=\"2975\">Knowing how and being able: On the Entailment Between Know-how and Abilities<\/em><\/td>\n<\/tr>\n<tr data-start=\"2978\" data-end=\"3062\">\n<td style=\"border-color: #1c0606\" data-start=\"2978\" data-end=\"2986\" data-col-size=\"sm\">13\/11<\/td>\n<td style=\"border-color: #1c0606\" data-col-size=\"sm\" data-start=\"2986\" data-end=\"3017\">Sarah Paiva da Silva Schmitz<\/td>\n<td style=\"border-color: #1c0606\" data-col-size=\"md\" data-start=\"3017\" data-end=\"3062\">Autonomia intelectual e v\u00edcios correlatos<\/td>\n<\/tr>\n<\/tbody>\n<\/table>\n<\/div>\n<\/div>\n<p data-start=\"1891\" data-end=\"1999\">\u00a0<\/p>\n<p data-start=\"1891\" data-end=\"1999\"><a href=\"https:\/\/www.ufsm.br\/app\/uploads\/sites\/556\/2026\/09\/Seminario-de-Pesquisa-EpistemeLAB-GTEA-Proposta-Cronograma-2026_2-1.pdf\">Semin\u00e1rio de Pesquisa EpistemeLAB GTEA &#8211; Cronograma 2026_2-1<\/a><\/p>\n<p data-start=\"1891\" data-end=\"1999\">\u00a0<\/p>\n<p data-start=\"1891\" data-end=\"1999\">\u00a0<\/p>\n<p data-start=\"1891\" data-end=\"1999\">\u00a0<\/p>\n\n\n\n<p class=\"wp-block-paragraph\"><\/p>\n","protected":false},"excerpt":{"rendered":"<p>O Semin\u00e1rio de Pesquisa EpistemeLAB\/GTEA inicia, nesta sexta-feira, 4 de setembro de 2026, a programa\u00e7\u00e3o referente ao segundo semestre de 2026. A atividade de abertura ser\u00e1 realizada \u00e0s 14h, em ambiente virtual, com apresenta\u00e7\u00e3o do Prof. Tiegue Vieira Rodrigues, da Universidade Federal de Santa Maria (UFSM), intitulada \u201cEpistemic Generation and the Limits of Modal Preservationism\u201d. [&hellip;]<\/p>\n","protected":false},"author":905,"featured_media":0,"comment_status":"closed","ping_status":"closed","sticky":false,"template":"","format":"standard","meta":{"footnotes":""},"categories":[9,18,2,1],"tags":[],"class_list":["post-6475","post","type-post","status-publish","format-standard","hentry","category-destaques","category-eventos","category-noticias","category-sem-categoria"],"acf":[],"_links":{"self":[{"href":"https:\/\/www.ufsm.br\/cursos\/pos-graduacao\/santa-maria\/ppgf\/wp-json\/wp\/v2\/posts\/6475","targetHints":{"allow":["GET"]}}],"collection":[{"href":"https:\/\/www.ufsm.br\/cursos\/pos-graduacao\/santa-maria\/ppgf\/wp-json\/wp\/v2\/posts"}],"about":[{"href":"https:\/\/www.ufsm.br\/cursos\/pos-graduacao\/santa-maria\/ppgf\/wp-json\/wp\/v2\/types\/post"}],"author":[{"embeddable":true,"href":"https:\/\/www.ufsm.br\/cursos\/pos-graduacao\/santa-maria\/ppgf\/wp-json\/wp\/v2\/users\/905"}],"replies":[{"embeddable":true,"href":"https:\/\/www.ufsm.br\/cursos\/pos-graduacao\/santa-maria\/ppgf\/wp-json\/wp\/v2\/comments?post=6475"}],"version-history":[{"count":0,"href":"https:\/\/www.ufsm.br\/cursos\/pos-graduacao\/santa-maria\/ppgf\/wp-json\/wp\/v2\/posts\/6475\/revisions"}],"wp:attachment":[{"href":"https:\/\/www.ufsm.br\/cursos\/pos-graduacao\/santa-maria\/ppgf\/wp-json\/wp\/v2\/media?parent=6475"}],"wp:term":[{"taxonomy":"category","embeddable":true,"href":"https:\/\/www.ufsm.br\/cursos\/pos-graduacao\/santa-maria\/ppgf\/wp-json\/wp\/v2\/categories?post=6475"},{"taxonomy":"post_tag","embeddable":true,"href":"https:\/\/www.ufsm.br\/cursos\/pos-graduacao\/santa-maria\/ppgf\/wp-json\/wp\/v2\/tags?post=6475"}],"curies":[{"name":"wp","href":"https:\/\/api.w.org\/{rel}","templated":true}]}}