{"id":6477,"date":"2026-09-04T09:35:09","date_gmt":"2026-09-04T12:35:09","guid":{"rendered":"https:\/\/www.ufsm.br\/cursos\/pos-graduacao\/santa-maria\/ppgf\/?p=6477"},"modified":"2026-09-04T09:46:22","modified_gmt":"2026-09-04T12:46:22","slug":"prof-tiegue-rodrigues-apresenta-pesquisa-no-seminario-epistemelab-gtea-nesta-sexta-feira-4","status":"publish","type":"post","link":"https:\/\/www.ufsm.br\/cursos\/pos-graduacao\/santa-maria\/ppgf\/2026\/09\/04\/prof-tiegue-rodrigues-apresenta-pesquisa-no-seminario-epistemelab-gtea-nesta-sexta-feira-4","title":{"rendered":"Prof. Tiegue Rodrigues apresenta pesquisa no Semin\u00e1rio EpistemeLAB\/GTEA nesta sexta-feira (4)"},"content":{"rendered":"\n<p class=\"PDq2pG_selectionAnchorContainer\" style=\"text-align: justify\" data-start=\"600\" data-end=\"728\">O <strong data-start=\"602\" data-end=\"644\">Semin\u00e1rio de Pesquisa EpistemeLAB\/GTEA<\/strong> inicia nesta sexta-feira, <strong data-start=\"671\" data-end=\"696\">4 de setembro de 2026<\/strong>, as sess\u00f5es de sua nova edi\u00e7\u00e3o.<\/p>\n<p style=\"text-align: justify\" data-start=\"730\" data-end=\"900\">A abertura da programa\u00e7\u00e3o contar\u00e1 com a apresenta\u00e7\u00e3o do <strong data-start=\"786\" data-end=\"866\">Prof. Tiegue Vieira Rodrigues, da Universidade Federal de Santa Maria (UFSM)<\/strong>, \u00e0s <strong data-start=\"871\" data-end=\"878\">14h<\/strong>, em ambiente virtual.<\/p>\n<p data-start=\"902\" data-end=\"1157\"><strong data-start=\"902\" data-end=\"913\">T\u00edtulo:<\/strong> <em data-start=\"914\" data-end=\"976\">Epistemic Generation and the Limits of Modal Preservationism<\/em><br data-start=\"976\" data-end=\"979\" \/><strong data-start=\"979\" data-end=\"995\">Pesquisador:<\/strong> Tiegue Vieira Rodrigues (UFSM)<br data-start=\"1026\" data-end=\"1029\" \/><strong data-start=\"1029\" data-end=\"1038\">Data:<\/strong> 4 de setembro de 2026<br data-start=\"1060\" data-end=\"1063\" \/><strong data-start=\"1063\" data-end=\"1075\">Hor\u00e1rio:<\/strong> 14h<br data-start=\"1079\" data-end=\"1082\" \/><strong data-start=\"1082\" data-end=\"1097\">Modalidade:<\/strong> on-line<br data-start=\"1105\" data-end=\"1108\" \/><strong data-start=\"1108\" data-end=\"1119\">Acesso:<\/strong> <span class=\"contents\" data-content-reference-start=\"1120\" data-content-reference-end=\"1199\"><span class=\"\" data-state=\"closed\"><a class=\"decorated-link\" href=\"https:\/\/meet.google.com\/uqk-ynqv-kse?utm_source=chatgpt.com\" target=\"_blank\" rel=\"noopener\">Google Meet \u2013 acessar a sala virtual<\/a><\/span><\/span><\/p>\n<h3 data-section-id=\"pjdsxh\" data-start=\"1159\" data-end=\"1169\">Resumo<\/h3>\n<p style=\"text-align: justify\" data-start=\"1171\" data-end=\"2565\"><em data-start=\"1171\" data-end=\"2565\">Epistemic generationism about memory holds that memory can both preserve and generate epistemic status. In contrast, preservationism holds that memory is a conduit rather than a source: it transmits justification and knowledge already established by other cognitive faculties but never improves on them. This paper offers a new argument for generationism, centred on the concept of epistemic neutrality. The core claim is that unconscious perceptual processing can register informational content that is, initially, neither justified nor unjustified, because it stands outside the domain of epistemic evaluation having never been endorsed as a belief. Memory generates justification when it reliably retrieves this neutral content and converts it, for the first time, into a justified belief. This conversion establishes what we call a support relation between the stored content and the newly formed belief, and it is from this relation that justification emerges rather than being transferred from any prior state. We distinguish this account from Lackey\u2019s (2005) original generativist proposal, defend it against objections from entitlement-based preservationism, phenomenal conservatism, and the epistemic boost problem, and show that Modal Preservationism (Bernecker &amp; Silva, 2026) survives existing objections only by conceding, under a modal guise, precisely what generativism asserts.<\/em><\/p>\n<p style=\"text-align: justify\" data-start=\"2567\" data-end=\"2792\">A atividade integra a programa\u00e7\u00e3o do <strong data-start=\"2604\" data-end=\"2655\">Semin\u00e1rio de Pesquisa EpistemeLAB\/GTEA \u2013 2026\/2<\/strong>, que contar\u00e1 com 11 encontros ao longo do semestre, realizados \u00e0s sextas-feiras, a partir das 14h.<\/p>\n\n\n\n<p class=\"wp-block-paragraph\"><\/p>\n","protected":false},"excerpt":{"rendered":"<p>O Semin\u00e1rio de Pesquisa EpistemeLAB\/GTEA inicia nesta sexta-feira, 4 de setembro de 2026, as sess\u00f5es de sua nova edi\u00e7\u00e3o. A abertura da programa\u00e7\u00e3o contar\u00e1 com a apresenta\u00e7\u00e3o do Prof. Tiegue Vieira Rodrigues, da Universidade Federal de Santa Maria (UFSM), \u00e0s 14h, em ambiente virtual. T\u00edtulo: Epistemic Generation and the Limits of Modal PreservationismPesquisador: Tiegue Vieira [&hellip;]<\/p>\n","protected":false},"author":905,"featured_media":0,"comment_status":"closed","ping_status":"closed","sticky":false,"template":"","format":"standard","meta":{"footnotes":""},"categories":[9,18,2],"tags":[],"class_list":["post-6477","post","type-post","status-publish","format-standard","hentry","category-destaques","category-eventos","category-noticias"],"acf":[],"_links":{"self":[{"href":"https:\/\/www.ufsm.br\/cursos\/pos-graduacao\/santa-maria\/ppgf\/wp-json\/wp\/v2\/posts\/6477","targetHints":{"allow":["GET"]}}],"collection":[{"href":"https:\/\/www.ufsm.br\/cursos\/pos-graduacao\/santa-maria\/ppgf\/wp-json\/wp\/v2\/posts"}],"about":[{"href":"https:\/\/www.ufsm.br\/cursos\/pos-graduacao\/santa-maria\/ppgf\/wp-json\/wp\/v2\/types\/post"}],"author":[{"embeddable":true,"href":"https:\/\/www.ufsm.br\/cursos\/pos-graduacao\/santa-maria\/ppgf\/wp-json\/wp\/v2\/users\/905"}],"replies":[{"embeddable":true,"href":"https:\/\/www.ufsm.br\/cursos\/pos-graduacao\/santa-maria\/ppgf\/wp-json\/wp\/v2\/comments?post=6477"}],"version-history":[{"count":0,"href":"https:\/\/www.ufsm.br\/cursos\/pos-graduacao\/santa-maria\/ppgf\/wp-json\/wp\/v2\/posts\/6477\/revisions"}],"wp:attachment":[{"href":"https:\/\/www.ufsm.br\/cursos\/pos-graduacao\/santa-maria\/ppgf\/wp-json\/wp\/v2\/media?parent=6477"}],"wp:term":[{"taxonomy":"category","embeddable":true,"href":"https:\/\/www.ufsm.br\/cursos\/pos-graduacao\/santa-maria\/ppgf\/wp-json\/wp\/v2\/categories?post=6477"},{"taxonomy":"post_tag","embeddable":true,"href":"https:\/\/www.ufsm.br\/cursos\/pos-graduacao\/santa-maria\/ppgf\/wp-json\/wp\/v2\/tags?post=6477"}],"curies":[{"name":"wp","href":"https:\/\/api.w.org\/{rel}","templated":true}]}}