{"id":6480,"date":"2026-09-04T15:26:16","date_gmt":"2026-09-04T18:26:16","guid":{"rendered":"https:\/\/www.ufsm.br\/cursos\/pos-graduacao\/santa-maria\/ppgf\/?p=6480"},"modified":"2026-09-04T15:26:18","modified_gmt":"2026-09-04T18:26:18","slug":"defesa-de-mestrado-lucas-petermann-melchior","status":"publish","type":"post","link":"https:\/\/www.ufsm.br\/cursos\/pos-graduacao\/santa-maria\/ppgf\/2026\/09\/04\/defesa-de-mestrado-lucas-petermann-melchior","title":{"rendered":"Defesa de mestrado \u2013 Lucas Petermann Melchior"},"content":{"rendered":"\n<p style=\"text-align: justify\">O Programa de P\u00f3s-Gradua\u00e7\u00e3o em <strong><b>Filosofia<\/b><\/strong> divulga a banca de defesa de disserta\u00e7\u00e3o do mestrando <strong><b>Lucas Petermann Melchior<\/b><\/strong>, intitulada <strong><b>&#8220;A Desordem do Mundo: Monstros, Horror e Desumaniza\u00e7\u00e3o&#8221;<\/b><\/strong>, que ser\u00e1 realizada no dia <strong><b>11\/09\/2026<\/b><\/strong>, \u00e0s <strong><b>14 horas<\/b><\/strong>, <strong><b>local UFSM<\/b><\/strong>.<\/p>\n<p style=\"text-align: justify\">A comunidade acad\u00eamica est\u00e1 convidada a prestigiar a atividade.<\/p>\n<p>\u00a0<\/p>\n<p>Local: UFSM | Solicite acesso \u00e0 sala virtual, enviando e-mail para <a href=\"mailto:flavio.williges@ufsm.br\" target=\"_blank\" rel=\"noopener\">flavio.williges@ufsm.br<\/a>\u00a0 at\u00e9 o dia 10\/09\/2026.<\/p>\n<p><img fetchpriority=\"high\" decoding=\"async\" class=\"alignleft size-full wp-image-6481\" src=\"https:\/\/www.ufsm.br\/app\/uploads\/sites\/556\/2026\/09\/PPGFil-D.-Mestrado-Lucas-Petermann-Melchior.jpg\" alt=\"\" width=\"1080\" height=\"1080\" srcset=\"https:\/\/www.ufsm.br\/app\/uploads\/sites\/556\/2026\/09\/PPGFil-D.-Mestrado-Lucas-Petermann-Melchior.jpg 1080w, https:\/\/www.ufsm.br\/app\/uploads\/sites\/556\/2026\/09\/PPGFil-D.-Mestrado-Lucas-Petermann-Melchior-300x300.jpg 300w, https:\/\/www.ufsm.br\/app\/uploads\/sites\/556\/2026\/09\/PPGFil-D.-Mestrado-Lucas-Petermann-Melchior-1024x1024.jpg 1024w, https:\/\/www.ufsm.br\/app\/uploads\/sites\/556\/2026\/09\/PPGFil-D.-Mestrado-Lucas-Petermann-Melchior-150x150.jpg 150w, https:\/\/www.ufsm.br\/app\/uploads\/sites\/556\/2026\/09\/PPGFil-D.-Mestrado-Lucas-Petermann-Melchior-768x768.jpg 768w\" sizes=\"(max-width: 1080px) 100vw, 1080px\" \/><\/p>\n","protected":false},"excerpt":{"rendered":"<p>O Programa de P\u00f3s-Gradua\u00e7\u00e3o em Filosofia divulga a banca de defesa de disserta\u00e7\u00e3o do mestrando Lucas Petermann Melchior, intitulada &#8220;A Desordem do Mundo: Monstros, Horror e Desumaniza\u00e7\u00e3o&#8221;, que ser\u00e1 realizada no dia 11\/09\/2026, \u00e0s 14 horas, local UFSM. A comunidade acad\u00eamica est\u00e1 convidada a prestigiar a atividade. \u00a0 Local: UFSM | Solicite acesso \u00e0 sala [&hellip;]<\/p>\n","protected":false},"author":905,"featured_media":0,"comment_status":"closed","ping_status":"closed","sticky":false,"template":"","format":"standard","meta":{"footnotes":""},"categories":[58,9,2],"tags":[],"class_list":["post-6480","post","type-post","status-publish","format-standard","hentry","category-defesas","category-destaques","category-noticias"],"acf":[],"_links":{"self":[{"href":"https:\/\/www.ufsm.br\/cursos\/pos-graduacao\/santa-maria\/ppgf\/wp-json\/wp\/v2\/posts\/6480","targetHints":{"allow":["GET"]}}],"collection":[{"href":"https:\/\/www.ufsm.br\/cursos\/pos-graduacao\/santa-maria\/ppgf\/wp-json\/wp\/v2\/posts"}],"about":[{"href":"https:\/\/www.ufsm.br\/cursos\/pos-graduacao\/santa-maria\/ppgf\/wp-json\/wp\/v2\/types\/post"}],"author":[{"embeddable":true,"href":"https:\/\/www.ufsm.br\/cursos\/pos-graduacao\/santa-maria\/ppgf\/wp-json\/wp\/v2\/users\/905"}],"replies":[{"embeddable":true,"href":"https:\/\/www.ufsm.br\/cursos\/pos-graduacao\/santa-maria\/ppgf\/wp-json\/wp\/v2\/comments?post=6480"}],"version-history":[{"count":0,"href":"https:\/\/www.ufsm.br\/cursos\/pos-graduacao\/santa-maria\/ppgf\/wp-json\/wp\/v2\/posts\/6480\/revisions"}],"wp:attachment":[{"href":"https:\/\/www.ufsm.br\/cursos\/pos-graduacao\/santa-maria\/ppgf\/wp-json\/wp\/v2\/media?parent=6480"}],"wp:term":[{"taxonomy":"category","embeddable":true,"href":"https:\/\/www.ufsm.br\/cursos\/pos-graduacao\/santa-maria\/ppgf\/wp-json\/wp\/v2\/categories?post=6480"},{"taxonomy":"post_tag","embeddable":true,"href":"https:\/\/www.ufsm.br\/cursos\/pos-graduacao\/santa-maria\/ppgf\/wp-json\/wp\/v2\/tags?post=6480"}],"curies":[{"name":"wp","href":"https:\/\/api.w.org\/{rel}","templated":true}]}}