{"id":3057,"date":"2023-12-11T21:36:48","date_gmt":"2023-12-12T00:36:48","guid":{"rendered":"https:\/\/www.ufsm.br\/cursos\/pos-graduacao\/santa-maria\/ppggeo\/?p=3057"},"modified":"2023-12-11T21:37:53","modified_gmt":"2023-12-12T00:37:53","slug":"retificacao-dos-horarios-para-a-realizacao-da-terceira-etapa-da-selecao-defesa-da-producao-academica-e-do-projeto-de-pesquisa","status":"publish","type":"post","link":"https:\/\/www.ufsm.br\/cursos\/pos-graduacao\/santa-maria\/ppggeo\/2023\/12\/11\/retificacao-dos-horarios-para-a-realizacao-da-terceira-etapa-da-selecao-defesa-da-producao-academica-e-do-projeto-de-pesquisa","title":{"rendered":"Retifica\u00e7\u00e3o dos hor\u00e1rios para a realiza\u00e7\u00e3o da terceira etapa da sele\u00e7\u00e3o \u2013 Defesa da produ\u00e7\u00e3o acad\u00eamica e do projeto de pesquisa"},"content":{"rendered":"\n<p>O PPGGEO\/UFSM torna p\u00fabica a retifia\u00e7\u00e3o dos hor\u00e1rios para a realiza\u00e7\u00e3o da terceira etapa da sele\u00e7\u00e3o &#8211; Defesa da produ\u00e7\u00e3o acad\u00eamica e do projeto de pesquisa.<\/p>\n<p>Onde se l\u00ea:\u00a0<\/p>\n<p>DATA: 13\/12\/2023 (QUARTA-FEIRA) \u2013 LINHA DIN\u00c2MICAS DA NATUREZA<br \/>BANCA:<br \/>ANDREA VALLI NUMMER<br \/>ROM\u00c1RIO TRENTIN<br \/><strong>MAURO KUMPFER WERLANG<\/strong><\/p>\n<p>Leia-se<\/p>\n<p>DATA: 13\/12\/2023 (QUARTA-FEIRA) \u2013 LINHA DIN\u00c2MICAS DA NATUREZA<br \/>BANCA:<br \/>ANDREA VALLI NUMMER<br \/>ROM\u00c1RIO TRENTIN<br \/><strong>F\u00c1BIO BREUNIG<\/strong><\/p>\n<p><a href=\"https:\/\/www.ufsm.br\/app\/uploads\/sites\/538\/2023\/12\/Retificado_HORARIOS_DEFESA_PPGGEO_INGRESSO_2024_assinado-1.pdf\" target=\"_blank\" rel=\"noopener\">Acesse os hor\u00e1rios com a retifica\u00e7\u00e3o aqui:<\/a><\/p>\n","protected":false},"excerpt":{"rendered":"<p>O PPGGEO\/UFSM torna p\u00fabica a retifia\u00e7\u00e3o dos hor\u00e1rios para a realiza\u00e7\u00e3o da terceira etapa da sele\u00e7\u00e3o &#8211; Defesa da produ\u00e7\u00e3o acad\u00eamica e do projeto de pesquisa. Onde se l\u00ea:\u00a0 DATA: 13\/12\/2023 (QUARTA-FEIRA) \u2013 LINHA DIN\u00c2MICAS DA NATUREZABANCA:ANDREA VALLI NUMMERROM\u00c1RIO TRENTINMAURO KUMPFER WERLANG Leia-se DATA: 13\/12\/2023 (QUARTA-FEIRA) \u2013 LINHA DIN\u00c2MICAS DA NATUREZABANCA:ANDREA VALLI NUMMERROM\u00c1RIO TRENTINF\u00c1BIO BREUNIG [&hellip;]<\/p>\n","protected":false},"author":573,"featured_media":0,"comment_status":"closed","ping_status":"closed","sticky":false,"template":"","format":"standard","meta":{"footnotes":""},"categories":[2],"tags":[204,207],"class_list":["post-3057","post","type-post","status-publish","format-standard","hentry","category-noticias","tag-edital-031-2023","tag-selecao-ppggeo"],"acf":[],"_links":{"self":[{"href":"https:\/\/www.ufsm.br\/cursos\/pos-graduacao\/santa-maria\/ppggeo\/wp-json\/wp\/v2\/posts\/3057","targetHints":{"allow":["GET"]}}],"collection":[{"href":"https:\/\/www.ufsm.br\/cursos\/pos-graduacao\/santa-maria\/ppggeo\/wp-json\/wp\/v2\/posts"}],"about":[{"href":"https:\/\/www.ufsm.br\/cursos\/pos-graduacao\/santa-maria\/ppggeo\/wp-json\/wp\/v2\/types\/post"}],"author":[{"embeddable":true,"href":"https:\/\/www.ufsm.br\/cursos\/pos-graduacao\/santa-maria\/ppggeo\/wp-json\/wp\/v2\/users\/573"}],"replies":[{"embeddable":true,"href":"https:\/\/www.ufsm.br\/cursos\/pos-graduacao\/santa-maria\/ppggeo\/wp-json\/wp\/v2\/comments?post=3057"}],"version-history":[{"count":0,"href":"https:\/\/www.ufsm.br\/cursos\/pos-graduacao\/santa-maria\/ppggeo\/wp-json\/wp\/v2\/posts\/3057\/revisions"}],"wp:attachment":[{"href":"https:\/\/www.ufsm.br\/cursos\/pos-graduacao\/santa-maria\/ppggeo\/wp-json\/wp\/v2\/media?parent=3057"}],"wp:term":[{"taxonomy":"category","embeddable":true,"href":"https:\/\/www.ufsm.br\/cursos\/pos-graduacao\/santa-maria\/ppggeo\/wp-json\/wp\/v2\/categories?post=3057"},{"taxonomy":"post_tag","embeddable":true,"href":"https:\/\/www.ufsm.br\/cursos\/pos-graduacao\/santa-maria\/ppggeo\/wp-json\/wp\/v2\/tags?post=3057"}],"curies":[{"name":"wp","href":"https:\/\/api.w.org\/{rel}","templated":true}]}}