{"id":1227,"date":"2019-09-23T09:09:39","date_gmt":"2019-09-23T12:09:39","guid":{"rendered":"https:\/\/www.ufsm.br\/cursos\/pos-graduacao\/santa-maria\/ppgh\/?p=1227"},"modified":"2019-09-25T17:35:38","modified_gmt":"2019-09-25T20:35:38","slug":"i-seminario-estado-trabalho-educacao-e-desenvolvimento-o-pensamento-critico-latino-americano","status":"publish","type":"post","link":"https:\/\/www.ufsm.br\/cursos\/pos-graduacao\/santa-maria\/ppgh\/2019\/09\/23\/i-seminario-estado-trabalho-educacao-e-desenvolvimento-o-pensamento-critico-latino-americano","title":{"rendered":"I Semin\u00e1rio\u00a0Estado, Trabalho, Educa\u00e7\u00e3o e Desenvolvimento: o pensamento cr\u00edtico latino-americano"},"content":{"rendered":"\n<p>&#8220;\u00c9 com alegria que socializamos esta colet\u00e2nea, fruto das confer\u00eancias e debates realizados no decurso do <strong>I Semin\u00e1rio\u00a0Estado, Trabalho, Educa\u00e7\u00e3o e Desenvolvimento: o pensamento cr\u00edtico latino-americano<\/strong>, realizado entre os dias 27 de novembro e 1\u00ba\u00a0 de dezembro de 2017, na Faculdade de Educa\u00e7\u00e3o da Universidade Federal Fluminense (FEUFF). O Semin\u00e1rio teve como objetivo\u00a0promover o debate em torno da leitura cr\u00edtica de autores que pensaram e pensam a especificidade das sociedades latino-americanas sob as diferentes tem\u00e1ticas: povos origin\u00e1rios, di\u00e1spora africana, meio-ambiente, geopol\u00edtica, depend\u00eancia e imperialismo, movimento empresarial, educa\u00e7\u00e3o escolar e forma\u00e7\u00e3o humana, que se materializam nesta colet\u00e2nea intitulada: \u201c<strong><em>A Contribui\u00e7\u00e3o do Pensamento Latino-Americano: Resistir e Transformar a Realidade do Lado de C\u00e1<\/em><\/strong>\u201d. O E-book gratuito pode ser baixado nos endere\u00e7os eletr\u00f4nicos da editora: &lt;<a href=\"https:\/\/www.editoranavegando.com\/\" data-saferedirecturl=\"https:\/\/www.google.com\/url?q=https:\/\/www.editoranavegando.com\/&amp;source=gmail&amp;ust=1569325279285000&amp;usg=AFQjCNFxr2EpzZMrqyOAQRzQaUwH9G1wVQ\">https:\/\/www.editoranavegando.com\/<\/a>&gt; e &lt;<a href=\"https:\/\/issuu.com\/navegandopublicacoes\/docs\/livro_completo_zuleide-min\" data-saferedirecturl=\"https:\/\/www.google.com\/url?q=https:\/\/issuu.com\/navegandopublicacoes\/docs\/livro_completo_zuleide-min&amp;source=gmail&amp;ust=1569325279285000&amp;usg=AFQjCNE0TwQe7KY8hoUmCAyRqXRYapigpA\">https:\/\/issuu.com\/navegandopublicacoes\/docs\/livro_completo_zuleide-min<\/a>&gt;.<\/p>\n<p>Desejamos a todos uma leitura proveitosa e, desde j\u00e1, deixamos o convite para o III\u00a0<strong>Semin\u00e1rio<\/strong>\u00a0<strong>Estado, Trabalho, Educa\u00e7\u00e3o e Desenvolvimento: o pensamento cr\u00edtico latino-americano<\/strong> a ser realizado em novembro pr\u00f3ximo na FEUFF.&#8221;<\/p>\n<p>\u00a0<\/p>\n","protected":false},"excerpt":{"rendered":"<p>&#8220;\u00c9 com alegria que socializamos esta colet\u00e2nea, fruto das confer\u00eancias e debates realizados no decurso do I Semin\u00e1rio\u00a0Estado, Trabalho, Educa\u00e7\u00e3o e Desenvolvimento: o pensamento cr\u00edtico latino-americano, realizado entre os dias 27 de novembro e 1\u00ba\u00a0 de dezembro de 2017, na Faculdade de Educa\u00e7\u00e3o da Universidade Federal Fluminense (FEUFF). O Semin\u00e1rio teve como objetivo\u00a0promover o debate [&hellip;]<\/p>\n","protected":false},"author":817,"featured_media":0,"comment_status":"closed","ping_status":"closed","sticky":false,"template":"","format":"standard","meta":{"footnotes":""},"categories":[1],"tags":[],"class_list":["post-1227","post","type-post","status-publish","format-standard","hentry","category-sem-categoria"],"acf":[],"_links":{"self":[{"href":"https:\/\/www.ufsm.br\/cursos\/pos-graduacao\/santa-maria\/ppgh\/wp-json\/wp\/v2\/posts\/1227","targetHints":{"allow":["GET"]}}],"collection":[{"href":"https:\/\/www.ufsm.br\/cursos\/pos-graduacao\/santa-maria\/ppgh\/wp-json\/wp\/v2\/posts"}],"about":[{"href":"https:\/\/www.ufsm.br\/cursos\/pos-graduacao\/santa-maria\/ppgh\/wp-json\/wp\/v2\/types\/post"}],"author":[{"embeddable":true,"href":"https:\/\/www.ufsm.br\/cursos\/pos-graduacao\/santa-maria\/ppgh\/wp-json\/wp\/v2\/users\/817"}],"replies":[{"embeddable":true,"href":"https:\/\/www.ufsm.br\/cursos\/pos-graduacao\/santa-maria\/ppgh\/wp-json\/wp\/v2\/comments?post=1227"}],"version-history":[{"count":0,"href":"https:\/\/www.ufsm.br\/cursos\/pos-graduacao\/santa-maria\/ppgh\/wp-json\/wp\/v2\/posts\/1227\/revisions"}],"wp:attachment":[{"href":"https:\/\/www.ufsm.br\/cursos\/pos-graduacao\/santa-maria\/ppgh\/wp-json\/wp\/v2\/media?parent=1227"}],"wp:term":[{"taxonomy":"category","embeddable":true,"href":"https:\/\/www.ufsm.br\/cursos\/pos-graduacao\/santa-maria\/ppgh\/wp-json\/wp\/v2\/categories?post=1227"},{"taxonomy":"post_tag","embeddable":true,"href":"https:\/\/www.ufsm.br\/cursos\/pos-graduacao\/santa-maria\/ppgh\/wp-json\/wp\/v2\/tags?post=1227"}],"curies":[{"name":"wp","href":"https:\/\/api.w.org\/{rel}","templated":true}]}}