{"id":1481,"date":"2020-03-12T14:40:04","date_gmt":"2020-03-12T17:40:04","guid":{"rendered":"https:\/\/www.ufsm.br\/cursos\/pos-graduacao\/santa-maria\/ppgh\/?p=1481"},"modified":"2020-03-12T14:40:06","modified_gmt":"2020-03-12T17:40:06","slug":"palestra-sobre-o-coronavirus","status":"publish","type":"post","link":"https:\/\/www.ufsm.br\/cursos\/pos-graduacao\/santa-maria\/ppgh\/2020\/03\/12\/palestra-sobre-o-coronavirus","title":{"rendered":"Palestra sobre o coronav\u00edrus"},"content":{"rendered":"\n<p style=\"text-align: center\"><img fetchpriority=\"high\" decoding=\"async\" class=\"alignnone size-medium wp-image-1482\" src=\"https:\/\/www.ufsm.br\/cursos\/pos-graduacao\/santa-maria\/ppgh\/wp-content\/uploads\/sites\/510\/2020\/03\/CORonav\u00edrus-212x300.jpg\" alt=\"\" width=\"212\" height=\"300\" srcset=\"https:\/\/www.ufsm.br\/app\/uploads\/sites\/510\/2020\/03\/CORonav\u00edrus-212x300.jpg 212w, https:\/\/www.ufsm.br\/app\/uploads\/sites\/510\/2020\/03\/CORonav\u00edrus-724x1024.jpg 724w, https:\/\/www.ufsm.br\/app\/uploads\/sites\/510\/2020\/03\/CORonav\u00edrus-768x1086.jpg 768w, https:\/\/www.ufsm.br\/app\/uploads\/sites\/510\/2020\/03\/CORonav\u00edrus-1086x1536.jpg 1086w, https:\/\/www.ufsm.br\/app\/uploads\/sites\/510\/2020\/03\/CORonav\u00edrus-1448x2048.jpg 1448w, https:\/\/www.ufsm.br\/app\/uploads\/sites\/510\/2020\/03\/CORonav\u00edrus.jpg 1587w\" sizes=\"(max-width: 212px) 100vw, 212px\" \/><\/p>\n<p>Informamos que na SEXTA FEIRA, dia <strong>13\/03<\/strong>, <strong>11 horas<\/strong> ocorrer\u00e1 a palestra sobre o coronav\u00edrus com a i<span style=\"text-decoration: underline\">nfectologista Liliane Souto Paxeco<\/span> e a enfermeira D\u00e9bora Luiza dos Santos ( CCIH &#8211; Comiss\u00e3o de Controle de Infec\u00e7\u00e3o do HUSM). Elas apresentar\u00e3o informa\u00e7\u00e3o a respeito do v\u00edrus e de estrat\u00e9gias de preven\u00e7\u00e3o.<\/p>\n","protected":false},"excerpt":{"rendered":"<p>Informamos que na SEXTA FEIRA, dia 13\/03, 11 horas ocorrer\u00e1 a palestra sobre o coronav\u00edrus com a infectologista Liliane Souto Paxeco e a enfermeira D\u00e9bora Luiza dos Santos ( CCIH &#8211; Comiss\u00e3o de Controle de Infec\u00e7\u00e3o do HUSM). Elas apresentar\u00e3o informa\u00e7\u00e3o a respeito do v\u00edrus e de estrat\u00e9gias de preven\u00e7\u00e3o.<\/p>\n","protected":false},"author":817,"featured_media":0,"comment_status":"closed","ping_status":"closed","sticky":false,"template":"","format":"standard","meta":{"footnotes":""},"categories":[1],"tags":[],"class_list":["post-1481","post","type-post","status-publish","format-standard","hentry","category-sem-categoria"],"acf":[],"_links":{"self":[{"href":"https:\/\/www.ufsm.br\/cursos\/pos-graduacao\/santa-maria\/ppgh\/wp-json\/wp\/v2\/posts\/1481","targetHints":{"allow":["GET"]}}],"collection":[{"href":"https:\/\/www.ufsm.br\/cursos\/pos-graduacao\/santa-maria\/ppgh\/wp-json\/wp\/v2\/posts"}],"about":[{"href":"https:\/\/www.ufsm.br\/cursos\/pos-graduacao\/santa-maria\/ppgh\/wp-json\/wp\/v2\/types\/post"}],"author":[{"embeddable":true,"href":"https:\/\/www.ufsm.br\/cursos\/pos-graduacao\/santa-maria\/ppgh\/wp-json\/wp\/v2\/users\/817"}],"replies":[{"embeddable":true,"href":"https:\/\/www.ufsm.br\/cursos\/pos-graduacao\/santa-maria\/ppgh\/wp-json\/wp\/v2\/comments?post=1481"}],"version-history":[{"count":0,"href":"https:\/\/www.ufsm.br\/cursos\/pos-graduacao\/santa-maria\/ppgh\/wp-json\/wp\/v2\/posts\/1481\/revisions"}],"wp:attachment":[{"href":"https:\/\/www.ufsm.br\/cursos\/pos-graduacao\/santa-maria\/ppgh\/wp-json\/wp\/v2\/media?parent=1481"}],"wp:term":[{"taxonomy":"category","embeddable":true,"href":"https:\/\/www.ufsm.br\/cursos\/pos-graduacao\/santa-maria\/ppgh\/wp-json\/wp\/v2\/categories?post=1481"},{"taxonomy":"post_tag","embeddable":true,"href":"https:\/\/www.ufsm.br\/cursos\/pos-graduacao\/santa-maria\/ppgh\/wp-json\/wp\/v2\/tags?post=1481"}],"curies":[{"name":"wp","href":"https:\/\/api.w.org\/{rel}","templated":true}]}}