{"id":2421,"date":"2024-02-09T12:40:49","date_gmt":"2024-02-09T15:40:49","guid":{"rendered":"https:\/\/www.ufsm.br\/cursos\/pos-graduacao\/santa-maria\/ppgh\/?p=2421"},"modified":"2024-02-09T12:40:51","modified_gmt":"2024-02-09T15:40:51","slug":"defesa-de-mestrado-patrik-madruga-goncalves","status":"publish","type":"post","link":"https:\/\/www.ufsm.br\/cursos\/pos-graduacao\/santa-maria\/ppgh\/2024\/02\/09\/defesa-de-mestrado-patrik-madruga-goncalves","title":{"rendered":"Defesa de mestrado \u2013 Patrik Madruga Gon\u00e7alves"},"content":{"rendered":"\n<p><\/p>\n<p><span id=\"m_3350391493838983117gmail-docs-internal-guid-beae1001-7fff-32f9-fd2c-808598e5dc01\">O Programa de P\u00f3s-Gradua\u00e7\u00e3o em Hist\u00f3ria divulga a banca de defesa de mestrado do aluno <strong>Patrik Madruga Gon\u00e7alves<\/strong>, com o t\u00edtulo \u201c&#8217;<strong>Tu \u00e9s o viajante dos \u00e1rabes e dos n\u00e3o-\u00e1rabes&#8217;: os limites do dar al-islam e suas zonas de contato em ibn Battuta (703-770 H.\/1304-1369 d.C.)<\/strong><\/span>\u201c, que ocorrer\u00e1 no dia 16 de fevereiro de 2024, \u00e0s 9 horas. Link para acesso \u00e0 videoconfer\u00eancia: <a href=\"https:\/\/meet.google.com\/wmo-tjex-fmn\">https:\/\/meet.google.com\/wmo-tjex-fmn<\/a>.<\/p>\n<p><img fetchpriority=\"high\" decoding=\"async\" class=\"alignnone size-full wp-image-2422\" src=\"https:\/\/www.ufsm.br\/app\/uploads\/sites\/510\/2024\/02\/D.-Mestrado-Patrik-Madruga-Goncalves.jpg\" alt=\"\" width=\"1080\" height=\"1080\" srcset=\"https:\/\/www.ufsm.br\/app\/uploads\/sites\/510\/2024\/02\/D.-Mestrado-Patrik-Madruga-Goncalves.jpg 1080w, https:\/\/www.ufsm.br\/app\/uploads\/sites\/510\/2024\/02\/D.-Mestrado-Patrik-Madruga-Goncalves-300x300.jpg 300w, https:\/\/www.ufsm.br\/app\/uploads\/sites\/510\/2024\/02\/D.-Mestrado-Patrik-Madruga-Goncalves-1024x1024.jpg 1024w, https:\/\/www.ufsm.br\/app\/uploads\/sites\/510\/2024\/02\/D.-Mestrado-Patrik-Madruga-Goncalves-150x150.jpg 150w, https:\/\/www.ufsm.br\/app\/uploads\/sites\/510\/2024\/02\/D.-Mestrado-Patrik-Madruga-Goncalves-768x768.jpg 768w\" sizes=\"(max-width: 1080px) 100vw, 1080px\" \/><\/p>\n<p><\/p>\n","protected":false},"excerpt":{"rendered":"","protected":false},"author":6613,"featured_media":0,"comment_status":"closed","ping_status":"closed","sticky":false,"template":"","format":"standard","meta":{"footnotes":""},"categories":[111,2],"tags":[],"class_list":["post-2421","post","type-post","status-publish","format-standard","hentry","category-defesas","category-noticias"],"acf":[],"_links":{"self":[{"href":"https:\/\/www.ufsm.br\/cursos\/pos-graduacao\/santa-maria\/ppgh\/wp-json\/wp\/v2\/posts\/2421","targetHints":{"allow":["GET"]}}],"collection":[{"href":"https:\/\/www.ufsm.br\/cursos\/pos-graduacao\/santa-maria\/ppgh\/wp-json\/wp\/v2\/posts"}],"about":[{"href":"https:\/\/www.ufsm.br\/cursos\/pos-graduacao\/santa-maria\/ppgh\/wp-json\/wp\/v2\/types\/post"}],"author":[{"embeddable":true,"href":"https:\/\/www.ufsm.br\/cursos\/pos-graduacao\/santa-maria\/ppgh\/wp-json\/wp\/v2\/users\/6613"}],"replies":[{"embeddable":true,"href":"https:\/\/www.ufsm.br\/cursos\/pos-graduacao\/santa-maria\/ppgh\/wp-json\/wp\/v2\/comments?post=2421"}],"version-history":[{"count":0,"href":"https:\/\/www.ufsm.br\/cursos\/pos-graduacao\/santa-maria\/ppgh\/wp-json\/wp\/v2\/posts\/2421\/revisions"}],"wp:attachment":[{"href":"https:\/\/www.ufsm.br\/cursos\/pos-graduacao\/santa-maria\/ppgh\/wp-json\/wp\/v2\/media?parent=2421"}],"wp:term":[{"taxonomy":"category","embeddable":true,"href":"https:\/\/www.ufsm.br\/cursos\/pos-graduacao\/santa-maria\/ppgh\/wp-json\/wp\/v2\/categories?post=2421"},{"taxonomy":"post_tag","embeddable":true,"href":"https:\/\/www.ufsm.br\/cursos\/pos-graduacao\/santa-maria\/ppgh\/wp-json\/wp\/v2\/tags?post=2421"}],"curies":[{"name":"wp","href":"https:\/\/api.w.org\/{rel}","templated":true}]}}