{"id":2475,"date":"2024-04-10T16:54:45","date_gmt":"2024-04-10T19:54:45","guid":{"rendered":"https:\/\/www.ufsm.br\/cursos\/pos-graduacao\/santa-maria\/ppgh\/?p=2475"},"modified":"2024-04-10T16:54:47","modified_gmt":"2024-04-10T19:54:47","slug":"defesa-de-doutorado-neandro-vieira-thesing","status":"publish","type":"post","link":"https:\/\/www.ufsm.br\/cursos\/pos-graduacao\/santa-maria\/ppgh\/2024\/04\/10\/defesa-de-doutorado-neandro-vieira-thesing","title":{"rendered":"Defesa de doutorado &#8211; Neandro Vieira Thesing"},"content":{"rendered":"\n<p style=\"text-align: justify\"><span id=\"m_-5423327644257511042gmail-docs-internal-guid-6e870510-7fff-27aa-d51c-86c230c36ea9\">O Programa de P\u00f3s-Gradua\u00e7\u00e3o em Hist\u00f3ria divulga a banca de defesa de doutorado do aluno <strong>Neandro Vieira Thesing<\/strong>, com o t\u00edtulo \u201c<strong>Mal-estar na Prov\u00edncia: Modernidade e Nostalgia na Literatura Regionalista de Alcides Maya, J. Sim\u00f5es Lopes Neto e Roque Callage<\/strong>\u201d, que ocorrer\u00e1 no dia 12 de abril, \u00e0s 14 horas. Link para acesso \u00e0 videoconfer\u00eancia: <a href=\"https:\/\/meet.google.com\/yec-dadv-ejm\">https:\/\/meet.google.com\/yec-dadv-ejm<\/a><\/span><span id=\"m_-5423327644257511042gmail-docs-internal-guid-6e870510-7fff-27aa-d51c-86c230c36ea9\">.<\/span><\/p>\n<p><img fetchpriority=\"high\" decoding=\"async\" class=\"alignnone size-full wp-image-2476\" src=\"https:\/\/www.ufsm.br\/app\/uploads\/sites\/510\/2024\/04\/PPGH-D.-Doutorado-Neandro-Vieira-Thesing.jpg\" alt=\"\" width=\"1080\" height=\"1080\" srcset=\"https:\/\/www.ufsm.br\/app\/uploads\/sites\/510\/2024\/04\/PPGH-D.-Doutorado-Neandro-Vieira-Thesing.jpg 1080w, https:\/\/www.ufsm.br\/app\/uploads\/sites\/510\/2024\/04\/PPGH-D.-Doutorado-Neandro-Vieira-Thesing-300x300.jpg 300w, https:\/\/www.ufsm.br\/app\/uploads\/sites\/510\/2024\/04\/PPGH-D.-Doutorado-Neandro-Vieira-Thesing-1024x1024.jpg 1024w, https:\/\/www.ufsm.br\/app\/uploads\/sites\/510\/2024\/04\/PPGH-D.-Doutorado-Neandro-Vieira-Thesing-150x150.jpg 150w, https:\/\/www.ufsm.br\/app\/uploads\/sites\/510\/2024\/04\/PPGH-D.-Doutorado-Neandro-Vieira-Thesing-768x768.jpg 768w\" sizes=\"(max-width: 1080px) 100vw, 1080px\" \/><\/p>\n<p>\u00a0<\/p>\n","protected":false},"excerpt":{"rendered":"<p>O Programa de P\u00f3s-Gradua\u00e7\u00e3o em Hist\u00f3ria divulga a banca de defesa de doutorado do aluno Neandro Vieira Thesing, com o t\u00edtulo \u201cMal-estar na Prov\u00edncia: Modernidade e Nostalgia na Literatura Regionalista de Alcides Maya, J. Sim\u00f5es Lopes Neto e Roque Callage\u201d, que ocorrer\u00e1 no dia 12 de abril, \u00e0s 14 horas. Link para acesso \u00e0 videoconfer\u00eancia: [&hellip;]<\/p>\n","protected":false},"author":6613,"featured_media":0,"comment_status":"closed","ping_status":"closed","sticky":false,"template":"","format":"standard","meta":{"footnotes":""},"categories":[111,2],"tags":[],"class_list":["post-2475","post","type-post","status-publish","format-standard","hentry","category-defesas","category-noticias"],"acf":[],"_links":{"self":[{"href":"https:\/\/www.ufsm.br\/cursos\/pos-graduacao\/santa-maria\/ppgh\/wp-json\/wp\/v2\/posts\/2475","targetHints":{"allow":["GET"]}}],"collection":[{"href":"https:\/\/www.ufsm.br\/cursos\/pos-graduacao\/santa-maria\/ppgh\/wp-json\/wp\/v2\/posts"}],"about":[{"href":"https:\/\/www.ufsm.br\/cursos\/pos-graduacao\/santa-maria\/ppgh\/wp-json\/wp\/v2\/types\/post"}],"author":[{"embeddable":true,"href":"https:\/\/www.ufsm.br\/cursos\/pos-graduacao\/santa-maria\/ppgh\/wp-json\/wp\/v2\/users\/6613"}],"replies":[{"embeddable":true,"href":"https:\/\/www.ufsm.br\/cursos\/pos-graduacao\/santa-maria\/ppgh\/wp-json\/wp\/v2\/comments?post=2475"}],"version-history":[{"count":0,"href":"https:\/\/www.ufsm.br\/cursos\/pos-graduacao\/santa-maria\/ppgh\/wp-json\/wp\/v2\/posts\/2475\/revisions"}],"wp:attachment":[{"href":"https:\/\/www.ufsm.br\/cursos\/pos-graduacao\/santa-maria\/ppgh\/wp-json\/wp\/v2\/media?parent=2475"}],"wp:term":[{"taxonomy":"category","embeddable":true,"href":"https:\/\/www.ufsm.br\/cursos\/pos-graduacao\/santa-maria\/ppgh\/wp-json\/wp\/v2\/categories?post=2475"},{"taxonomy":"post_tag","embeddable":true,"href":"https:\/\/www.ufsm.br\/cursos\/pos-graduacao\/santa-maria\/ppgh\/wp-json\/wp\/v2\/tags?post=2475"}],"curies":[{"name":"wp","href":"https:\/\/api.w.org\/{rel}","templated":true}]}}