{"id":2721,"date":"2025-01-10T09:28:34","date_gmt":"2025-01-10T12:28:34","guid":{"rendered":"https:\/\/www.ufsm.br\/cursos\/pos-graduacao\/santa-maria\/ppgh\/?p=2721"},"modified":"2025-01-10T09:28:36","modified_gmt":"2025-01-10T12:28:36","slug":"defesa-de-mestrado-beatriz-barbosa-bender","status":"publish","type":"post","link":"https:\/\/www.ufsm.br\/cursos\/pos-graduacao\/santa-maria\/ppgh\/2025\/01\/10\/defesa-de-mestrado-beatriz-barbosa-bender","title":{"rendered":"Defesa de mestrado \u2013 Beatriz Barbosa Bender"},"content":{"rendered":"\n<p style=\"text-align: justify\">O Programa de P\u00f3s-Gradua\u00e7\u00e3o em Hist\u00f3ria divulga a banca de defesa de mestrado da aluna <strong>Beatriz Barbosa Bender<\/strong>, com o t\u00edtulo \u201c<strong>Militares e empres\u00e1rios no centen\u00e1rio da Guerra do Paraguai em Santa Maria\/RS: a instrumentaliza\u00e7\u00e3o da mem\u00f3ria atrav\u00e9s do jornal \u201cA Raz\u00e3o\u201d<\/strong>\u201d, que ocorrer\u00e1 no dia 16 de janeiro de 2025, \u00e0s 9 horas e 30 minutos.<\/p>\n<p>Link para acesso \u00e0 videoconfer\u00eancia: <a href=\"https:\/\/meet.google.com\/idh-sxkw-osf\">https:\/\/meet.google.com\/idh-sxkw-osf<\/a><\/p>\n<p><img fetchpriority=\"high\" decoding=\"async\" class=\"alignnone wp-image-2722 size-full\" src=\"https:\/\/www.ufsm.br\/app\/uploads\/sites\/510\/2025\/01\/PPGH-D.-Mestrado-Beatriz-Barbosa-Bender.jpg\" alt=\"\" width=\"1080\" height=\"1080\" srcset=\"https:\/\/www.ufsm.br\/app\/uploads\/sites\/510\/2025\/01\/PPGH-D.-Mestrado-Beatriz-Barbosa-Bender.jpg 1080w, https:\/\/www.ufsm.br\/app\/uploads\/sites\/510\/2025\/01\/PPGH-D.-Mestrado-Beatriz-Barbosa-Bender-300x300.jpg 300w, https:\/\/www.ufsm.br\/app\/uploads\/sites\/510\/2025\/01\/PPGH-D.-Mestrado-Beatriz-Barbosa-Bender-1024x1024.jpg 1024w, https:\/\/www.ufsm.br\/app\/uploads\/sites\/510\/2025\/01\/PPGH-D.-Mestrado-Beatriz-Barbosa-Bender-150x150.jpg 150w, https:\/\/www.ufsm.br\/app\/uploads\/sites\/510\/2025\/01\/PPGH-D.-Mestrado-Beatriz-Barbosa-Bender-768x768.jpg 768w\" sizes=\"(max-width: 1080px) 100vw, 1080px\" \/><\/p>\n","protected":false},"excerpt":{"rendered":"<p>O Programa de P\u00f3s-Gradua\u00e7\u00e3o em Hist\u00f3ria divulga a banca de defesa de mestrado da aluna Beatriz Barbosa Bender, com o t\u00edtulo \u201cMilitares e empres\u00e1rios no centen\u00e1rio da Guerra do Paraguai em Santa Maria\/RS: a instrumentaliza\u00e7\u00e3o da mem\u00f3ria atrav\u00e9s do jornal \u201cA Raz\u00e3o\u201d\u201d, que ocorrer\u00e1 no dia 16 de janeiro de 2025, \u00e0s 9 horas e [&hellip;]<\/p>\n","protected":false},"author":8077,"featured_media":0,"comment_status":"closed","ping_status":"closed","sticky":false,"template":"","format":"standard","meta":{"footnotes":""},"categories":[111,2],"tags":[],"class_list":["post-2721","post","type-post","status-publish","format-standard","hentry","category-defesas","category-noticias"],"acf":[],"_links":{"self":[{"href":"https:\/\/www.ufsm.br\/cursos\/pos-graduacao\/santa-maria\/ppgh\/wp-json\/wp\/v2\/posts\/2721","targetHints":{"allow":["GET"]}}],"collection":[{"href":"https:\/\/www.ufsm.br\/cursos\/pos-graduacao\/santa-maria\/ppgh\/wp-json\/wp\/v2\/posts"}],"about":[{"href":"https:\/\/www.ufsm.br\/cursos\/pos-graduacao\/santa-maria\/ppgh\/wp-json\/wp\/v2\/types\/post"}],"author":[{"embeddable":true,"href":"https:\/\/www.ufsm.br\/cursos\/pos-graduacao\/santa-maria\/ppgh\/wp-json\/wp\/v2\/users\/8077"}],"replies":[{"embeddable":true,"href":"https:\/\/www.ufsm.br\/cursos\/pos-graduacao\/santa-maria\/ppgh\/wp-json\/wp\/v2\/comments?post=2721"}],"version-history":[{"count":0,"href":"https:\/\/www.ufsm.br\/cursos\/pos-graduacao\/santa-maria\/ppgh\/wp-json\/wp\/v2\/posts\/2721\/revisions"}],"wp:attachment":[{"href":"https:\/\/www.ufsm.br\/cursos\/pos-graduacao\/santa-maria\/ppgh\/wp-json\/wp\/v2\/media?parent=2721"}],"wp:term":[{"taxonomy":"category","embeddable":true,"href":"https:\/\/www.ufsm.br\/cursos\/pos-graduacao\/santa-maria\/ppgh\/wp-json\/wp\/v2\/categories?post=2721"},{"taxonomy":"post_tag","embeddable":true,"href":"https:\/\/www.ufsm.br\/cursos\/pos-graduacao\/santa-maria\/ppgh\/wp-json\/wp\/v2\/tags?post=2721"}],"curies":[{"name":"wp","href":"https:\/\/api.w.org\/{rel}","templated":true}]}}