{"id":2735,"date":"2025-02-11T12:22:15","date_gmt":"2025-02-11T15:22:15","guid":{"rendered":"https:\/\/www.ufsm.br\/cursos\/pos-graduacao\/santa-maria\/ppgh\/?p=2735"},"modified":"2025-02-11T12:22:17","modified_gmt":"2025-02-11T15:22:17","slug":"qualificacao-de-doutorado-jordana-eccel-schio","status":"publish","type":"post","link":"https:\/\/www.ufsm.br\/cursos\/pos-graduacao\/santa-maria\/ppgh\/2025\/02\/11\/qualificacao-de-doutorado-jordana-eccel-schio","title":{"rendered":"Qualifica\u00e7\u00e3o de doutorado \u2013 Jordana Eccel Schio"},"content":{"rendered":"\n<p style=\"text-align: justify\">O Programa de P\u00f3s-Gradua\u00e7\u00e3o em Hist\u00f3ria divulga a banca de qualifica\u00e7\u00e3o de doutorado da aluna <strong>Jordana Eccel Schio<\/strong>, com o t\u00edtulo\u00a0<strong>\u201cA Vita Activa e a Vita Contemplativa: as fronteiras entre esses modos de vida durante o pontificado de J\u00falio II (1503-1513) no in\u00edcio do s\u00e9culo XVI\u201d<\/strong>, que ocorrer\u00e1 no dia 18 de fevereiro, \u00e0s 14 horas.<\/p>\n<p style=\"text-align: justify\">Defesa por videoconfer\u00eancia: : UFSM | <a href=\"https:\/\/meet.google.com\/dsf-aorh-keu\">https:\/\/meet.google.com\/dsf-aorh-keu<\/a><\/p>\n<p><img fetchpriority=\"high\" decoding=\"async\" class=\"alignnone size-full wp-image-2737\" src=\"https:\/\/www.ufsm.br\/app\/uploads\/sites\/510\/2025\/02\/PPGH-Q.-Doutorado-Jordana-Eccel-Schio-1.jpg\" alt=\"\" width=\"1080\" height=\"1080\" srcset=\"https:\/\/www.ufsm.br\/app\/uploads\/sites\/510\/2025\/02\/PPGH-Q.-Doutorado-Jordana-Eccel-Schio-1.jpg 1080w, https:\/\/www.ufsm.br\/app\/uploads\/sites\/510\/2025\/02\/PPGH-Q.-Doutorado-Jordana-Eccel-Schio-1-300x300.jpg 300w, https:\/\/www.ufsm.br\/app\/uploads\/sites\/510\/2025\/02\/PPGH-Q.-Doutorado-Jordana-Eccel-Schio-1-1024x1024.jpg 1024w, https:\/\/www.ufsm.br\/app\/uploads\/sites\/510\/2025\/02\/PPGH-Q.-Doutorado-Jordana-Eccel-Schio-1-150x150.jpg 150w, https:\/\/www.ufsm.br\/app\/uploads\/sites\/510\/2025\/02\/PPGH-Q.-Doutorado-Jordana-Eccel-Schio-1-768x768.jpg 768w\" sizes=\"(max-width: 1080px) 100vw, 1080px\" \/><\/p>\n","protected":false},"excerpt":{"rendered":"<p>O Programa de P\u00f3s-Gradua\u00e7\u00e3o em Hist\u00f3ria divulga a banca de qualifica\u00e7\u00e3o de doutorado da aluna Jordana Eccel Schio, com o t\u00edtulo\u00a0\u201cA Vita Activa e a Vita Contemplativa: as fronteiras entre esses modos de vida durante o pontificado de J\u00falio II (1503-1513) no in\u00edcio do s\u00e9culo XVI\u201d, que ocorrer\u00e1 no dia 18 de fevereiro, \u00e0s 14 [&hellip;]<\/p>\n","protected":false},"author":6613,"featured_media":0,"comment_status":"closed","ping_status":"closed","sticky":false,"template":"","format":"standard","meta":{"footnotes":""},"categories":[111,2],"tags":[],"class_list":["post-2735","post","type-post","status-publish","format-standard","hentry","category-defesas","category-noticias"],"acf":[],"_links":{"self":[{"href":"https:\/\/www.ufsm.br\/cursos\/pos-graduacao\/santa-maria\/ppgh\/wp-json\/wp\/v2\/posts\/2735","targetHints":{"allow":["GET"]}}],"collection":[{"href":"https:\/\/www.ufsm.br\/cursos\/pos-graduacao\/santa-maria\/ppgh\/wp-json\/wp\/v2\/posts"}],"about":[{"href":"https:\/\/www.ufsm.br\/cursos\/pos-graduacao\/santa-maria\/ppgh\/wp-json\/wp\/v2\/types\/post"}],"author":[{"embeddable":true,"href":"https:\/\/www.ufsm.br\/cursos\/pos-graduacao\/santa-maria\/ppgh\/wp-json\/wp\/v2\/users\/6613"}],"replies":[{"embeddable":true,"href":"https:\/\/www.ufsm.br\/cursos\/pos-graduacao\/santa-maria\/ppgh\/wp-json\/wp\/v2\/comments?post=2735"}],"version-history":[{"count":0,"href":"https:\/\/www.ufsm.br\/cursos\/pos-graduacao\/santa-maria\/ppgh\/wp-json\/wp\/v2\/posts\/2735\/revisions"}],"wp:attachment":[{"href":"https:\/\/www.ufsm.br\/cursos\/pos-graduacao\/santa-maria\/ppgh\/wp-json\/wp\/v2\/media?parent=2735"}],"wp:term":[{"taxonomy":"category","embeddable":true,"href":"https:\/\/www.ufsm.br\/cursos\/pos-graduacao\/santa-maria\/ppgh\/wp-json\/wp\/v2\/categories?post=2735"},{"taxonomy":"post_tag","embeddable":true,"href":"https:\/\/www.ufsm.br\/cursos\/pos-graduacao\/santa-maria\/ppgh\/wp-json\/wp\/v2\/tags?post=2735"}],"curies":[{"name":"wp","href":"https:\/\/api.w.org\/{rel}","templated":true}]}}