{"id":2911,"date":"2025-07-28T10:38:27","date_gmt":"2025-07-28T13:38:27","guid":{"rendered":"https:\/\/www.ufsm.br\/cursos\/pos-graduacao\/santa-maria\/ppgh\/?p=2911"},"modified":"2025-07-28T10:58:03","modified_gmt":"2025-07-28T13:58:03","slug":"docentes-e-discentes-do-ppgh-ufsm-participam-da-33a-edicao-do-simposio-nacional-de-historia-da-anpuh","status":"publish","type":"post","link":"https:\/\/www.ufsm.br\/cursos\/pos-graduacao\/santa-maria\/ppgh\/2025\/07\/28\/docentes-e-discentes-do-ppgh-ufsm-participam-da-33a-edicao-do-simposio-nacional-de-historia-da-anpuh","title":{"rendered":"Docentes e discentes do PPGH\/UFSM participam da 33\u00aa edi\u00e7\u00e3o do Simp\u00f3sio Nacional de Hist\u00f3ria da ANPUH"},"content":{"rendered":"\t\t<div data-elementor-type=\"wp-post\" data-elementor-id=\"2911\" class=\"elementor elementor-2911\">\n\t\t\t\t\t\t<section class=\"elementor-section elementor-top-section elementor-element elementor-element-1012937c elementor-section-boxed elementor-section-height-default elementor-section-height-default\" data-id=\"1012937c\" data-element_type=\"section\">\n\t\t\t\t\t\t<div class=\"elementor-container elementor-column-gap-default\">\n\t\t\t\t\t<div class=\"elementor-column elementor-col-100 elementor-top-column elementor-element elementor-element-7c560d1b\" data-id=\"7c560d1b\" data-element_type=\"column\">\n\t\t\t<div class=\"elementor-widget-wrap elementor-element-populated\">\n\t\t\t\t\t\t<div class=\"elementor-element elementor-element-2f261919 elementor-widget elementor-widget-text-editor\" data-id=\"2f261919\" data-element_type=\"widget\" data-widget_type=\"text-editor.default\">\n\t\t\t\t<div class=\"elementor-widget-container\">\n\t\t\t\t\t\t\t<p>Entre os dias 13 e 18 de julho de 2025, professores e estudantes do Programa de P\u00f3s-Gradua\u00e7\u00e3o em Hist\u00f3ria da Universidade Federal de Santa Maria (PPGH\/UFSM) marcaram presen\u00e7a na 33\u00aa edi\u00e7\u00e3o do Simp\u00f3sio Nacional de Hist\u00f3ria, promovido pela Associa\u00e7\u00e3o Nacional de Hist\u00f3ria (ANPUH), realizado na Universidade Federal de Minas Gerais (UFMG), em Belo Horizonte. A participa\u00e7\u00e3o envolveu a coordena\u00e7\u00e3o de simp\u00f3sios tem\u00e1ticos e <span style=\"color: #000000;font-size: 16px\">a apresenta\u00e7\u00e3o de trabalhos<\/span>.<\/p>\n<p><!-- \/wp:tadv\/classic-paragraph --><!-- wp:tadv\/classic-paragraph \/--><!-- wp:tadv\/classic-paragraph \/--><!-- wp:tadv\/classic-paragraph \/--><\/p>\t\t\t\t\t\t<\/div>\n\t\t\t\t<\/div>\n\t\t\t\t\t<\/div>\n\t\t<\/div>\n\t\t\t\t\t<\/div>\n\t\t<\/section>\n\t\t\t\t<section class=\"elementor-section elementor-top-section elementor-element elementor-element-8629abd elementor-section-boxed elementor-section-height-default elementor-section-height-default\" data-id=\"8629abd\" data-element_type=\"section\">\n\t\t\t\t\t\t<div class=\"elementor-container elementor-column-gap-default\">\n\t\t\t\t\t<div class=\"elementor-column elementor-col-100 elementor-top-column elementor-element elementor-element-136cad8\" data-id=\"136cad8\" data-element_type=\"column\">\n\t\t\t<div class=\"elementor-widget-wrap elementor-element-populated\">\n\t\t\t\t\t\t<div class=\"elementor-element elementor-element-bbc111c elementor-widget elementor-widget-heading\" data-id=\"bbc111c\" data-element_type=\"widget\" data-widget_type=\"heading.default\">\n\t\t\t\t<div class=\"elementor-widget-container\">\n\t\t\t<h2 class=\"elementor-heading-title elementor-size-default\">Simp\u00f3sios tem\u00e1ticos coordenados<\/h2>\t\t<\/div>\n\t\t\t\t<\/div>\n\t\t\t\t\t<\/div>\n\t\t<\/div>\n\t\t\t\t\t<\/div>\n\t\t<\/section>\n\t\t\t\t<section class=\"elementor-section elementor-top-section elementor-element elementor-element-bd402ea elementor-section-boxed elementor-section-height-default elementor-section-height-default\" data-id=\"bd402ea\" data-element_type=\"section\">\n\t\t\t\t\t\t<div class=\"elementor-container elementor-column-gap-default\">\n\t\t\t\t\t<div class=\"elementor-column elementor-col-100 elementor-top-column elementor-element elementor-element-f66c1f4\" data-id=\"f66c1f4\" data-element_type=\"column\">\n\t\t\t<div class=\"elementor-widget-wrap elementor-element-populated\">\n\t\t\t\t\t\t<div class=\"elementor-element elementor-element-bc6cc19 elementor-widget elementor-widget-text-editor\" data-id=\"bc6cc19\" data-element_type=\"widget\" data-widget_type=\"text-editor.default\">\n\t\t\t\t<div class=\"elementor-widget-container\">\n\t\t\t\t\t\t\t<p>Diorge Alceno Konrad (Universidade Federal de Santa Maria &#8211; UFSM) e Tatyana de Amaral Maia (Universidade do Estado do Rio de Janeiro) coordenaram o Simp\u00f3sio Tem\u00e1tico (ST) 043: Ditaduras, Transi\u00e7\u00f5es e Usos do Passado no Tempo Presente, que reuniu trabalhos dedicados \u00e0s ditaduras no Brasil e no Cone Sul, assim como os processos de transi\u00e7\u00e3o e as maneiras de cada pa\u00eds em tratar desses passados &#8211; o que inclui os processos de justi\u00e7a de transi\u00e7\u00e3o, as mem\u00f3rias p\u00fablicas sobre as experi\u00eancias ditatoriais e os negacionismos. As ditaduras estabelecidas na regi\u00e3o, ao longo dos anos de 1960 e 1970, foram marcadas pelo anticomunismo, pelo Terrorismo de Estado, pela Ideologia da Seguran\u00e7a Nacional e por uma agenda pol\u00edtica e econ\u00f4mica fundamentada no bin\u00f4mio \u201cSeguran\u00e7a e Desenvolvimento\u201d, dentro de um projeto de capitalismo associado, m odernizante e dependente. Nas \u00faltimas d\u00e9cadas, a historiografia promoveu in\u00fameros avan\u00e7os na compreens\u00e3o dessas experi\u00eancias, gra\u00e7as \u00e0 abertura de arquivos e acervos, al\u00e9m de utilizar de novos aportes te\u00f3ricos-metodol\u00f3gicos. O Simp\u00f3sio, portanto, contribuiu para a reflex\u00e3o acerca do passado recente no Brasil e no Cone Sul, considerando as especificidades nacionais, as conex\u00f5es transnacionais e as formas como cada pa\u00eds da regi\u00e3o tem lidado com esse passado, seus traumas e os ressentimentos produzidos. Nesse simp\u00f3sio, a pesquisadora Beatriz Barbosa Bender \u2014 mestre em Hist\u00f3ria pelo PPGH\/UFSM e atualmente doutoranda na Universidade Federal de Pelotas (UFPel) \u2014 apresentou uma comunica\u00e7\u00e3o. A ocasi\u00e3o tamb\u00e9m contou com a participa\u00e7\u00e3o de pesquisadores vinculados a diversas institui\u00e7\u00f5es de ensino e de pesquisa de diferentes regi\u00f5es do Brasil, evidenciando a abrang\u00eancia e relev\u00e2ncia nacional do debate proposto.<\/p>\t\t\t\t\t\t<\/div>\n\t\t\t\t<\/div>\n\t\t\t\t\t<\/div>\n\t\t<\/div>\n\t\t\t\t\t<\/div>\n\t\t<\/section>\n\t\t\t\t<section class=\"elementor-section elementor-top-section elementor-element elementor-element-d3b07a5 elementor-section-boxed elementor-section-height-default elementor-section-height-default\" data-id=\"d3b07a5\" data-element_type=\"section\">\n\t\t\t\t\t\t<div class=\"elementor-container elementor-column-gap-default\">\n\t\t\t\t\t<div class=\"elementor-column elementor-col-33 elementor-top-column elementor-element elementor-element-024abf7\" data-id=\"024abf7\" data-element_type=\"column\">\n\t\t\t<div class=\"elementor-widget-wrap elementor-element-populated\">\n\t\t\t\t\t\t<div class=\"elementor-element elementor-element-2709dae elementor-widget elementor-widget-image\" data-id=\"2709dae\" data-element_type=\"widget\" data-widget_type=\"image.default\">\n\t\t\t\t<div class=\"elementor-widget-container\">\n\t\t\t\t\t\t\t\t\t\t<figure class=\"wp-caption\">\n\t\t\t\t\t\t\t\t\t\t<img fetchpriority=\"high\" decoding=\"async\" width=\"300\" height=\"300\" src=\"https:\/\/www.ufsm.br\/app\/uploads\/sites\/510\/2025\/07\/2025-SNH-ANPUH-Diorge-Konrad-e-Tatyana-Maia-Cooredenando-o-ST-043-300x300.jpeg\" class=\"attachment-medium size-medium wp-image-2916\" alt=\"\" srcset=\"https:\/\/www.ufsm.br\/app\/uploads\/sites\/510\/2025\/07\/2025-SNH-ANPUH-Diorge-Konrad-e-Tatyana-Maia-Cooredenando-o-ST-043-300x300.jpeg 300w, https:\/\/www.ufsm.br\/app\/uploads\/sites\/510\/2025\/07\/2025-SNH-ANPUH-Diorge-Konrad-e-Tatyana-Maia-Cooredenando-o-ST-043-1024x1024.jpeg 1024w, https:\/\/www.ufsm.br\/app\/uploads\/sites\/510\/2025\/07\/2025-SNH-ANPUH-Diorge-Konrad-e-Tatyana-Maia-Cooredenando-o-ST-043-150x150.jpeg 150w, https:\/\/www.ufsm.br\/app\/uploads\/sites\/510\/2025\/07\/2025-SNH-ANPUH-Diorge-Konrad-e-Tatyana-Maia-Cooredenando-o-ST-043-768x768.jpeg 768w, https:\/\/www.ufsm.br\/app\/uploads\/sites\/510\/2025\/07\/2025-SNH-ANPUH-Diorge-Konrad-e-Tatyana-Maia-Cooredenando-o-ST-043.jpeg 1440w\" sizes=\"(max-width: 300px) 100vw, 300px\" \/>\t\t\t\t\t\t\t\t\t\t\t<figcaption class=\"widget-image-caption wp-caption-text\">Professor Diorge Alceno Konrad e Professora Tatyana de Amaral Maia em atividade de coordena\u00e7\u00e3o de ST<\/figcaption>\n\t\t\t\t\t\t\t\t\t\t<\/figure>\n\t\t\t\t\t\t\t<\/div>\n\t\t\t\t<\/div>\n\t\t\t\t\t<\/div>\n\t\t<\/div>\n\t\t\t\t<div class=\"elementor-column elementor-col-33 elementor-top-column elementor-element elementor-element-5c4faea\" data-id=\"5c4faea\" data-element_type=\"column\">\n\t\t\t<div class=\"elementor-widget-wrap elementor-element-populated\">\n\t\t\t\t\t\t<div class=\"elementor-element elementor-element-1db86f0 elementor-widget elementor-widget-image\" data-id=\"1db86f0\" data-element_type=\"widget\" data-widget_type=\"image.default\">\n\t\t\t\t<div class=\"elementor-widget-container\">\n\t\t\t\t\t\t\t\t\t\t<figure class=\"wp-caption\">\n\t\t\t\t\t\t\t\t\t\t<img decoding=\"async\" width=\"300\" height=\"300\" src=\"https:\/\/www.ufsm.br\/app\/uploads\/sites\/510\/2025\/07\/2025-SNH-ANPUH-Diorge-Konrad-com-Tatyana-Maia-Beatriz-Bender-e-outros-apresentadores-do-ST-043-300x300.jpeg\" class=\"attachment-medium size-medium wp-image-2914\" alt=\"\" srcset=\"https:\/\/www.ufsm.br\/app\/uploads\/sites\/510\/2025\/07\/2025-SNH-ANPUH-Diorge-Konrad-com-Tatyana-Maia-Beatriz-Bender-e-outros-apresentadores-do-ST-043-300x300.jpeg 300w, https:\/\/www.ufsm.br\/app\/uploads\/sites\/510\/2025\/07\/2025-SNH-ANPUH-Diorge-Konrad-com-Tatyana-Maia-Beatriz-Bender-e-outros-apresentadores-do-ST-043-1024x1024.jpeg 1024w, https:\/\/www.ufsm.br\/app\/uploads\/sites\/510\/2025\/07\/2025-SNH-ANPUH-Diorge-Konrad-com-Tatyana-Maia-Beatriz-Bender-e-outros-apresentadores-do-ST-043-150x150.jpeg 150w, https:\/\/www.ufsm.br\/app\/uploads\/sites\/510\/2025\/07\/2025-SNH-ANPUH-Diorge-Konrad-com-Tatyana-Maia-Beatriz-Bender-e-outros-apresentadores-do-ST-043-768x768.jpeg 768w, https:\/\/www.ufsm.br\/app\/uploads\/sites\/510\/2025\/07\/2025-SNH-ANPUH-Diorge-Konrad-com-Tatyana-Maia-Beatriz-Bender-e-outros-apresentadores-do-ST-043.jpeg 1440w\" sizes=\"(max-width: 300px) 100vw, 300px\" \/>\t\t\t\t\t\t\t\t\t\t\t<figcaption class=\"widget-image-caption wp-caption-text\">Participantes do ST: Ditaduras, Transi\u00e7\u00f5es e Usos do Passado no Tempo Presente<\/figcaption>\n\t\t\t\t\t\t\t\t\t\t<\/figure>\n\t\t\t\t\t\t\t<\/div>\n\t\t\t\t<\/div>\n\t\t\t\t\t<\/div>\n\t\t<\/div>\n\t\t\t\t<div class=\"elementor-column elementor-col-33 elementor-top-column elementor-element elementor-element-9edd9be\" data-id=\"9edd9be\" data-element_type=\"column\">\n\t\t\t<div class=\"elementor-widget-wrap elementor-element-populated\">\n\t\t\t\t\t\t<div class=\"elementor-element elementor-element-7af15a8 elementor-widget elementor-widget-image\" data-id=\"7af15a8\" data-element_type=\"widget\" data-widget_type=\"image.default\">\n\t\t\t\t<div class=\"elementor-widget-container\">\n\t\t\t\t\t\t\t\t\t\t<figure class=\"wp-caption\">\n\t\t\t\t\t\t\t\t\t\t<img decoding=\"async\" width=\"300\" height=\"300\" src=\"https:\/\/www.ufsm.br\/app\/uploads\/sites\/510\/2025\/07\/2025-SNH-ANPUH-Diorge-Konrad-coordenando-Simposio-300x300.jpeg\" class=\"attachment-medium size-medium wp-image-2915\" alt=\"\" srcset=\"https:\/\/www.ufsm.br\/app\/uploads\/sites\/510\/2025\/07\/2025-SNH-ANPUH-Diorge-Konrad-coordenando-Simposio-300x300.jpeg 300w, https:\/\/www.ufsm.br\/app\/uploads\/sites\/510\/2025\/07\/2025-SNH-ANPUH-Diorge-Konrad-coordenando-Simposio-150x150.jpeg 150w, https:\/\/www.ufsm.br\/app\/uploads\/sites\/510\/2025\/07\/2025-SNH-ANPUH-Diorge-Konrad-coordenando-Simposio.jpeg 600w\" sizes=\"(max-width: 300px) 100vw, 300px\" \/>\t\t\t\t\t\t\t\t\t\t\t<figcaption class=\"widget-image-caption wp-caption-text\">Professor Diorge Alceno Konrad em atividade de coordena\u00e7\u00e3o de ST<\/figcaption>\n\t\t\t\t\t\t\t\t\t\t<\/figure>\n\t\t\t\t\t\t\t<\/div>\n\t\t\t\t<\/div>\n\t\t\t\t\t<\/div>\n\t\t<\/div>\n\t\t\t\t\t<\/div>\n\t\t<\/section>\n\t\t\t\t<section class=\"elementor-section elementor-top-section elementor-element elementor-element-38bb75a elementor-section-boxed elementor-section-height-default elementor-section-height-default\" data-id=\"38bb75a\" data-element_type=\"section\">\n\t\t\t\t\t\t<div class=\"elementor-container elementor-column-gap-default\">\n\t\t\t\t\t<div class=\"elementor-column elementor-col-50 elementor-top-column elementor-element elementor-element-01f4c17\" data-id=\"01f4c17\" data-element_type=\"column\">\n\t\t\t<div class=\"elementor-widget-wrap elementor-element-populated\">\n\t\t\t\t\t\t<div class=\"elementor-element elementor-element-e71ab4a elementor-widget elementor-widget-image\" data-id=\"e71ab4a\" data-element_type=\"widget\" data-widget_type=\"image.default\">\n\t\t\t\t<div class=\"elementor-widget-container\">\n\t\t\t\t\t\t\t\t\t\t<figure class=\"wp-caption\">\n\t\t\t\t\t\t\t\t\t\t<img loading=\"lazy\" decoding=\"async\" width=\"1024\" height=\"536\" src=\"https:\/\/www.ufsm.br\/app\/uploads\/sites\/510\/2025\/07\/2025-SNH-ANPUH-Diorge-Konrad-com-Tatyana-Maia-e-outros-apresentadores-do-ST-043-1-1024x536.jpeg\" class=\"attachment-large size-large wp-image-2913\" alt=\"\" srcset=\"https:\/\/www.ufsm.br\/app\/uploads\/sites\/510\/2025\/07\/2025-SNH-ANPUH-Diorge-Konrad-com-Tatyana-Maia-e-outros-apresentadores-do-ST-043-1-1024x536.jpeg 1024w, https:\/\/www.ufsm.br\/app\/uploads\/sites\/510\/2025\/07\/2025-SNH-ANPUH-Diorge-Konrad-com-Tatyana-Maia-e-outros-apresentadores-do-ST-043-1-300x157.jpeg 300w, https:\/\/www.ufsm.br\/app\/uploads\/sites\/510\/2025\/07\/2025-SNH-ANPUH-Diorge-Konrad-com-Tatyana-Maia-e-outros-apresentadores-do-ST-043-1-768x402.jpeg 768w, https:\/\/www.ufsm.br\/app\/uploads\/sites\/510\/2025\/07\/2025-SNH-ANPUH-Diorge-Konrad-com-Tatyana-Maia-e-outros-apresentadores-do-ST-043-1.jpeg 1440w\" sizes=\"(max-width: 1024px) 100vw, 1024px\" \/>\t\t\t\t\t\t\t\t\t\t\t<figcaption class=\"widget-image-caption wp-caption-text\">Participantes do ST: Ditaduras, Transi\u00e7\u00f5es e Usos do Passado no Tempo Presente<\/figcaption>\n\t\t\t\t\t\t\t\t\t\t<\/figure>\n\t\t\t\t\t\t\t<\/div>\n\t\t\t\t<\/div>\n\t\t\t\t<div class=\"elementor-element elementor-element-43fe3b4 elementor-widget elementor-widget-image\" data-id=\"43fe3b4\" data-element_type=\"widget\" data-widget_type=\"image.default\">\n\t\t\t\t<div class=\"elementor-widget-container\">\n\t\t\t\t\t\t\t\t\t\t<figure class=\"wp-caption\">\n\t\t\t\t\t\t\t\t\t\t<img loading=\"lazy\" decoding=\"async\" width=\"1024\" height=\"461\" src=\"https:\/\/www.ufsm.br\/app\/uploads\/sites\/510\/2025\/07\/2025-SNH-ANPUH-Diorge-Konrad-no-lancamento-de-livros-1024x461.jpg\" class=\"attachment-large size-large wp-image-2918\" alt=\"\" srcset=\"https:\/\/www.ufsm.br\/app\/uploads\/sites\/510\/2025\/07\/2025-SNH-ANPUH-Diorge-Konrad-no-lancamento-de-livros-1024x461.jpg 1024w, https:\/\/www.ufsm.br\/app\/uploads\/sites\/510\/2025\/07\/2025-SNH-ANPUH-Diorge-Konrad-no-lancamento-de-livros-300x135.jpg 300w, https:\/\/www.ufsm.br\/app\/uploads\/sites\/510\/2025\/07\/2025-SNH-ANPUH-Diorge-Konrad-no-lancamento-de-livros-768x346.jpg 768w, https:\/\/www.ufsm.br\/app\/uploads\/sites\/510\/2025\/07\/2025-SNH-ANPUH-Diorge-Konrad-no-lancamento-de-livros-1536x691.jpg 1536w, https:\/\/www.ufsm.br\/app\/uploads\/sites\/510\/2025\/07\/2025-SNH-ANPUH-Diorge-Konrad-no-lancamento-de-livros.jpg 1920w\" sizes=\"(max-width: 1024px) 100vw, 1024px\" \/>\t\t\t\t\t\t\t\t\t\t\t<figcaption class=\"widget-image-caption wp-caption-text\">Professor e alunos do PPGH\/UFSM. Da esquerda para a direita: Thiago Thiago Noschang Cabral; Professor Diorge Alceno Konrad; Reginaldo Ferreira da Silva Neto; Jo\u00e3o Vitor Sausen e Pietra Elisa Beling<\/figcaption>\n\t\t\t\t\t\t\t\t\t\t<\/figure>\n\t\t\t\t\t\t\t<\/div>\n\t\t\t\t<\/div>\n\t\t\t\t\t<\/div>\n\t\t<\/div>\n\t\t\t\t<div class=\"elementor-column elementor-col-50 elementor-top-column elementor-element elementor-element-113acb9\" data-id=\"113acb9\" data-element_type=\"column\">\n\t\t\t<div class=\"elementor-widget-wrap elementor-element-populated\">\n\t\t\t\t\t\t<div class=\"elementor-element elementor-element-aa4fca1 elementor-widget elementor-widget-image\" data-id=\"aa4fca1\" data-element_type=\"widget\" data-widget_type=\"image.default\">\n\t\t\t\t<div class=\"elementor-widget-container\">\n\t\t\t\t\t\t\t\t\t\t<figure class=\"wp-caption\">\n\t\t\t\t\t\t\t\t\t\t<img loading=\"lazy\" decoding=\"async\" width=\"526\" height=\"526\" src=\"https:\/\/www.ufsm.br\/app\/uploads\/sites\/510\/2025\/07\/2025-SNH-ANPUH-Diorge-Konrad-com-discentes-do-PPGH-Aislam-Vicosa-Saionara-Ribeiro-e-Reginaldo-Neto.jpeg\" class=\"attachment-large size-large wp-image-2917\" alt=\"\" srcset=\"https:\/\/www.ufsm.br\/app\/uploads\/sites\/510\/2025\/07\/2025-SNH-ANPUH-Diorge-Konrad-com-discentes-do-PPGH-Aislam-Vicosa-Saionara-Ribeiro-e-Reginaldo-Neto.jpeg 526w, https:\/\/www.ufsm.br\/app\/uploads\/sites\/510\/2025\/07\/2025-SNH-ANPUH-Diorge-Konrad-com-discentes-do-PPGH-Aislam-Vicosa-Saionara-Ribeiro-e-Reginaldo-Neto-300x300.jpeg 300w, https:\/\/www.ufsm.br\/app\/uploads\/sites\/510\/2025\/07\/2025-SNH-ANPUH-Diorge-Konrad-com-discentes-do-PPGH-Aislam-Vicosa-Saionara-Ribeiro-e-Reginaldo-Neto-150x150.jpeg 150w\" sizes=\"(max-width: 526px) 100vw, 526px\" \/>\t\t\t\t\t\t\t\t\t\t\t<figcaption class=\"widget-image-caption wp-caption-text\">Professor e alunos do PPGH\/UFSM. Da esquerda para a direita: Aislan Soares Vi\u00e7osa; Professor Diorge Alceno Konrad; Saionara Luciana Ribeiro Moreira e Reginaldo Ferreira da Silva Neto<\/figcaption>\n\t\t\t\t\t\t\t\t\t\t<\/figure>\n\t\t\t\t\t\t\t<\/div>\n\t\t\t\t<\/div>\n\t\t\t\t\t<\/div>\n\t\t<\/div>\n\t\t\t\t\t<\/div>\n\t\t<\/section>\n\t\t\t\t<section class=\"elementor-section elementor-top-section elementor-element elementor-element-690a3b1 elementor-section-boxed elementor-section-height-default elementor-section-height-default\" data-id=\"690a3b1\" data-element_type=\"section\">\n\t\t\t\t\t\t<div class=\"elementor-container elementor-column-gap-default\">\n\t\t\t\t\t<div class=\"elementor-column elementor-col-100 elementor-top-column elementor-element elementor-element-a877279\" data-id=\"a877279\" data-element_type=\"column\">\n\t\t\t<div class=\"elementor-widget-wrap elementor-element-populated\">\n\t\t\t\t\t\t<div class=\"elementor-element elementor-element-d4d07ba elementor-widget elementor-widget-text-editor\" data-id=\"d4d07ba\" data-element_type=\"widget\" data-widget_type=\"text-editor.default\">\n\t\t\t\t<div class=\"elementor-widget-container\">\n\t\t\t\t\t\t\t<p>Jo\u00e3o Manuel Casquinha Malaia Santos (UFSM) e Alvaro Vicente Gra\u00e7a Truppel Pereira do Cabo (Universidade C\u00e2ndido Mendes &#8211; UCAM) coordenaram o ST 072: Hist\u00f3ria do Esporte e das Pr\u00e1ticas Corporais. O simp\u00f3sio partiu da concep\u00e7\u00e3o do esporte como uma manifesta\u00e7\u00e3o cultural com sentido amplo: pr\u00e1tica institucionalizada escolar, atividade de lazer, ou ainda como t\u00e9cnica complexa de movimentos que visam o rendimento, apreciada por um grande p\u00fablico consumidor. Mesmo que o fen\u00f4meno esportivo n\u00e3o tenha escapado ao olhar atento de te\u00f3ricos brasileiros no decorrer do s\u00e9culo XX, apenas nas tr\u00eas \u00faltimas d\u00e9cadas come\u00e7aram a despontar quantitativa e qualitativamente tais pesquisas, bem como a adquirir maior organicidade e reconhecimento cient\u00edfico. A complexidade do campo esportivo e a ader\u00eancia da popula\u00e7\u00e3o global \u00e0s pr\u00e1ticas corporais despertaram nos pesquisadores a possibilidade de ampliar a compreens\u00e3o de contextos sociais mais complexos. Aponta-se, assim, a pertin\u00eancia da sequ\u00eancia de um simp\u00f3sio que trabalhe com a perspectiva de utilizar o esporte como uma chave para compreender, interpretar e\/ou explicar cen\u00e1rios culturais, pol\u00edticos, econ\u00f4micos e sociais, contribuindo para a amplia\u00e7\u00e3o desses estudos no campo da Hist\u00f3ria.<\/p>\t\t\t\t\t\t<\/div>\n\t\t\t\t<\/div>\n\t\t\t\t\t<\/div>\n\t\t<\/div>\n\t\t\t\t\t<\/div>\n\t\t<\/section>\n\t\t\t\t<section class=\"elementor-section elementor-top-section elementor-element elementor-element-d45e28c elementor-section-boxed elementor-section-height-default elementor-section-height-default\" data-id=\"d45e28c\" data-element_type=\"section\">\n\t\t\t\t\t\t<div class=\"elementor-container elementor-column-gap-default\">\n\t\t\t\t\t<div class=\"elementor-column elementor-col-100 elementor-top-column elementor-element elementor-element-b1f289a\" data-id=\"b1f289a\" data-element_type=\"column\">\n\t\t\t<div class=\"elementor-widget-wrap elementor-element-populated\">\n\t\t\t\t\t\t<div class=\"elementor-element elementor-element-bba380a elementor-widget elementor-widget-heading\" data-id=\"bba380a\" data-element_type=\"widget\" data-widget_type=\"heading.default\">\n\t\t\t\t<div class=\"elementor-widget-container\">\n\t\t\t<h2 class=\"elementor-heading-title elementor-size-default\">Trabalhos apresentados<\/h2>\t\t<\/div>\n\t\t\t\t<\/div>\n\t\t\t\t\t<\/div>\n\t\t<\/div>\n\t\t\t\t\t<\/div>\n\t\t<\/section>\n\t\t\t\t<section class=\"elementor-section elementor-top-section elementor-element elementor-element-008f30d elementor-section-boxed elementor-section-height-default elementor-section-height-default\" data-id=\"008f30d\" data-element_type=\"section\">\n\t\t\t\t\t\t<div class=\"elementor-container elementor-column-gap-default\">\n\t\t\t\t\t<div class=\"elementor-column elementor-col-100 elementor-top-column elementor-element elementor-element-5f258fc\" data-id=\"5f258fc\" data-element_type=\"column\">\n\t\t\t<div class=\"elementor-widget-wrap elementor-element-populated\">\n\t\t\t\t\t\t<div class=\"elementor-element elementor-element-69f007f elementor-widget elementor-widget-text-editor\" data-id=\"69f007f\" data-element_type=\"widget\" data-widget_type=\"text-editor.default\">\n\t\t\t\t<div class=\"elementor-widget-container\">\n\t\t\t\t\t\t\t<p>Carlos Henrique Armani, professor, apresentou o trabalho: &#8220;A historicidade yanomani e as categorias contra-coloniais de pensamento na Am\u00e9rica Latina&#8221;.<\/p>\n<p>Jo\u00e3o Manuel Casquinha Malaia Santos, professor, apresentou o trabalho: &#8220;&#8216;O Colosso do Norte&#8217;: a constru\u00e7\u00e3o do est\u00e1dio Vivaldo Lima (AM) durante a ditadura empresarial-militar brasileira&#8221;.<\/p>\n<p>Jos\u00e9 Martinho Rodrigues Remedi, professor, apresentou o trabalho: &#8220;Entre Sabores e Discursos: A alimenta\u00e7\u00e3o no Rio Grande do Sul Imperial sob o olhar de Caldre e Fi\u00e3o&#8221;.<\/p>\t\t\t\t\t\t<\/div>\n\t\t\t\t<\/div>\n\t\t\t\t\t<\/div>\n\t\t<\/div>\n\t\t\t\t\t<\/div>\n\t\t<\/section>\n\t\t\t\t<section class=\"elementor-section elementor-top-section elementor-element elementor-element-97a3e24 elementor-section-boxed elementor-section-height-default elementor-section-height-default\" data-id=\"97a3e24\" data-element_type=\"section\">\n\t\t\t\t\t\t<div class=\"elementor-container elementor-column-gap-default\">\n\t\t\t\t\t<div class=\"elementor-column elementor-col-100 elementor-top-column elementor-element elementor-element-dc52885\" data-id=\"dc52885\" data-element_type=\"column\">\n\t\t\t<div class=\"elementor-widget-wrap elementor-element-populated\">\n\t\t\t\t\t\t<div class=\"elementor-element elementor-element-828e272 elementor-widget elementor-widget-text-editor\" data-id=\"828e272\" data-element_type=\"widget\" data-widget_type=\"text-editor.default\">\n\t\t\t\t<div class=\"elementor-widget-container\">\n\t\t\t\t\t\t\t<p>Al\u00edcia Quinhones Medeiros apresentou o trabalho: \u201c&#8217;Infelizmente n\u00e3o temos uma aula para educar nossos filhos&#8217;: as demandas populares por melhores condi\u00e7\u00f5es de acesso \u00e0 instru\u00e7\u00e3o p\u00fablica durante a Primeira Rep\u00fablica (Santa Maria\/RS)\u201d.<\/p>\t\t\t\t\t\t<\/div>\n\t\t\t\t<\/div>\n\t\t\t\t\t<\/div>\n\t\t<\/div>\n\t\t\t\t\t<\/div>\n\t\t<\/section>\n\t\t\t\t<section class=\"elementor-section elementor-top-section elementor-element elementor-element-8725ac5 elementor-section-boxed elementor-section-height-default elementor-section-height-default\" data-id=\"8725ac5\" data-element_type=\"section\">\n\t\t\t\t\t\t<div class=\"elementor-container elementor-column-gap-default\">\n\t\t\t\t\t<div class=\"elementor-column elementor-col-50 elementor-top-column elementor-element elementor-element-969ba87\" data-id=\"969ba87\" data-element_type=\"column\">\n\t\t\t<div class=\"elementor-widget-wrap elementor-element-populated\">\n\t\t\t\t\t\t<div class=\"elementor-element elementor-element-fe97de9 elementor-widget elementor-widget-image\" data-id=\"fe97de9\" data-element_type=\"widget\" data-widget_type=\"image.default\">\n\t\t\t\t<div class=\"elementor-widget-container\">\n\t\t\t\t\t\t\t\t\t\t<figure class=\"wp-caption\">\n\t\t\t\t\t\t\t\t\t\t<img loading=\"lazy\" decoding=\"async\" width=\"1024\" height=\"768\" src=\"https:\/\/www.ufsm.br\/app\/uploads\/sites\/510\/2025\/07\/WhatsApp-Image-2025-07-21-at-22.17.15-1024x768.jpeg\" class=\"attachment-large size-large wp-image-2936\" alt=\"\" srcset=\"https:\/\/www.ufsm.br\/app\/uploads\/sites\/510\/2025\/07\/WhatsApp-Image-2025-07-21-at-22.17.15-1024x768.jpeg 1024w, https:\/\/www.ufsm.br\/app\/uploads\/sites\/510\/2025\/07\/WhatsApp-Image-2025-07-21-at-22.17.15-300x225.jpeg 300w, https:\/\/www.ufsm.br\/app\/uploads\/sites\/510\/2025\/07\/WhatsApp-Image-2025-07-21-at-22.17.15-768x576.jpeg 768w, https:\/\/www.ufsm.br\/app\/uploads\/sites\/510\/2025\/07\/WhatsApp-Image-2025-07-21-at-22.17.15-1536x1152.jpeg 1536w, https:\/\/www.ufsm.br\/app\/uploads\/sites\/510\/2025\/07\/WhatsApp-Image-2025-07-21-at-22.17.15.jpeg 1600w\" sizes=\"(max-width: 1024px) 100vw, 1024px\" \/>\t\t\t\t\t\t\t\t\t\t\t<figcaption class=\"widget-image-caption wp-caption-text\">Eliza Militz de Souza, ao centro, aluna do curso de Doutorado<\/figcaption>\n\t\t\t\t\t\t\t\t\t\t<\/figure>\n\t\t\t\t\t\t\t<\/div>\n\t\t\t\t<\/div>\n\t\t\t\t\t<\/div>\n\t\t<\/div>\n\t\t\t\t<div class=\"elementor-column elementor-col-50 elementor-top-column elementor-element elementor-element-729e773\" data-id=\"729e773\" data-element_type=\"column\">\n\t\t\t<div class=\"elementor-widget-wrap elementor-element-populated\">\n\t\t\t\t\t\t<div class=\"elementor-element elementor-element-3c1ddca elementor-widget elementor-widget-text-editor\" data-id=\"3c1ddca\" data-element_type=\"widget\" data-widget_type=\"text-editor.default\">\n\t\t\t\t<div class=\"elementor-widget-container\">\n\t\t\t\t\t\t\t<p>Eliza Militz de Souza apresentou o trabalho: \u201cA intelectualidade yanomami e a perspectiva contra-antropoc\u00eantrica na hist\u00f3ria\u201d, no Simp\u00f3sio Tem\u00e1tico 152: Teoria da hist\u00f3ria e hist\u00f3ria da historiografia hoje. A apresenta\u00e7\u00e3o abordou a perspectiva contra-antropoc\u00eantrica na hist\u00f3ria, trazendo a discuss\u00e3o sobre o conceito de Antropoceno e a centralidade humana nos estudos hist\u00f3ricos. A partir disso, foi abordada a intelectualidade Yanomami, tendo como objeto a obra &#8220;A queda do c\u00e9u&#8221;, de Davi Kopenawa e Bruce Albert (2015), a qual nos leva a repensar a rela\u00e7\u00e3o entre humanos e n\u00e3o-humanos. O trabalho salienta a responsabilidade \u00e9tica da teoria da hist\u00f3ria em rela\u00e7\u00e3o \u00e0 contemporaneidade, de modo que torna necess\u00e1rio prestar aten\u00e7\u00e3o na perspectiva yanomami, sobretudo em tempos de crise ecol\u00f3gica global.<\/p>\t\t\t\t\t\t<\/div>\n\t\t\t\t<\/div>\n\t\t\t\t\t<\/div>\n\t\t<\/div>\n\t\t\t\t\t<\/div>\n\t\t<\/section>\n\t\t\t\t<section class=\"elementor-section elementor-top-section elementor-element elementor-element-56eeaad elementor-section-boxed elementor-section-height-default elementor-section-height-default\" data-id=\"56eeaad\" data-element_type=\"section\">\n\t\t\t\t\t\t<div class=\"elementor-container elementor-column-gap-default\">\n\t\t\t\t\t<div class=\"elementor-column elementor-col-50 elementor-top-column elementor-element elementor-element-035f519\" data-id=\"035f519\" data-element_type=\"column\">\n\t\t\t<div class=\"elementor-widget-wrap elementor-element-populated\">\n\t\t\t\t\t\t<div class=\"elementor-element elementor-element-e761dda elementor-widget elementor-widget-text-editor\" data-id=\"e761dda\" data-element_type=\"widget\" data-widget_type=\"text-editor.default\">\n\t\t\t\t<div class=\"elementor-widget-container\">\n\t\t\t\t\t\t\t<p style=\"text-align: left\">Jo\u00e3o Vitor Sausen apresentou o trabalho intitulado: &#8220;Imigra\u00e7\u00e3o alem\u00e3 e a constru\u00e7\u00e3o da presen\u00e7a do Estado e de suas institui\u00e7\u00f5es no espa\u00e7o fronteiri\u00e7o platino: um olhar transnacional sobre a fronteira missioneira (1900-1945)&#8221;, no ST 054: Fronteiras e territorialidades: das teorias \u00e0s pesquisas hist\u00f3ricas\/ST 113: Naturezas e territ\u00f3rios.<\/p>\t\t\t\t\t\t<\/div>\n\t\t\t\t<\/div>\n\t\t\t\t\t<\/div>\n\t\t<\/div>\n\t\t\t\t<div class=\"elementor-column elementor-col-50 elementor-top-column elementor-element elementor-element-98f3f60\" data-id=\"98f3f60\" data-element_type=\"column\">\n\t\t\t<div class=\"elementor-widget-wrap elementor-element-populated\">\n\t\t\t\t\t\t<div class=\"elementor-element elementor-element-3c581b7 elementor-widget elementor-widget-image\" data-id=\"3c581b7\" data-element_type=\"widget\" data-widget_type=\"image.default\">\n\t\t\t\t<div class=\"elementor-widget-container\">\n\t\t\t\t\t\t\t\t\t\t<figure class=\"wp-caption\">\n\t\t\t\t\t\t\t\t\t\t<img loading=\"lazy\" decoding=\"async\" width=\"1014\" height=\"1024\" src=\"https:\/\/www.ufsm.br\/app\/uploads\/sites\/510\/2025\/07\/WhatsApp-Image-2025-07-21-at-13.29.16-1-1014x1024.jpeg\" class=\"attachment-large size-large wp-image-2937\" alt=\"\" srcset=\"https:\/\/www.ufsm.br\/app\/uploads\/sites\/510\/2025\/07\/WhatsApp-Image-2025-07-21-at-13.29.16-1-1014x1024.jpeg 1014w, https:\/\/www.ufsm.br\/app\/uploads\/sites\/510\/2025\/07\/WhatsApp-Image-2025-07-21-at-13.29.16-1-297x300.jpeg 297w, https:\/\/www.ufsm.br\/app\/uploads\/sites\/510\/2025\/07\/WhatsApp-Image-2025-07-21-at-13.29.16-1-150x150.jpeg 150w, https:\/\/www.ufsm.br\/app\/uploads\/sites\/510\/2025\/07\/WhatsApp-Image-2025-07-21-at-13.29.16-1-768x776.jpeg 768w, https:\/\/www.ufsm.br\/app\/uploads\/sites\/510\/2025\/07\/WhatsApp-Image-2025-07-21-at-13.29.16-1.jpeg 1200w\" sizes=\"(max-width: 1014px) 100vw, 1014px\" \/>\t\t\t\t\t\t\t\t\t\t\t<figcaption class=\"widget-image-caption wp-caption-text\">Jo\u00e3o Vitor Sausen, aluno do curso de Doutorado<\/figcaption>\n\t\t\t\t\t\t\t\t\t\t<\/figure>\n\t\t\t\t\t\t\t<\/div>\n\t\t\t\t<\/div>\n\t\t\t\t\t<\/div>\n\t\t<\/div>\n\t\t\t\t\t<\/div>\n\t\t<\/section>\n\t\t\t\t<section class=\"elementor-section elementor-top-section elementor-element elementor-element-def2318 elementor-section-boxed elementor-section-height-default elementor-section-height-default\" data-id=\"def2318\" data-element_type=\"section\">\n\t\t\t\t\t\t<div class=\"elementor-container elementor-column-gap-default\">\n\t\t\t\t\t<div class=\"elementor-column elementor-col-100 elementor-top-column elementor-element elementor-element-2a7be0d\" data-id=\"2a7be0d\" data-element_type=\"column\">\n\t\t\t<div class=\"elementor-widget-wrap elementor-element-populated\">\n\t\t\t\t\t\t<div class=\"elementor-element elementor-element-48593b1 elementor-widget elementor-widget-text-editor\" data-id=\"48593b1\" data-element_type=\"widget\" data-widget_type=\"text-editor.default\">\n\t\t\t\t<div class=\"elementor-widget-container\">\n\t\t\t\t\t\t\t<p>Jonas Migotto Filho apresentou o trabalho: \u201cUm conceito de Hist\u00f3ria na obra Os tambores silenciosos, de Josu\u00e9 Guimar\u00e3es\u201d.<\/p>\n<p>Matheus Donay da Costa apresentou o trabalho: \u201cOs jogos gauchescos: lazer e cultura popular no Rio Grande do Sul, s\u00e9culo XIX\u201d.<\/p>\t\t\t\t\t\t<\/div>\n\t\t\t\t<\/div>\n\t\t\t\t\t<\/div>\n\t\t<\/div>\n\t\t\t\t\t<\/div>\n\t\t<\/section>\n\t\t\t\t<section class=\"elementor-section elementor-top-section elementor-element elementor-element-c703dea elementor-section-boxed elementor-section-height-default elementor-section-height-default\" data-id=\"c703dea\" data-element_type=\"section\">\n\t\t\t\t\t\t<div class=\"elementor-container elementor-column-gap-default\">\n\t\t\t\t\t<div class=\"elementor-column elementor-col-50 elementor-top-column elementor-element elementor-element-199375f\" data-id=\"199375f\" data-element_type=\"column\">\n\t\t\t<div class=\"elementor-widget-wrap elementor-element-populated\">\n\t\t\t\t\t\t<div class=\"elementor-element elementor-element-7cc6062 elementor-widget elementor-widget-image\" data-id=\"7cc6062\" data-element_type=\"widget\" data-widget_type=\"image.default\">\n\t\t\t\t<div class=\"elementor-widget-container\">\n\t\t\t\t\t\t\t\t\t\t\t\t\t<img loading=\"lazy\" decoding=\"async\" width=\"689\" height=\"517\" src=\"https:\/\/www.ufsm.br\/app\/uploads\/sites\/510\/2025\/07\/Marina-Saciloto-Frigo.jpg\" class=\"attachment-large size-large wp-image-2938\" alt=\"\" srcset=\"https:\/\/www.ufsm.br\/app\/uploads\/sites\/510\/2025\/07\/Marina-Saciloto-Frigo.jpg 689w, https:\/\/www.ufsm.br\/app\/uploads\/sites\/510\/2025\/07\/Marina-Saciloto-Frigo-300x225.jpg 300w\" sizes=\"(max-width: 689px) 100vw, 689px\" \/>\t\t\t\t\t\t\t\t\t\t\t\t\t<\/div>\n\t\t\t\t<\/div>\n\t\t\t\t\t<\/div>\n\t\t<\/div>\n\t\t\t\t<div class=\"elementor-column elementor-col-50 elementor-top-column elementor-element elementor-element-74b3d53\" data-id=\"74b3d53\" data-element_type=\"column\">\n\t\t\t<div class=\"elementor-widget-wrap elementor-element-populated\">\n\t\t\t\t\t\t<div class=\"elementor-element elementor-element-323876e elementor-widget elementor-widget-text-editor\" data-id=\"323876e\" data-element_type=\"widget\" data-widget_type=\"text-editor.default\">\n\t\t\t\t<div class=\"elementor-widget-container\">\n\t\t\t\t\t\t\t<p>Marina Saciloto Frigo apresentou o trabalho: \u201cSabores da Mem\u00f3ria: transmiss\u00e3o e transforma\u00e7\u00e3o dos saberes culin\u00e1rios na produ\u00e7\u00e3o do agnolini na Quarta Col\u00f4nia (RS)\u201d, que tratou da an\u00e1lise da transmiss\u00e3o intergeracional dos saberes para a elabora\u00e7\u00e3o de comidas emblem\u00e1ticas da Quarta Col\u00f4nia, assim como as inova\u00e7\u00f5es, ressignifica\u00e7\u00f5es e modifica\u00e7\u00f5es no seu preparo, especialmente no que se refere \u00e0 produ\u00e7\u00e3o do agnolini, refletindo sobre o desafio da preserva\u00e7\u00e3o das receitas tradicionais frente aos ajustes necess\u00e1rios frente ao apelo tur\u00edstico.<\/p>\t\t\t\t\t\t<\/div>\n\t\t\t\t<\/div>\n\t\t\t\t\t<\/div>\n\t\t<\/div>\n\t\t\t\t\t<\/div>\n\t\t<\/section>\n\t\t\t\t<section class=\"elementor-section elementor-top-section elementor-element elementor-element-dee589c elementor-section-boxed elementor-section-height-default elementor-section-height-default\" data-id=\"dee589c\" data-element_type=\"section\">\n\t\t\t\t\t\t<div class=\"elementor-container elementor-column-gap-default\">\n\t\t\t\t\t<div class=\"elementor-column elementor-col-100 elementor-top-column elementor-element elementor-element-37f8bad\" data-id=\"37f8bad\" data-element_type=\"column\">\n\t\t\t<div class=\"elementor-widget-wrap elementor-element-populated\">\n\t\t\t\t\t\t<div class=\"elementor-element elementor-element-e193b8d elementor-widget elementor-widget-text-editor\" data-id=\"e193b8d\" data-element_type=\"widget\" data-widget_type=\"text-editor.default\">\n\t\t\t\t<div class=\"elementor-widget-container\">\n\t\t\t\t\t\t\t<p>Reginaldo Ferreira da Silva Neto apresentou o trabalho: \u201cPropagandas, assistencialismo e a quest\u00e3o da sa\u00fade das Trabalhadoras e Trabalhadores, Oper\u00e1rias e Oper\u00e1rios da Cidade-F\u00e1brica de Paulista-PE: vicissitudes e dilemas (1930-1955)\u201d.<\/p>\n<p>Thiago Lindemaier da Rosa apresentou o trabalho: \u201cEntre Corridas e Poder: o turfe e as redes de apoio da elite brasileira no s\u00e9culo XIX\u201d.<\/p>\t\t\t\t\t\t<\/div>\n\t\t\t\t<\/div>\n\t\t\t\t\t<\/div>\n\t\t<\/div>\n\t\t\t\t\t<\/div>\n\t\t<\/section>\n\t\t\t\t<section class=\"elementor-section elementor-top-section elementor-element elementor-element-96104d2 elementor-section-boxed elementor-section-height-default elementor-section-height-default\" data-id=\"96104d2\" data-element_type=\"section\">\n\t\t\t\t\t\t<div class=\"elementor-container elementor-column-gap-default\">\n\t\t\t\t\t<div class=\"elementor-column elementor-col-100 elementor-top-column elementor-element elementor-element-c6cb3b4\" data-id=\"c6cb3b4\" data-element_type=\"column\">\n\t\t\t<div class=\"elementor-widget-wrap elementor-element-populated\">\n\t\t\t\t\t\t<div class=\"elementor-element elementor-element-85ff3eb elementor-widget elementor-widget-text-editor\" data-id=\"85ff3eb\" data-element_type=\"widget\" data-widget_type=\"text-editor.default\">\n\t\t\t\t<div class=\"elementor-widget-container\">\n\t\t\t\t\t\t\t<p>Aislan Soares Vi\u00e7osa apresentou o trabalho: &#8220;Acidentes de Trabalho: A luz dos registros hospitalares&#8221;.<\/p>\n<p>Fabiane Pacheco da Cunha apresentou o trabalho: &#8220;Os impactos da gripe espanhola no interior do Rio Grande do Sul (1918-1919)&#8221;.<\/p>\n<p>Fl\u00e1via Theis Junges apresentou o trabalho: \u201c&#8217;O Ita\u00fa tem esp\u00edrito de competi\u00e7\u00e3o&#8217;: o uso do esporte como elemento que refor\u00e7a ideais&#8221;.<\/p>\n<p>Franciesca Bertagnoli Siqueira apresentou o trabalho: \u201c&#8217;Bichos&#8217;, capoeiras e gaiolas: o envio de animais da col\u00f4nia para a capital portuguesa de 1774 \u00e0 1779 citados nos of\u00edcios de Governadores de Capitanias presentes no Projeto Resgate Bar\u00e3o do Rio Branco&#8221;.<\/p>\n<p>Gisele Nascimento apresentou o trabalho: &#8220;A Honra em P\u00e1ginas: O Duelo e Suas Representa\u00e7\u00f5es na Literatura de Folhetim Brasileira dos s\u00e9culos XIX e XX&#8221;.<\/p>\n<p>Jana\u00edna dos Santos Puchalski apresentou o trabalho: \u201c&#8217;A relho e a bala&#8217;: agress\u00f5es, conflitos e assassinatos nas p\u00e1ginas do jornal Di\u00e1rio do Interior \u2013 Santa Maria da Bocca do Monte-RS (1914)&#8221;.<\/p>\n<p>Maria Eduarda Finger apresentou o trabalho: &#8220;Inimigos externos, repress\u00e3o interna: o Jornal do Brasil e os Panteras Negras (1969-1970)&#8221;.<\/p>\t\t\t\t\t\t<\/div>\n\t\t\t\t<\/div>\n\t\t\t\t\t<\/div>\n\t\t<\/div>\n\t\t\t\t\t<\/div>\n\t\t<\/section>\n\t\t\t\t<section class=\"elementor-section elementor-top-section elementor-element elementor-element-00937f0 elementor-section-boxed elementor-section-height-default elementor-section-height-default\" data-id=\"00937f0\" data-element_type=\"section\">\n\t\t\t\t\t\t<div class=\"elementor-container elementor-column-gap-default\">\n\t\t\t\t\t<div class=\"elementor-column elementor-col-50 elementor-top-column elementor-element elementor-element-7b1f143\" data-id=\"7b1f143\" data-element_type=\"column\">\n\t\t\t<div class=\"elementor-widget-wrap elementor-element-populated\">\n\t\t\t\t\t\t<div class=\"elementor-element elementor-element-06fe2f9 elementor-widget elementor-widget-text-editor\" data-id=\"06fe2f9\" data-element_type=\"widget\" data-widget_type=\"text-editor.default\">\n\t\t\t\t<div class=\"elementor-widget-container\">\n\t\t\t\t\t\t\t<p>Pietra Elisa Beling apresentou o trabalho &#8220;Deputados argentinos contra o fascismo: atua\u00e7\u00e3o da CEIAA entre o nacional e o transnacional&#8221;, que teve\u00a0como foco a atua\u00e7\u00e3o da Comisi\u00f3n Especial Investigadora de Actividades Antiargentinas (CEIAA), um \u00f3rg\u00e3o parlamentar que operou na Argentina entre 1941 e 1943. O principal objetivo da investiga\u00e7\u00e3o \u00e9 compreender de que maneira a atua\u00e7\u00e3o desse \u00f3rg\u00e3o se insere em um cen\u00e1rio mais amplo de mobiliza\u00e7\u00f5es antifascistas em meio \u00e0 Segunda Guerra Mundial, sob o vi\u00e9s transnacional, ao mesmo tempo em que s\u00e3o investigadas as particularidades de sua atua\u00e7\u00e3o na realidade nacional argentina.\u00a0<\/p>\t\t\t\t\t\t<\/div>\n\t\t\t\t<\/div>\n\t\t\t\t\t<\/div>\n\t\t<\/div>\n\t\t\t\t<div class=\"elementor-column elementor-col-50 elementor-top-column elementor-element elementor-element-26afcfa\" data-id=\"26afcfa\" data-element_type=\"column\">\n\t\t\t<div class=\"elementor-widget-wrap elementor-element-populated\">\n\t\t\t\t\t\t<div class=\"elementor-element elementor-element-3e1a028 elementor-widget elementor-widget-image\" data-id=\"3e1a028\" data-element_type=\"widget\" data-widget_type=\"image.default\">\n\t\t\t\t<div class=\"elementor-widget-container\">\n\t\t\t\t\t\t\t\t\t\t<figure class=\"wp-caption\">\n\t\t\t\t\t\t\t\t\t\t<img loading=\"lazy\" decoding=\"async\" width=\"1024\" height=\"1002\" src=\"https:\/\/www.ufsm.br\/app\/uploads\/sites\/510\/2025\/07\/IMG-20250714-WA0128-1-1024x1002.jpg\" class=\"attachment-large size-large wp-image-2939\" alt=\"\" srcset=\"https:\/\/www.ufsm.br\/app\/uploads\/sites\/510\/2025\/07\/IMG-20250714-WA0128-1-1024x1002.jpg 1024w, https:\/\/www.ufsm.br\/app\/uploads\/sites\/510\/2025\/07\/IMG-20250714-WA0128-1-300x293.jpg 300w, https:\/\/www.ufsm.br\/app\/uploads\/sites\/510\/2025\/07\/IMG-20250714-WA0128-1-768x751.jpg 768w, https:\/\/www.ufsm.br\/app\/uploads\/sites\/510\/2025\/07\/IMG-20250714-WA0128-1-1536x1502.jpg 1536w, https:\/\/www.ufsm.br\/app\/uploads\/sites\/510\/2025\/07\/IMG-20250714-WA0128-1.jpg 1920w\" sizes=\"(max-width: 1024px) 100vw, 1024px\" \/>\t\t\t\t\t\t\t\t\t\t\t<figcaption class=\"widget-image-caption wp-caption-text\">Pietra Elisa Beling, aluna do curso de Mestrado<\/figcaption>\n\t\t\t\t\t\t\t\t\t\t<\/figure>\n\t\t\t\t\t\t\t<\/div>\n\t\t\t\t<\/div>\n\t\t\t\t\t<\/div>\n\t\t<\/div>\n\t\t\t\t\t<\/div>\n\t\t<\/section>\n\t\t\t\t<section class=\"elementor-section elementor-top-section elementor-element elementor-element-d72b7b5 elementor-section-boxed elementor-section-height-default elementor-section-height-default\" data-id=\"d72b7b5\" data-element_type=\"section\">\n\t\t\t\t\t\t<div class=\"elementor-container elementor-column-gap-default\">\n\t\t\t\t\t<div class=\"elementor-column elementor-col-50 elementor-top-column elementor-element elementor-element-e90ac8f\" data-id=\"e90ac8f\" data-element_type=\"column\">\n\t\t\t<div class=\"elementor-widget-wrap elementor-element-populated\">\n\t\t\t\t\t\t<div class=\"elementor-element elementor-element-76cb501 elementor-widget elementor-widget-image\" data-id=\"76cb501\" data-element_type=\"widget\" data-widget_type=\"image.default\">\n\t\t\t\t<div class=\"elementor-widget-container\">\n\t\t\t\t\t\t\t\t\t\t<figure class=\"wp-caption\">\n\t\t\t\t\t\t\t\t\t\t<img loading=\"lazy\" decoding=\"async\" width=\"1006\" height=\"1024\" src=\"https:\/\/www.ufsm.br\/app\/uploads\/sites\/510\/2025\/07\/e02fdb71-8436-4d89-90d5-80befe37193b-1006x1024.jpg\" class=\"attachment-large size-large wp-image-2940\" alt=\"\" srcset=\"https:\/\/www.ufsm.br\/app\/uploads\/sites\/510\/2025\/07\/e02fdb71-8436-4d89-90d5-80befe37193b-1006x1024.jpg 1006w, https:\/\/www.ufsm.br\/app\/uploads\/sites\/510\/2025\/07\/e02fdb71-8436-4d89-90d5-80befe37193b-295x300.jpg 295w, https:\/\/www.ufsm.br\/app\/uploads\/sites\/510\/2025\/07\/e02fdb71-8436-4d89-90d5-80befe37193b-768x781.jpg 768w, https:\/\/www.ufsm.br\/app\/uploads\/sites\/510\/2025\/07\/e02fdb71-8436-4d89-90d5-80befe37193b.jpg 1089w\" sizes=\"(max-width: 1006px) 100vw, 1006px\" \/>\t\t\t\t\t\t\t\t\t\t\t<figcaption class=\"widget-image-caption wp-caption-text\">Saionara Luciana Ribeiro Moreira, aluna do curso de Mestrado<\/figcaption>\n\t\t\t\t\t\t\t\t\t\t<\/figure>\n\t\t\t\t\t\t\t<\/div>\n\t\t\t\t<\/div>\n\t\t\t\t\t<\/div>\n\t\t<\/div>\n\t\t\t\t<div class=\"elementor-column elementor-col-50 elementor-top-column elementor-element elementor-element-b2d2705\" data-id=\"b2d2705\" data-element_type=\"column\">\n\t\t\t<div class=\"elementor-widget-wrap elementor-element-populated\">\n\t\t\t\t\t\t<div class=\"elementor-element elementor-element-81d1a54 elementor-widget elementor-widget-text-editor\" data-id=\"81d1a54\" data-element_type=\"widget\" data-widget_type=\"text-editor.default\">\n\t\t\t\t<div class=\"elementor-widget-container\">\n\t\t\t\t\t\t\t<p>Saionara Luciana Ribeiro Moreira apresentou o trabalho &#8220;Ela era m\u00e3e solteira, logo foi demitida por conduta irregular e imoral: a quest\u00e3o feminina durante o Estado Novo em Santa Maria&#8221;, que se dedicou \u00e0 an\u00e1lise da moralidade imposta \u00e0s mulheres no Estado Novo (1937-1945) a partir da demiss\u00e3o de uma professora em Santa Maria por ser m\u00e3e solteira e separada. O caso revela como g\u00eanero e classe estruturavam a exclus\u00e3o feminina, com controle moral sobre a vida privada. A legisla\u00e7\u00e3o refor\u00e7ava a submiss\u00e3o da mulher, limitando sua autonomia. Mesmo com incentivos \u00e0 maternidade, o discurso oficial era conservador. A situa\u00e7\u00e3o evidencia contradi\u00e7\u00f5es sociais que impulsionaram debates sobre direitos das mulheres.<\/p>\t\t\t\t\t\t<\/div>\n\t\t\t\t<\/div>\n\t\t\t\t\t<\/div>\n\t\t<\/div>\n\t\t\t\t\t<\/div>\n\t\t<\/section>\n\t\t\t\t<section class=\"elementor-section elementor-top-section elementor-element elementor-element-1257afb elementor-section-boxed elementor-section-height-default elementor-section-height-default\" data-id=\"1257afb\" data-element_type=\"section\">\n\t\t\t\t\t\t<div class=\"elementor-container elementor-column-gap-default\">\n\t\t\t\t\t<div class=\"elementor-column elementor-col-100 elementor-top-column elementor-element elementor-element-4ff3a27\" data-id=\"4ff3a27\" data-element_type=\"column\">\n\t\t\t<div class=\"elementor-widget-wrap elementor-element-populated\">\n\t\t\t\t\t\t<div class=\"elementor-element elementor-element-b5a13b9 elementor-widget elementor-widget-text-editor\" data-id=\"b5a13b9\" data-element_type=\"widget\" data-widget_type=\"text-editor.default\">\n\t\t\t\t<div class=\"elementor-widget-container\">\n\t\t\t\t\t\t\t<p>Silvio Jos\u00e9 de Mello Neto apresentou o trabalho: &#8220;Considera\u00e7\u00f5es iniciais de pesquisa: Aspectos demogr\u00e1ficos da popula\u00e7\u00e3o escravizada de Santa Maria (1851 \u2013 1888)&#8221;.<\/p>\n<p>Thiago Noschang Cabral apresentou o trabalho: &#8220;O Estado Novo e a Fronteira Sul: A Constru\u00e7\u00e3o da Base A\u00e9rea de Santa Maria no Contexto Regional da Segunda Guerra Mundial (1943-1944)&#8221;.<\/p>\t\t\t\t\t\t<\/div>\n\t\t\t\t<\/div>\n\t\t\t\t\t<\/div>\n\t\t<\/div>\n\t\t\t\t\t<\/div>\n\t\t<\/section>\n\t\t\t\t<section class=\"elementor-section elementor-top-section elementor-element elementor-element-232717a elementor-section-boxed elementor-section-height-default elementor-section-height-default\" data-id=\"232717a\" data-element_type=\"section\">\n\t\t\t\t\t\t<div class=\"elementor-container elementor-column-gap-default\">\n\t\t\t\t\t<div class=\"elementor-column elementor-col-50 elementor-top-column elementor-element elementor-element-c28840c\" data-id=\"c28840c\" data-element_type=\"column\">\n\t\t\t<div class=\"elementor-widget-wrap elementor-element-populated\">\n\t\t\t\t\t\t<div class=\"elementor-element elementor-element-e7cf5b6 elementor-widget elementor-widget-text-editor\" data-id=\"e7cf5b6\" data-element_type=\"widget\" data-widget_type=\"text-editor.default\">\n\t\t\t\t<div class=\"elementor-widget-container\">\n\t\t\t\t\t\t\t<p>Vit\u00f3ria Miron Husein apresentou o trabalho: &#8220;Os carnavais em Santa Maria\/RS na primeira metade do s\u00e9culo XX&#8221;, que se prop\u00f4s a apresentar o percurso da pesquisa que est\u00e1 sendo realizada em sua disserta\u00e7\u00e3o de mestrado. O esfor\u00e7o historiogr\u00e1fico que est\u00e1 desenvolvendo busca investigar o passado da cidade de Santa Maria, no Rio Grande do Sul, a fim de localizar os festejos carnavalescos nesse espa\u00e7o entre 1911 e 1930. O objetivo central do estudo \u00e9 identificar os atores que protagonizavam o carnaval em Santa Maria e compreender como suas pr\u00e1ticas e ag\u00eancias revelam as tens\u00f5es, contradi\u00e7\u00f5es e conflitos da sociedade da \u00e9poca. Assim, a comunica\u00e7\u00e3o discutiu aspectos do trabalho historiogr\u00e1fico j\u00e1 realizados e em andamento, incluindo referenciais te\u00f3ricos, limites e possibilidades da abordagem do carnaval como problema historiogr\u00e1fico, aspectos metodol\u00f3gicos, tratamento documental e os elementos j\u00e1 encontrados no desenvolvimento da disserta\u00e7\u00e3o.<\/p>\t\t\t\t\t\t<\/div>\n\t\t\t\t<\/div>\n\t\t\t\t\t<\/div>\n\t\t<\/div>\n\t\t\t\t<div class=\"elementor-column elementor-col-50 elementor-top-column elementor-element elementor-element-22e8eaa\" data-id=\"22e8eaa\" data-element_type=\"column\">\n\t\t\t<div class=\"elementor-widget-wrap elementor-element-populated\">\n\t\t\t\t\t\t<div class=\"elementor-element elementor-element-2791935 elementor-widget elementor-widget-image\" data-id=\"2791935\" data-element_type=\"widget\" data-widget_type=\"image.default\">\n\t\t\t\t<div class=\"elementor-widget-container\">\n\t\t\t\t\t\t\t\t\t\t<figure class=\"wp-caption\">\n\t\t\t\t\t\t\t\t\t\t<img loading=\"lazy\" decoding=\"async\" width=\"1024\" height=\"1022\" src=\"https:\/\/www.ufsm.br\/app\/uploads\/sites\/510\/2025\/07\/WhatsApp-Image-2025-07-21-at-15.12.22-1024x1022.jpeg\" class=\"attachment-large size-large wp-image-2941\" alt=\"\" srcset=\"https:\/\/www.ufsm.br\/app\/uploads\/sites\/510\/2025\/07\/WhatsApp-Image-2025-07-21-at-15.12.22-1024x1022.jpeg 1024w, https:\/\/www.ufsm.br\/app\/uploads\/sites\/510\/2025\/07\/WhatsApp-Image-2025-07-21-at-15.12.22-300x300.jpeg 300w, https:\/\/www.ufsm.br\/app\/uploads\/sites\/510\/2025\/07\/WhatsApp-Image-2025-07-21-at-15.12.22-150x150.jpeg 150w, https:\/\/www.ufsm.br\/app\/uploads\/sites\/510\/2025\/07\/WhatsApp-Image-2025-07-21-at-15.12.22-768x767.jpeg 768w, https:\/\/www.ufsm.br\/app\/uploads\/sites\/510\/2025\/07\/WhatsApp-Image-2025-07-21-at-15.12.22.jpeg 1200w\" sizes=\"(max-width: 1024px) 100vw, 1024px\" \/>\t\t\t\t\t\t\t\t\t\t\t<figcaption class=\"widget-image-caption wp-caption-text\">Vit\u00f3ria Miron Husein, aluna do curso de Mestrado<\/figcaption>\n\t\t\t\t\t\t\t\t\t\t<\/figure>\n\t\t\t\t\t\t\t<\/div>\n\t\t\t\t<\/div>\n\t\t\t\t\t<\/div>\n\t\t<\/div>\n\t\t\t\t\t<\/div>\n\t\t<\/section>\n\t\t\t\t<section class=\"elementor-section elementor-top-section elementor-element elementor-element-0201cd9 elementor-section-boxed elementor-section-height-default elementor-section-height-default\" data-id=\"0201cd9\" data-element_type=\"section\">\n\t\t\t\t\t\t<div class=\"elementor-container elementor-column-gap-default\">\n\t\t\t\t\t<div class=\"elementor-column elementor-col-100 elementor-top-column elementor-element elementor-element-bced10f\" data-id=\"bced10f\" data-element_type=\"column\">\n\t\t\t<div class=\"elementor-widget-wrap elementor-element-populated\">\n\t\t\t\t\t\t<div class=\"elementor-element elementor-element-a295e89 elementor-widget elementor-widget-text-editor\" data-id=\"a295e89\" data-element_type=\"widget\" data-widget_type=\"text-editor.default\">\n\t\t\t\t<div class=\"elementor-widget-container\">\n\t\t\t\t\t\t\t<p>Willian Silva Carvalho apresentou o trabalho: &#8220;Campeonato Ga\u00facho de Futebol: A economia de uma integra\u00e7\u00e3o estadual (1919-1920)&#8221;.<\/p>\t\t\t\t\t\t<\/div>\n\t\t\t\t<\/div>\n\t\t\t\t\t<\/div>\n\t\t<\/div>\n\t\t\t\t\t<\/div>\n\t\t<\/section>\n\t\t\t\t<section class=\"elementor-section elementor-top-section elementor-element elementor-element-26f5d13 elementor-section-boxed elementor-section-height-default elementor-section-height-default\" data-id=\"26f5d13\" data-element_type=\"section\">\n\t\t\t\t\t\t<div class=\"elementor-container elementor-column-gap-default\">\n\t\t\t\t\t<div class=\"elementor-column elementor-col-50 elementor-top-column elementor-element elementor-element-c8ef2f2\" data-id=\"c8ef2f2\" data-element_type=\"column\">\n\t\t\t<div class=\"elementor-widget-wrap elementor-element-populated\">\n\t\t\t\t\t\t<div class=\"elementor-element elementor-element-ad6850b elementor-widget elementor-widget-image\" data-id=\"ad6850b\" data-element_type=\"widget\" data-widget_type=\"image.default\">\n\t\t\t\t<div class=\"elementor-widget-container\">\n\t\t\t\t\t\t\t\t\t\t<figure class=\"wp-caption\">\n\t\t\t\t\t\t\t\t\t\t<img loading=\"lazy\" decoding=\"async\" width=\"960\" height=\"960\" src=\"https:\/\/www.ufsm.br\/app\/uploads\/sites\/510\/2025\/07\/foto-para-noticia-.jpg\" class=\"attachment-large size-large wp-image-2921\" alt=\"\" srcset=\"https:\/\/www.ufsm.br\/app\/uploads\/sites\/510\/2025\/07\/foto-para-noticia-.jpg 960w, https:\/\/www.ufsm.br\/app\/uploads\/sites\/510\/2025\/07\/foto-para-noticia--300x300.jpg 300w, https:\/\/www.ufsm.br\/app\/uploads\/sites\/510\/2025\/07\/foto-para-noticia--150x150.jpg 150w, https:\/\/www.ufsm.br\/app\/uploads\/sites\/510\/2025\/07\/foto-para-noticia--768x768.jpg 768w\" sizes=\"(max-width: 960px) 100vw, 960px\" \/>\t\t\t\t\t\t\t\t\t\t\t<figcaption class=\"widget-image-caption wp-caption-text\">Yasmin Vieira Favaron, aluna do curso de Mestrado<\/figcaption>\n\t\t\t\t\t\t\t\t\t\t<\/figure>\n\t\t\t\t\t\t\t<\/div>\n\t\t\t\t<\/div>\n\t\t\t\t\t<\/div>\n\t\t<\/div>\n\t\t\t\t<div class=\"elementor-column elementor-col-50 elementor-top-column elementor-element elementor-element-89a486c\" data-id=\"89a486c\" data-element_type=\"column\">\n\t\t\t<div class=\"elementor-widget-wrap elementor-element-populated\">\n\t\t\t\t\t\t<div class=\"elementor-element elementor-element-cc19ea8 elementor-widget elementor-widget-text-editor\" data-id=\"cc19ea8\" data-element_type=\"widget\" data-widget_type=\"text-editor.default\">\n\t\t\t\t<div class=\"elementor-widget-container\">\n\t\t\t\t\t\t\t<p>Yasmin Vieira Favaron apresentou o trabalho: &#8220;Onde est\u00e3o elas? A invisibiliza\u00e7\u00e3o da hist\u00f3ria do futebol de mulheres nos sites dos grandes clubes de S\u00e3o Paulo&#8221;. O trabalho analisou a invisibiliza\u00e7\u00e3o da hist\u00f3ria do futebol de mulheres nos sites dos grandes clubes de S\u00e3o Paulo. Foram analisados usos p\u00fablicos do passado do futebol de mulheres na rede social X, com o objetivo de compreender narrativas disseminadas sobre o tema e, a partir disso, analisar como os clubes de futebol de mulheres de S\u00e3o Paulo apresentam as hist\u00f3rias de seus times em seus sites, com o objetivo de entender se essas narrativas combatem hist\u00f3rias degradantes, promovendo respeito e identifica\u00e7\u00e3o por parte dos torcedores. A forma como os clubes contam suas hist\u00f3rias impacta a valoriza\u00e7\u00e3o e o interesse para com o futebol de mulheres, enquanto a invisibiliza\u00e7\u00e3o perpetua discursos negativos e dificulta o combate \u00e0 misoginia no esporte.<\/p>\t\t\t\t\t\t<\/div>\n\t\t\t\t<\/div>\n\t\t\t\t\t<\/div>\n\t\t<\/div>\n\t\t\t\t\t<\/div>\n\t\t<\/section>\n\t\t\t\t<\/div>\n\t\t","protected":false},"excerpt":{"rendered":"<p>Entre os dias 13 e 18 de julho de 2025, professores e estudantes do Programa de P\u00f3s-Gradua\u00e7\u00e3o em Hist\u00f3ria da Universidade Federal de Santa Maria (PPGH\/UFSM) marcaram presen\u00e7a na 33\u00aa edi\u00e7\u00e3o do Simp\u00f3sio Nacional de Hist\u00f3ria, promovido pela Associa\u00e7\u00e3o Nacional de Hist\u00f3ria (ANPUH), realizado na Universidade Federal de Minas Gerais (UFMG), em Belo Horizonte. A [&hellip;]<\/p>\n","protected":false},"author":8937,"featured_media":0,"comment_status":"closed","ping_status":"closed","sticky":false,"template":"","format":"standard","meta":{"footnotes":""},"categories":[122,2,1],"tags":[],"class_list":["post-2911","post","type-post","status-publish","format-standard","hentry","category-eventos-2","category-noticias","category-sem-categoria"],"acf":[],"_links":{"self":[{"href":"https:\/\/www.ufsm.br\/cursos\/pos-graduacao\/santa-maria\/ppgh\/wp-json\/wp\/v2\/posts\/2911","targetHints":{"allow":["GET"]}}],"collection":[{"href":"https:\/\/www.ufsm.br\/cursos\/pos-graduacao\/santa-maria\/ppgh\/wp-json\/wp\/v2\/posts"}],"about":[{"href":"https:\/\/www.ufsm.br\/cursos\/pos-graduacao\/santa-maria\/ppgh\/wp-json\/wp\/v2\/types\/post"}],"author":[{"embeddable":true,"href":"https:\/\/www.ufsm.br\/cursos\/pos-graduacao\/santa-maria\/ppgh\/wp-json\/wp\/v2\/users\/8937"}],"replies":[{"embeddable":true,"href":"https:\/\/www.ufsm.br\/cursos\/pos-graduacao\/santa-maria\/ppgh\/wp-json\/wp\/v2\/comments?post=2911"}],"version-history":[{"count":0,"href":"https:\/\/www.ufsm.br\/cursos\/pos-graduacao\/santa-maria\/ppgh\/wp-json\/wp\/v2\/posts\/2911\/revisions"}],"wp:attachment":[{"href":"https:\/\/www.ufsm.br\/cursos\/pos-graduacao\/santa-maria\/ppgh\/wp-json\/wp\/v2\/media?parent=2911"}],"wp:term":[{"taxonomy":"category","embeddable":true,"href":"https:\/\/www.ufsm.br\/cursos\/pos-graduacao\/santa-maria\/ppgh\/wp-json\/wp\/v2\/categories?post=2911"},{"taxonomy":"post_tag","embeddable":true,"href":"https:\/\/www.ufsm.br\/cursos\/pos-graduacao\/santa-maria\/ppgh\/wp-json\/wp\/v2\/tags?post=2911"}],"curies":[{"name":"wp","href":"https:\/\/api.w.org\/{rel}","templated":true}]}}