{"id":3096,"date":"2025-11-28T09:21:53","date_gmt":"2025-11-28T12:21:53","guid":{"rendered":"https:\/\/www.ufsm.br\/cursos\/pos-graduacao\/santa-maria\/ppgh\/?p=3096"},"modified":"2025-11-28T09:21:58","modified_gmt":"2025-11-28T12:21:58","slug":"defesa-de-mestrado-thiago-noschang-cabral","status":"publish","type":"post","link":"https:\/\/www.ufsm.br\/cursos\/pos-graduacao\/santa-maria\/ppgh\/2025\/11\/28\/defesa-de-mestrado-thiago-noschang-cabral","title":{"rendered":"Defesa de mestrado \u2013 Thiago Noschang Cabral"},"content":{"rendered":"\n<p>O Programa de P\u00f3s-Gradua\u00e7\u00e3o em Hist\u00f3ria divulga a banca de defesa de mestrado do aluno <strong>Thiago Noschang Cabral<\/strong>, com o t\u00edtulo\u00a0<strong>\u201cO Aer\u00f3dromo de Santa Maria (RS) e a sua Rela\u00e7\u00e3o com a Atua\u00e7\u00e3o Brasileira na Regi\u00e3o do Prata durante a Segunda Guerra Mundial (1939-1945)\u201d<\/strong>, que ocorrer\u00e1 no dia 05 de dezembro de 2025, \u00e0s 09 horas.\u00a0<\/p>\n<p dir=\"ltr\">Local: Solicitar acesso \u00e0 sala virtual pelo e-mail <a href=\"mailto:maria.m.padoin@ufsm.br\" target=\"_blank\" rel=\"noopener\">maria.m.padoin@ufsm.br<\/a> at\u00e9 o dia 28\/11\/2025.<\/p>\n\n\n\n<figure class=\"wp-block-image size-large\"><img fetchpriority=\"high\" decoding=\"async\" width=\"1024\" height=\"1024\" src=\"https:\/\/www.ufsm.br\/app\/uploads\/sites\/510\/2025\/11\/PPGH-D.-Mestrado-Thiago-Noschang-Cabral-1024x1024.jpg\" alt=\"\" class=\"wp-image-3097\" srcset=\"https:\/\/www.ufsm.br\/app\/uploads\/sites\/510\/2025\/11\/PPGH-D.-Mestrado-Thiago-Noschang-Cabral-1024x1024.jpg 1024w, https:\/\/www.ufsm.br\/app\/uploads\/sites\/510\/2025\/11\/PPGH-D.-Mestrado-Thiago-Noschang-Cabral-300x300.jpg 300w, https:\/\/www.ufsm.br\/app\/uploads\/sites\/510\/2025\/11\/PPGH-D.-Mestrado-Thiago-Noschang-Cabral-150x150.jpg 150w, https:\/\/www.ufsm.br\/app\/uploads\/sites\/510\/2025\/11\/PPGH-D.-Mestrado-Thiago-Noschang-Cabral-768x768.jpg 768w, https:\/\/www.ufsm.br\/app\/uploads\/sites\/510\/2025\/11\/PPGH-D.-Mestrado-Thiago-Noschang-Cabral.jpg 1080w\" sizes=\"(max-width: 1024px) 100vw, 1024px\" \/><\/figure>\n","protected":false},"excerpt":{"rendered":"<p>O Programa de P\u00f3s-Gradua\u00e7\u00e3o em Hist\u00f3ria divulga a banca de defesa de mestrado do aluno Thiago Noschang Cabral, com o t\u00edtulo\u00a0\u201cO Aer\u00f3dromo de Santa Maria (RS) e a sua Rela\u00e7\u00e3o com a Atua\u00e7\u00e3o Brasileira na Regi\u00e3o do Prata durante a Segunda Guerra Mundial (1939-1945)\u201d, que ocorrer\u00e1 no dia 05 de dezembro de 2025, \u00e0s 09 [&hellip;]<\/p>\n","protected":false},"author":8910,"featured_media":0,"comment_status":"closed","ping_status":"closed","sticky":false,"template":"","format":"standard","meta":{"footnotes":""},"categories":[111,2],"tags":[],"class_list":["post-3096","post","type-post","status-publish","format-standard","hentry","category-defesas","category-noticias"],"acf":[],"_links":{"self":[{"href":"https:\/\/www.ufsm.br\/cursos\/pos-graduacao\/santa-maria\/ppgh\/wp-json\/wp\/v2\/posts\/3096","targetHints":{"allow":["GET"]}}],"collection":[{"href":"https:\/\/www.ufsm.br\/cursos\/pos-graduacao\/santa-maria\/ppgh\/wp-json\/wp\/v2\/posts"}],"about":[{"href":"https:\/\/www.ufsm.br\/cursos\/pos-graduacao\/santa-maria\/ppgh\/wp-json\/wp\/v2\/types\/post"}],"author":[{"embeddable":true,"href":"https:\/\/www.ufsm.br\/cursos\/pos-graduacao\/santa-maria\/ppgh\/wp-json\/wp\/v2\/users\/8910"}],"replies":[{"embeddable":true,"href":"https:\/\/www.ufsm.br\/cursos\/pos-graduacao\/santa-maria\/ppgh\/wp-json\/wp\/v2\/comments?post=3096"}],"version-history":[{"count":0,"href":"https:\/\/www.ufsm.br\/cursos\/pos-graduacao\/santa-maria\/ppgh\/wp-json\/wp\/v2\/posts\/3096\/revisions"}],"wp:attachment":[{"href":"https:\/\/www.ufsm.br\/cursos\/pos-graduacao\/santa-maria\/ppgh\/wp-json\/wp\/v2\/media?parent=3096"}],"wp:term":[{"taxonomy":"category","embeddable":true,"href":"https:\/\/www.ufsm.br\/cursos\/pos-graduacao\/santa-maria\/ppgh\/wp-json\/wp\/v2\/categories?post=3096"},{"taxonomy":"post_tag","embeddable":true,"href":"https:\/\/www.ufsm.br\/cursos\/pos-graduacao\/santa-maria\/ppgh\/wp-json\/wp\/v2\/tags?post=3096"}],"curies":[{"name":"wp","href":"https:\/\/api.w.org\/{rel}","templated":true}]}}