{"id":3385,"date":"2026-09-03T07:56:08","date_gmt":"2026-09-03T10:56:08","guid":{"rendered":"https:\/\/www.ufsm.br\/cursos\/pos-graduacao\/santa-maria\/ppgh\/?p=3385"},"modified":"2026-09-03T07:56:09","modified_gmt":"2026-09-03T10:56:09","slug":"seminario-saude-saberes-tradicionais-e-patrimonio-divulga-alteracao-no-cronograma-de-setembro","status":"publish","type":"post","link":"https:\/\/www.ufsm.br\/cursos\/pos-graduacao\/santa-maria\/ppgh\/2026\/09\/03\/seminario-saude-saberes-tradicionais-e-patrimonio-divulga-alteracao-no-cronograma-de-setembro","title":{"rendered":"Semin\u00e1rio Sa\u00fade, Saberes Tradicionais e Patrim\u00f4nio divulga altera\u00e7\u00e3o no cronograma de setembro"},"content":{"rendered":"\n<p data-start=\"454\" data-end=\"687\"><img fetchpriority=\"high\" decoding=\"async\" class=\"alignleft size-full wp-image-3384\" src=\"https:\/\/www.ufsm.br\/app\/uploads\/sites\/510\/2026\/08\/Atualizacao-seminario-setembro-26.jpg\" alt=\"\" width=\"1920\" height=\"506\" srcset=\"https:\/\/www.ufsm.br\/app\/uploads\/sites\/510\/2026\/08\/Atualizacao-seminario-setembro-26.jpg 1920w, https:\/\/www.ufsm.br\/app\/uploads\/sites\/510\/2026\/08\/Atualizacao-seminario-setembro-26-300x79.jpg 300w, https:\/\/www.ufsm.br\/app\/uploads\/sites\/510\/2026\/08\/Atualizacao-seminario-setembro-26-1024x270.jpg 1024w, https:\/\/www.ufsm.br\/app\/uploads\/sites\/510\/2026\/08\/Atualizacao-seminario-setembro-26-768x202.jpg 768w, https:\/\/www.ufsm.br\/app\/uploads\/sites\/510\/2026\/08\/Atualizacao-seminario-setembro-26-1536x405.jpg 1536w\" sizes=\"(max-width: 1920px) 100vw, 1920px\" \/><\/p>\n<p class=\"PDq2pG_selectionAnchorContainer\" style=\"text-align: justify\" data-start=\"454\" data-end=\"687\">O Programa de P\u00f3s-Gradua\u00e7\u00e3o em Hist\u00f3ria da Universidade Federal de Santa Maria (PPGH\/UFSM) divulga a <strong data-start=\"555\" data-end=\"656\">atualiza\u00e7\u00e3o do cronograma da segunda edi\u00e7\u00e3o do Semin\u00e1rio Sa\u00fade, Saberes Tradicionais e Patrim\u00f4nio<\/strong>, evento apoiado pelo Programa.<\/p>\n<p style=\"text-align: justify\" data-start=\"689\" data-end=\"926\">A atividade inicialmente prevista para o dia <strong data-start=\"734\" data-end=\"802\">8 de setembro de 2026 foi transferida para 13 de outubro de 2026<\/strong>. Com a altera\u00e7\u00e3o, a programa\u00e7\u00e3o do Semin\u00e1rio em setembro ter\u00e1 in\u00edcio no dia <strong data-start=\"879\" data-end=\"905\">23 de setembro, \u00e0s 11h<\/strong>, em formato on-line.<\/p>\n<p style=\"text-align: justify\" data-start=\"928\" data-end=\"1186\">A primeira atividade contar\u00e1 com a participa\u00e7\u00e3o de <strong data-start=\"979\" data-end=\"1019\">Daniela da Silva Martins (PPGH\/UFSM)<\/strong>, que apresentar\u00e1 o trabalho <strong data-start=\"1048\" data-end=\"1185\">\u201cAutoria e autoridade nos manuais para parteiras do s\u00e9culo XVII: uma reflex\u00e3o atrav\u00e9s dos trabalhos de Louise Bourgeois e Jane Sharp\u201d<\/strong>.<\/p>\n<p style=\"text-align: justify\" data-start=\"1188\" data-end=\"1442\">A segunda edi\u00e7\u00e3o do Semin\u00e1rio re\u00fane diferentes pesquisadores e pesquisadoras brasileiros(as), com atividades previstas entre <strong data-start=\"1313\" data-end=\"1344\">setembro e dezembro de 2026<\/strong>. O evento \u00e9 on-line, gratuito, possui certifica\u00e7\u00e3o e as inscri\u00e7\u00f5es s\u00e3o realizadas por formul\u00e1rio.<\/p>\n<p style=\"text-align: justify\" data-start=\"1444\" data-end=\"1539\">A programa\u00e7\u00e3o e demais informa\u00e7\u00f5es sobre o Semin\u00e1rio podem ser consultadas na p\u00e1gina do evento:<\/p>\n<p style=\"text-align: justify\" data-start=\"1541\" data-end=\"1578\"><span class=\"contents\" data-content-reference-start=\"1541\" data-content-reference-end=\"1638\"><span class=\"\" data-state=\"closed\"><a class=\"decorated-link\" href=\"https:\/\/www.ufsm.br\/cursos\/pos-graduacao\/santa-maria\/ppgh\/eventos\/seminario-saude-saberes-tradicionais-patrimonio?utm_source=chatgpt.com\" target=\"_blank\" rel=\"noopener\">Segunda Edi\u00e7\u00e3o do Semin\u00e1rio Sa\u00fade, Saberes Tradicionais e Patrim\u00f4nio \u2013 PPGH\/UFSM<\/a><\/span><\/span><\/p>\n<p style=\"text-align: justify\" data-start=\"1580\" data-end=\"1742\"><strong data-start=\"1580\" data-end=\"1610\">Data da pr\u00f3xima atividade:<\/strong> 23 de setembro de 2026<br data-start=\"1633\" data-end=\"1636\" \/><strong data-start=\"1636\" data-end=\"1648\">Hor\u00e1rio:<\/strong> 11h<br data-start=\"1652\" data-end=\"1655\" \/><strong data-start=\"1655\" data-end=\"1670\">Modalidade:<\/strong> on-line<br data-start=\"1678\" data-end=\"1681\" \/><strong data-start=\"1681\" data-end=\"1696\">Inscri\u00e7\u00f5es:<\/strong> por formul\u00e1rio<br data-start=\"1711\" data-end=\"1714\" \/><strong data-start=\"1714\" data-end=\"1731\">Certifica\u00e7\u00e3o:<\/strong> dispon\u00edvel<\/p>\n","protected":false},"excerpt":{"rendered":"<p>O Programa de P\u00f3s-Gradua\u00e7\u00e3o em Hist\u00f3ria da Universidade Federal de Santa Maria (PPGH\/UFSM) divulga a atualiza\u00e7\u00e3o do cronograma da segunda edi\u00e7\u00e3o do Semin\u00e1rio Sa\u00fade, Saberes Tradicionais e Patrim\u00f4nio, evento apoiado pelo Programa. A atividade inicialmente prevista para o dia 8 de setembro de 2026 foi transferida para 13 de outubro de 2026. Com a altera\u00e7\u00e3o, [&hellip;]<\/p>\n","protected":false},"author":905,"featured_media":0,"comment_status":"closed","ping_status":"closed","sticky":false,"template":"","format":"standard","meta":{"footnotes":""},"categories":[9,122,2],"tags":[],"class_list":["post-3385","post","type-post","status-publish","format-standard","hentry","category-destaques","category-eventos-2","category-noticias"],"acf":[],"_links":{"self":[{"href":"https:\/\/www.ufsm.br\/cursos\/pos-graduacao\/santa-maria\/ppgh\/wp-json\/wp\/v2\/posts\/3385","targetHints":{"allow":["GET"]}}],"collection":[{"href":"https:\/\/www.ufsm.br\/cursos\/pos-graduacao\/santa-maria\/ppgh\/wp-json\/wp\/v2\/posts"}],"about":[{"href":"https:\/\/www.ufsm.br\/cursos\/pos-graduacao\/santa-maria\/ppgh\/wp-json\/wp\/v2\/types\/post"}],"author":[{"embeddable":true,"href":"https:\/\/www.ufsm.br\/cursos\/pos-graduacao\/santa-maria\/ppgh\/wp-json\/wp\/v2\/users\/905"}],"replies":[{"embeddable":true,"href":"https:\/\/www.ufsm.br\/cursos\/pos-graduacao\/santa-maria\/ppgh\/wp-json\/wp\/v2\/comments?post=3385"}],"version-history":[{"count":0,"href":"https:\/\/www.ufsm.br\/cursos\/pos-graduacao\/santa-maria\/ppgh\/wp-json\/wp\/v2\/posts\/3385\/revisions"}],"wp:attachment":[{"href":"https:\/\/www.ufsm.br\/cursos\/pos-graduacao\/santa-maria\/ppgh\/wp-json\/wp\/v2\/media?parent=3385"}],"wp:term":[{"taxonomy":"category","embeddable":true,"href":"https:\/\/www.ufsm.br\/cursos\/pos-graduacao\/santa-maria\/ppgh\/wp-json\/wp\/v2\/categories?post=3385"},{"taxonomy":"post_tag","embeddable":true,"href":"https:\/\/www.ufsm.br\/cursos\/pos-graduacao\/santa-maria\/ppgh\/wp-json\/wp\/v2\/tags?post=3385"}],"curies":[{"name":"wp","href":"https:\/\/api.w.org\/{rel}","templated":true}]}}