{"id":5577,"date":"2026-09-03T13:48:09","date_gmt":"2026-09-03T16:48:09","guid":{"rendered":"https:\/\/www.ufsm.br\/cursos\/pos-graduacao\/santa-maria\/ppgletras\/?p=5577"},"modified":"2026-09-03T13:54:06","modified_gmt":"2026-09-03T16:54:06","slug":"151o-seminario-de-estudos-avancados-intitulado-topicos-de-teoria-dialogica-do-discurso","status":"publish","type":"post","link":"https:\/\/www.ufsm.br\/cursos\/pos-graduacao\/santa-maria\/ppgletras\/2026\/09\/03\/151o-seminario-de-estudos-avancados-intitulado-topicos-de-teoria-dialogica-do-discurso","title":{"rendered":"151\u00ba Semin\u00e1rio de Estudos Avan\u00e7ados, intitulado \u201cT\u00f3picos de Teoria Dial\u00f3gica do Discurso\u201d\u00a0"},"content":{"rendered":"\t\t<div data-elementor-type=\"wp-post\" data-elementor-id=\"5577\" class=\"elementor elementor-5577\">\n\t\t\t\t\t\t<section class=\"elementor-section elementor-top-section elementor-element elementor-element-4da9225 elementor-section-boxed elementor-section-height-default elementor-section-height-default\" data-id=\"4da9225\" data-element_type=\"section\">\n\t\t\t\t\t\t<div class=\"elementor-container elementor-column-gap-default\">\n\t\t\t\t\t<div class=\"elementor-column elementor-col-100 elementor-top-column elementor-element elementor-element-33a261c\" data-id=\"33a261c\" data-element_type=\"column\">\n\t\t\t<div class=\"elementor-widget-wrap elementor-element-populated\">\n\t\t\t\t\t\t<div class=\"elementor-element elementor-element-14ef0dc elementor-widget elementor-widget-image\" data-id=\"14ef0dc\" data-element_type=\"widget\" data-widget_type=\"image.default\">\n\t\t\t\t<div class=\"elementor-widget-container\">\n\t\t\t\t\t\t\t\t\t\t\t\t\t<img fetchpriority=\"high\" decoding=\"async\" width=\"768\" height=\"1086\" src=\"https:\/\/www.ufsm.br\/app\/uploads\/sites\/559\/2026\/09\/Card-seminario-2-1-1-768x1086.jpg\" class=\"attachment-medium_large size-medium_large wp-image-5578\" alt=\"\" srcset=\"https:\/\/www.ufsm.br\/app\/uploads\/sites\/559\/2026\/09\/Card-seminario-2-1-1-768x1086.jpg 768w, https:\/\/www.ufsm.br\/app\/uploads\/sites\/559\/2026\/09\/Card-seminario-2-1-1-212x300.jpg 212w, https:\/\/www.ufsm.br\/app\/uploads\/sites\/559\/2026\/09\/Card-seminario-2-1-1-724x1024.jpg 724w, https:\/\/www.ufsm.br\/app\/uploads\/sites\/559\/2026\/09\/Card-seminario-2-1-1-1086x1536.jpg 1086w, https:\/\/www.ufsm.br\/app\/uploads\/sites\/559\/2026\/09\/Card-seminario-2-1-1-1448x2048.jpg 1448w, https:\/\/www.ufsm.br\/app\/uploads\/sites\/559\/2026\/09\/Card-seminario-2-1-1.jpg 1587w\" sizes=\"(max-width: 768px) 100vw, 768px\" \/>\t\t\t\t\t\t\t\t\t\t\t\t\t<\/div>\n\t\t\t\t<\/div>\n\t\t\t\t\t<\/div>\n\t\t<\/div>\n\t\t\t\t\t<\/div>\n\t\t<\/section>\n\t\t\t\t<section class=\"elementor-section elementor-top-section elementor-element elementor-element-4777dc0 elementor-section-boxed elementor-section-height-default elementor-section-height-default\" data-id=\"4777dc0\" data-element_type=\"section\">\n\t\t\t\t\t\t<div class=\"elementor-container elementor-column-gap-default\">\n\t\t\t\t\t<div class=\"elementor-column elementor-col-100 elementor-top-column elementor-element elementor-element-0b28646\" data-id=\"0b28646\" data-element_type=\"column\">\n\t\t\t<div class=\"elementor-widget-wrap elementor-element-populated\">\n\t\t\t\t\t\t<div class=\"elementor-element elementor-element-163ec30 elementor-widget elementor-widget-text-editor\" data-id=\"163ec30\" data-element_type=\"widget\" data-widget_type=\"text-editor.default\">\n\t\t\t\t<div class=\"elementor-widget-container\">\n\t\t\t\t\t\t\t<p dir=\"ltr\">O Programa de P\u00f3s-Gradua\u00e7\u00e3o em Letras promove o 151\u00ba Semin\u00e1rio de Estudos Avan\u00e7ados, intitulado \u201cT\u00f3picos de Teoria Dial\u00f3gica do Discurso\u201d. O semin\u00e1rio tem como objetivo compreender os fundamentos epistemol\u00f3gicos, te\u00f3ricos e metodol\u00f3gicos da Teoria Dial\u00f3gica do Discurso, com \u00eanfase no estudo da linguagem e do discurso a partir de uma perspectiva dial\u00f3gica, considerando as rela\u00e7\u00f5es entre sujeito, intera\u00e7\u00e3o e produ\u00e7\u00e3o de sentidos. Com carga hor\u00e1ria de 15 horas, o semin\u00e1rio ser\u00e1 realizado em quatro encontros, nas seguintes datas: 10, 15, 17 e 22 de setembro de 2026, sendo o primeiro encontro presencial e os demais de forma online (Google Meet).<\/p><p>\u00a0<\/p><p dir=\"ltr\">As inscri\u00e7\u00f5es est\u00e3o abertas <strong>at\u00e9 o dia 03 de setembro de 2026<\/strong>, com 20 vagas dispon\u00edveis e os participantes com, no m\u00ednimo, 75% de frequ\u00eancia receber\u00e3o certificado.<\/p><p dir=\"ltr\">\u00a0<\/p><p dir=\"ltr\"><strong>Eixos abordados no semin\u00e1rio:<\/strong><\/p><ul><li>Fundamentos epistemol\u00f3gicos, te\u00f3ricos e metodol\u00f3gicos da Teoria Dial\u00f3gica do Discurso<\/li><li>Linguagem como pr\u00e1tica social, hist\u00f3rica, ideol\u00f3gica e constitutivamente dial\u00f3gica<\/li><li>Rela\u00e7\u00f5es dial\u00f3gicas entre enunciados, discursos e vozes sociais na produ\u00e7\u00e3o de sentidos<\/li><li>Discurso em diferentes esferas de atividade<\/li><li>Aplica\u00e7\u00e3o da Teoria Dial\u00f3gica do Discurso na formula\u00e7\u00e3o e no desenvolvimento de pesquisas em Letras<\/li><\/ul><p>\u00a0<\/p><p dir=\"ltr\">O semin\u00e1rio \u00e9 voltado para graduados e graduandos em Letras e \u00e1reas afins, mestrandos e doutorandos em Letras e \u00e1reas afins.<\/p><p dir=\"ltr\"><a href=\"https:\/\/forms.gle\/D5uws3uH9bw8eg2i9\">Link para a inscri\u00e7\u00e3o<\/a><\/p><p dir=\"ltr\">Datas: 10\/09 (presencial), 15\/09, 17\/09 e 22\/09\/2026 (online)<\/p><p dir=\"ltr\">Local: sala de aula com capacidade para o n\u00famero de inscri\u00e7\u00f5es ofertadas e Google Meet<\/p><p dir=\"ltr\" style=\"line-height: 1.38;margin-top: 0pt;margin-bottom: 0pt\">Vagas: 20 (com certificado para quem obtiver 75% de frequ\u00eancia<span style=\"font-size: 11pt;font-family: Arial,sans-serif;color: #000000;background-color: transparent;font-weight: 400;font-style: normal;font-variant: normal;text-decoration: none;vertical-align: baseline;white-space: pre-wrap\">)<\/span><\/p>\t\t\t\t\t\t<\/div>\n\t\t\t\t<\/div>\n\t\t\t\t\t<\/div>\n\t\t<\/div>\n\t\t\t\t\t<\/div>\n\t\t<\/section>\n\t\t\t\t<\/div>\n\t\t","protected":false},"excerpt":{"rendered":"<p>O Programa de P\u00f3s-Gradua\u00e7\u00e3o em Letras promove o 151\u00ba Semin\u00e1rio de Estudos Avan\u00e7ados, intitulado \u201cT\u00f3picos de Teoria Dial\u00f3gica do Discurso\u201d. O semin\u00e1rio tem como objetivo compreender os fundamentos epistemol\u00f3gicos, te\u00f3ricos e metodol\u00f3gicos da Teoria Dial\u00f3gica do Discurso, com \u00eanfase no estudo da linguagem e do discurso a partir de uma perspectiva dial\u00f3gica, considerando as rela\u00e7\u00f5es [&hellip;]<\/p>\n","protected":false},"author":8936,"featured_media":0,"comment_status":"closed","ping_status":"closed","sticky":false,"template":"","format":"standard","meta":{"footnotes":""},"categories":[9,2],"tags":[],"class_list":["post-5577","post","type-post","status-publish","format-standard","hentry","category-destaques","category-noticias"],"acf":[],"_links":{"self":[{"href":"https:\/\/www.ufsm.br\/cursos\/pos-graduacao\/santa-maria\/ppgletras\/wp-json\/wp\/v2\/posts\/5577","targetHints":{"allow":["GET"]}}],"collection":[{"href":"https:\/\/www.ufsm.br\/cursos\/pos-graduacao\/santa-maria\/ppgletras\/wp-json\/wp\/v2\/posts"}],"about":[{"href":"https:\/\/www.ufsm.br\/cursos\/pos-graduacao\/santa-maria\/ppgletras\/wp-json\/wp\/v2\/types\/post"}],"author":[{"embeddable":true,"href":"https:\/\/www.ufsm.br\/cursos\/pos-graduacao\/santa-maria\/ppgletras\/wp-json\/wp\/v2\/users\/8936"}],"replies":[{"embeddable":true,"href":"https:\/\/www.ufsm.br\/cursos\/pos-graduacao\/santa-maria\/ppgletras\/wp-json\/wp\/v2\/comments?post=5577"}],"version-history":[{"count":0,"href":"https:\/\/www.ufsm.br\/cursos\/pos-graduacao\/santa-maria\/ppgletras\/wp-json\/wp\/v2\/posts\/5577\/revisions"}],"wp:attachment":[{"href":"https:\/\/www.ufsm.br\/cursos\/pos-graduacao\/santa-maria\/ppgletras\/wp-json\/wp\/v2\/media?parent=5577"}],"wp:term":[{"taxonomy":"category","embeddable":true,"href":"https:\/\/www.ufsm.br\/cursos\/pos-graduacao\/santa-maria\/ppgletras\/wp-json\/wp\/v2\/categories?post=5577"},{"taxonomy":"post_tag","embeddable":true,"href":"https:\/\/www.ufsm.br\/cursos\/pos-graduacao\/santa-maria\/ppgletras\/wp-json\/wp\/v2\/tags?post=5577"}],"curies":[{"name":"wp","href":"https:\/\/api.w.org\/{rel}","templated":true}]}}