{"id":5586,"date":"2026-09-04T16:20:25","date_gmt":"2026-09-04T19:20:25","guid":{"rendered":"https:\/\/www.ufsm.br\/cursos\/pos-graduacao\/santa-maria\/ppgletras\/?p=5586"},"modified":"2026-09-04T16:23:20","modified_gmt":"2026-09-04T19:23:20","slug":"152o-seminario-de-estudos-avancados-intitulado-literatura-e-deslocamentos","status":"publish","type":"post","link":"https:\/\/www.ufsm.br\/cursos\/pos-graduacao\/santa-maria\/ppgletras\/2026\/09\/04\/152o-seminario-de-estudos-avancados-intitulado-literatura-e-deslocamentos","title":{"rendered":"152\u00ba Semin\u00e1rio de Estudos Avan\u00e7ados, intitulado \u201cLiteratura e deslocamentos\u201d"},"content":{"rendered":"\t\t<div data-elementor-type=\"wp-post\" data-elementor-id=\"5586\" class=\"elementor elementor-5586\">\n\t\t\t\t\t\t<section class=\"elementor-section elementor-top-section elementor-element elementor-element-d66747c elementor-section-boxed elementor-section-height-default elementor-section-height-default\" data-id=\"d66747c\" data-element_type=\"section\">\n\t\t\t\t\t\t<div class=\"elementor-container elementor-column-gap-default\">\n\t\t\t\t\t<div class=\"elementor-column elementor-col-100 elementor-top-column elementor-element elementor-element-7a411f9\" data-id=\"7a411f9\" data-element_type=\"column\">\n\t\t\t<div class=\"elementor-widget-wrap elementor-element-populated\">\n\t\t\t\t\t\t<div class=\"elementor-element elementor-element-f2bb2c3 elementor-widget elementor-widget-image\" data-id=\"f2bb2c3\" data-element_type=\"widget\" data-widget_type=\"image.default\">\n\t\t\t\t<div class=\"elementor-widget-container\">\n\t\t\t\t\t\t\t\t\t\t\t\t\t<img fetchpriority=\"high\" decoding=\"async\" width=\"768\" height=\"1086\" src=\"https:\/\/www.ufsm.br\/app\/uploads\/sites\/559\/2026\/09\/Card-seminario-4-1-768x1086.jpg\" class=\"attachment-medium_large size-medium_large wp-image-5587\" alt=\"\" srcset=\"https:\/\/www.ufsm.br\/app\/uploads\/sites\/559\/2026\/09\/Card-seminario-4-1-768x1086.jpg 768w, https:\/\/www.ufsm.br\/app\/uploads\/sites\/559\/2026\/09\/Card-seminario-4-1-212x300.jpg 212w, https:\/\/www.ufsm.br\/app\/uploads\/sites\/559\/2026\/09\/Card-seminario-4-1-724x1024.jpg 724w, https:\/\/www.ufsm.br\/app\/uploads\/sites\/559\/2026\/09\/Card-seminario-4-1-1086x1536.jpg 1086w, https:\/\/www.ufsm.br\/app\/uploads\/sites\/559\/2026\/09\/Card-seminario-4-1-1448x2048.jpg 1448w, https:\/\/www.ufsm.br\/app\/uploads\/sites\/559\/2026\/09\/Card-seminario-4-1.jpg 1587w\" sizes=\"(max-width: 768px) 100vw, 768px\" \/>\t\t\t\t\t\t\t\t\t\t\t\t\t<\/div>\n\t\t\t\t<\/div>\n\t\t\t\t\t<\/div>\n\t\t<\/div>\n\t\t\t\t\t<\/div>\n\t\t<\/section>\n\t\t\t\t<section class=\"elementor-section elementor-top-section elementor-element elementor-element-9fa79b9 elementor-section-boxed elementor-section-height-default elementor-section-height-default\" data-id=\"9fa79b9\" data-element_type=\"section\">\n\t\t\t\t\t\t<div class=\"elementor-container elementor-column-gap-default\">\n\t\t\t\t\t<div class=\"elementor-column elementor-col-100 elementor-top-column elementor-element elementor-element-4d443b6\" data-id=\"4d443b6\" data-element_type=\"column\">\n\t\t\t<div class=\"elementor-widget-wrap elementor-element-populated\">\n\t\t\t\t\t\t<div class=\"elementor-element elementor-element-7da36cf elementor-widget elementor-widget-text-editor\" data-id=\"7da36cf\" data-element_type=\"widget\" data-widget_type=\"text-editor.default\">\n\t\t\t\t<div class=\"elementor-widget-container\">\n\t\t\t\t\t\t\t<p>O Programa de P\u00f3s-Gradua\u00e7\u00e3o em Letras (PPGL) da UFSM promove o <strong>152\u00ba Semin\u00e1rio de Estudos Avan\u00e7ados, intitulado \u201cLiteratura e deslocamentos\u201d.<\/strong> O semin\u00e1rio aborda diferentes formas de deslocamento, retorno e constru\u00e7\u00e3o identit\u00e1ria na literatura portuguesa contempor\u00e2nea, a partir de obras de Isabela Figueiredo, Dulce Maria Cardoso, Djaimilia Pereira de Almeida e Yara Nakahanda Monteiro.<\/p><p>Com carga hor\u00e1ria de 15 horas, o semin\u00e1rio ser\u00e1 realizado em quatro encontros, nas seguintes datas: <strong>14, 18, 21 e 25 de setembro de 2026, das 14h \u00e0s 18h, de forma online<\/strong> (Google Meet).<\/p><p>As inscri\u00e7\u00f5es est\u00e3o abertas<strong> at\u00e9 o dia 12 de setembro de 2026, com 15 vagas dispon\u00edveis.<\/strong> Os participantes com, no m\u00ednimo, 75% de frequ\u00eancia receber\u00e3o certificado.<\/p><p><strong>Eixos abordados no semin\u00e1rio:<\/strong><\/p><p>Unidade 1: Isabela Figueiredo e o di\u00e1rio colonial: a escrita de si e o contexto do fim da coloniza\u00e7\u00e3o em Caderno de mem\u00f3rias coloniais<\/p><p>Unidade 2: Dulce Maria Cardoso e o retornado em Portugal: o retorno de nacionais e sua recep\u00e7\u00e3o em O retorno<\/p><p>Unidade 3: Djaimilia Pereira de Almeida e o imigrante negro em Portugal: a marginaliza\u00e7\u00e3o do ex-colono e o n\u00e3o-lugar do assimilado em Luanda, Lisboa, Para\u00edso<\/p><p>Unidade 4: Yara Nakahanda Monteiro e a identidade em tr\u00e2nsito: o regresso ao pa\u00eds de nascimento em \u00c1frica e a constru\u00e7\u00e3o da identidade em Essa dama bate bu\u00e9!<\/p><p>O semin\u00e1rio \u00e9 voltado para graduados e graduandos em Letras e \u00e1reas afins; mestrandos e doutorandos em Letras e \u00e1reas afins.<\/p><p><a href=\"https:\/\/forms.gle\/aZkem3ChzxD4AiXw9\">Link para a inscri\u00e7\u00e3o<\/a><\/p>\t\t\t\t\t\t<\/div>\n\t\t\t\t<\/div>\n\t\t\t\t\t<\/div>\n\t\t<\/div>\n\t\t\t\t\t<\/div>\n\t\t<\/section>\n\t\t\t\t<\/div>\n\t\t","protected":false},"excerpt":{"rendered":"<p>O Programa de P\u00f3s-Gradua\u00e7\u00e3o em Letras (PPGL) da UFSM promove o 152\u00ba Semin\u00e1rio de Estudos Avan\u00e7ados, intitulado \u201cLiteratura e deslocamentos\u201d. O semin\u00e1rio aborda diferentes formas de deslocamento, retorno e constru\u00e7\u00e3o identit\u00e1ria na literatura portuguesa contempor\u00e2nea, a partir de obras de Isabela Figueiredo, Dulce Maria Cardoso, Djaimilia Pereira de Almeida e Yara Nakahanda Monteiro. Com carga [&hellip;]<\/p>\n","protected":false},"author":8936,"featured_media":0,"comment_status":"closed","ping_status":"closed","sticky":false,"template":"","format":"standard","meta":{"footnotes":""},"categories":[9,2],"tags":[],"class_list":["post-5586","post","type-post","status-publish","format-standard","hentry","category-destaques","category-noticias"],"acf":[],"_links":{"self":[{"href":"https:\/\/www.ufsm.br\/cursos\/pos-graduacao\/santa-maria\/ppgletras\/wp-json\/wp\/v2\/posts\/5586","targetHints":{"allow":["GET"]}}],"collection":[{"href":"https:\/\/www.ufsm.br\/cursos\/pos-graduacao\/santa-maria\/ppgletras\/wp-json\/wp\/v2\/posts"}],"about":[{"href":"https:\/\/www.ufsm.br\/cursos\/pos-graduacao\/santa-maria\/ppgletras\/wp-json\/wp\/v2\/types\/post"}],"author":[{"embeddable":true,"href":"https:\/\/www.ufsm.br\/cursos\/pos-graduacao\/santa-maria\/ppgletras\/wp-json\/wp\/v2\/users\/8936"}],"replies":[{"embeddable":true,"href":"https:\/\/www.ufsm.br\/cursos\/pos-graduacao\/santa-maria\/ppgletras\/wp-json\/wp\/v2\/comments?post=5586"}],"version-history":[{"count":0,"href":"https:\/\/www.ufsm.br\/cursos\/pos-graduacao\/santa-maria\/ppgletras\/wp-json\/wp\/v2\/posts\/5586\/revisions"}],"wp:attachment":[{"href":"https:\/\/www.ufsm.br\/cursos\/pos-graduacao\/santa-maria\/ppgletras\/wp-json\/wp\/v2\/media?parent=5586"}],"wp:term":[{"taxonomy":"category","embeddable":true,"href":"https:\/\/www.ufsm.br\/cursos\/pos-graduacao\/santa-maria\/ppgletras\/wp-json\/wp\/v2\/categories?post=5586"},{"taxonomy":"post_tag","embeddable":true,"href":"https:\/\/www.ufsm.br\/cursos\/pos-graduacao\/santa-maria\/ppgletras\/wp-json\/wp\/v2\/tags?post=5586"}],"curies":[{"name":"wp","href":"https:\/\/api.w.org\/{rel}","templated":true}]}}