{"id":419,"date":"2015-10-01T18:40:28","date_gmt":"2015-10-01T21:40:28","guid":{"rendered":"https:\/\/www.ufsm.br\/cursos\/pos-graduacao\/santa-maria\/ppgmat\/2015\/10\/01\/processo-de-selecao-2016-1\/"},"modified":"2015-10-01T18:40:28","modified_gmt":"2015-10-01T21:40:28","slug":"processo-de-selecao-2016-1","status":"publish","type":"post","link":"https:\/\/www.ufsm.br\/cursos\/pos-graduacao\/santa-maria\/ppgmat\/2015\/10\/01\/processo-de-selecao-2016-1","title":{"rendered":"Processo de Sele\u00e7\u00e3o 2016-1"},"content":{"rendered":"<p>Encontram-se abertas as inscri\u00e7\u00f5es para a sele\u00e7\u00e3o do PPGMat\/UFSM.<\/p>\n<p>A sele\u00e7\u00e3o ser\u00e1 realizada por meio de uma prova de T\u00f3picos em An\u00e1lise na Reta e \u00c1lgebra Linear,<\/p>\n<p>no dia 01 de fevereiro de 2016, com in\u00edcio \u00e0s 08:30h.&nbsp;O per\u00edodo de inscri\u00e7\u00e3o \u00e9 de 01\/10\/2015 a 30\/10\/2015.<\/p>\n<p>Mais informa\u00e7\u00f5es no EDITAL N\u00ba 033\/UFSM\/PRPGP, DE 28 DE SETEMBRO DE 2015 no site&nbsp;<a style=\"color: #1155cc; font-family: arial,sans-serif; font-size: 12.8px; line-height: normal;\" href=\"http:\/\/coral.ufsm.br\/prpgp\/\" target=\"_blank\" rel=\"noopener noreferrer\">&nbsp;<\/a><a href=\"http:\/\/coral.ufsm.br\/prpgp\/\">&nbsp;<\/a><a href=\"http:\/\/sitel.ufsm.br\">http:\/\/sitel.ufsm.br <\/a><\/p>\n<p>em Editais.<a href=\"https:\/\/www.ufsm.br\/cursos\/pos-graduacao\/santa-maria\/ppgmat\/wp-content\/uploads\/sites\/540\/2015\/05\/images_Carta_de_recomenda%C3%A7%C3%A3o_2015_2.doc\">&nbsp;<\/a><\/p>\n<p>Acesse a <a href=\"https:\/\/www.ufsm.br\/cursos\/pos-graduacao\/santa-maria\/ppgmat\/wp-content\/uploads\/sites\/540\/2015\/10\/images_documentos_cartas_Carta_de_recomendao_2016_1.doc\">Carta de Recomenda\u00e7\u00e3o<\/a><\/p>\n<p>&nbsp;<\/p>\n","protected":false},"excerpt":{"rendered":"<p>Encontram-se abertas as inscri\u00e7\u00f5es para a sele\u00e7\u00e3o do PPGMat\/UFSM. A sele\u00e7\u00e3o ser\u00e1 realizada por meio de uma prova de T\u00f3picos em An\u00e1lise na Reta e \u00c1lgebra Linear, no dia 01 de fevereiro de 2016, com in\u00edcio \u00e0s 08:30h.&nbsp;O per\u00edodo de inscri\u00e7\u00e3o \u00e9 de 01\/10\/2015 a 30\/10\/2015. Mais informa\u00e7\u00f5es no EDITAL N\u00ba 033\/UFSM\/PRPGP, DE 28 DE [&hellip;]<\/p>\n","protected":false},"author":25,"featured_media":0,"comment_status":"closed","ping_status":"closed","sticky":false,"template":"","format":"standard","meta":{"footnotes":""},"categories":[2],"tags":[],"class_list":["post-419","post","type-post","status-publish","format-standard","hentry","category-noticias"],"acf":[],"_links":{"self":[{"href":"https:\/\/www.ufsm.br\/cursos\/pos-graduacao\/santa-maria\/ppgmat\/wp-json\/wp\/v2\/posts\/419","targetHints":{"allow":["GET"]}}],"collection":[{"href":"https:\/\/www.ufsm.br\/cursos\/pos-graduacao\/santa-maria\/ppgmat\/wp-json\/wp\/v2\/posts"}],"about":[{"href":"https:\/\/www.ufsm.br\/cursos\/pos-graduacao\/santa-maria\/ppgmat\/wp-json\/wp\/v2\/types\/post"}],"author":[{"embeddable":true,"href":"https:\/\/www.ufsm.br\/cursos\/pos-graduacao\/santa-maria\/ppgmat\/wp-json\/wp\/v2\/users\/25"}],"replies":[{"embeddable":true,"href":"https:\/\/www.ufsm.br\/cursos\/pos-graduacao\/santa-maria\/ppgmat\/wp-json\/wp\/v2\/comments?post=419"}],"version-history":[{"count":0,"href":"https:\/\/www.ufsm.br\/cursos\/pos-graduacao\/santa-maria\/ppgmat\/wp-json\/wp\/v2\/posts\/419\/revisions"}],"wp:attachment":[{"href":"https:\/\/www.ufsm.br\/cursos\/pos-graduacao\/santa-maria\/ppgmat\/wp-json\/wp\/v2\/media?parent=419"}],"wp:term":[{"taxonomy":"category","embeddable":true,"href":"https:\/\/www.ufsm.br\/cursos\/pos-graduacao\/santa-maria\/ppgmat\/wp-json\/wp\/v2\/categories?post=419"},{"taxonomy":"post_tag","embeddable":true,"href":"https:\/\/www.ufsm.br\/cursos\/pos-graduacao\/santa-maria\/ppgmat\/wp-json\/wp\/v2\/tags?post=419"}],"curies":[{"name":"wp","href":"https:\/\/api.w.org\/{rel}","templated":true}]}}