{"id":520,"date":"2018-09-06T14:48:06","date_gmt":"2018-09-06T17:48:06","guid":{"rendered":"https:\/\/www.ufsm.br\/cursos\/pos-graduacao\/santa-maria\/ppgmat\/2018\/09\/06\/curso-de-verao-2019\/"},"modified":"2018-09-06T14:48:06","modified_gmt":"2018-09-06T17:48:06","slug":"curso-de-verao-2019","status":"publish","type":"post","link":"https:\/\/www.ufsm.br\/cursos\/pos-graduacao\/santa-maria\/ppgmat\/2018\/09\/06\/curso-de-verao-2019","title":{"rendered":"Curso de Ver\u00e3o 2019"},"content":{"rendered":"<p style=\"margin-bottom: 0.0001pt; text-align: justify;\"><span style=\"color: black;\">&nbsp;<\/span><\/p>\n<p style=\"margin-bottom: 0.0001pt; text-align: justify;\"><span style=\"color: black;\">O PPGMAT oferecer\u00e1 um Curso de Ver\u00e3o sobre T\u00f3picos em An\u00e1lise na Reta e outro sobre \u00c1lgebra Linear, de 03 de janeiro a 13 de fevereiro de 2019. <\/span><strong><span style=\"font-family: 'Liberation Serif';\">Os Cursos de Ver\u00e3o n\u00e3o ser\u00e3o obrigat\u00f3rios<\/span><\/strong>, e ter\u00e3o o intuito de preparar os candidatos para se submeterem \u00e0 Prova de Sele\u00e7\u00e3o 2.<\/p>\n<p style=\"margin-bottom: 0.0001pt; text-align: justify;\">&nbsp;<\/p>\n<p style=\"margin-bottom: 0.0001pt; text-align: justify;\"><span style=\"color: black;\">Os candidatos inscritos para a o processo de Sele\u00e7\u00e3o estar\u00e3o automaticamente inscritos para os Cursos de Ver\u00e3o, mas os cursos <\/span>ser\u00e3o abertos a toda comunidade acad\u00eamica. Portanto, aqueles que n\u00e3o se inscreverem \u00e0 Sele\u00e7\u00e3o ao PPGMat e quiserem fazer, dever\u00e3o enviar a <em><span style=\"font-family: 'Liberation Serif'; font-style: normal;\">Ficha de Inscri\u00e7\u00e3o Ver\u00e3o 2019 que estar\u00e1 dispon\u00edvel em nosso site a partir de outubro de 2018.<\/span><\/em><\/p>\n<p style=\"margin-bottom: 0.0001pt; text-align: justify;\">&nbsp;<\/p>\n<p style=\"margin-bottom: 0.0001pt; text-align: justify;\">A UFSM disponibilizar\u00e1 Restaurante Universit\u00e1rio (RU) e alojamento na Casa do Estudante Universit\u00e1rio para os inscritos nos Cursos de Ver\u00e3o que solicitarem tais benef\u00edcios.<\/p>\n<p style=\"margin-bottom: 0.0001pt; text-align: justify;\">&nbsp;<\/p>\n<p style=\"margin-bottom: 0.0001pt; text-align: justify;\">1- An\u00e1lise na Reta &#8211;&nbsp; Professores Ari Jo\u00e3o Aiolfi e Maur\u00edcio Fronza da Silva<\/p>\n<p style=\"margin-bottom: 0.0001pt; text-align: justify;\">2- \u00c1lgebra Linear &#8211; Professores Daiana Aparecida da Silva Fl\u00f4res e Jo\u00e3o Roberto Lazzarin&nbsp;<\/p>\n<p>&nbsp;<\/p>\n<p>As informa\u00e7\u00f5es completas sobre a inscri\u00e7\u00e3o no Processo de Sele\u00e7\u00e3o e os Cursos de Ver\u00e3o ser\u00e3o disponibilizadas no Edital de Sele\u00e7\u00e3o que dever\u00e1 ser publicado no dia 28 de setembro, de acordo com o calend\u00e1rio da UFSM, e em nosso site.<\/p>\n","protected":false},"excerpt":{"rendered":"<p>&nbsp; O PPGMAT oferecer\u00e1 um Curso de Ver\u00e3o sobre T\u00f3picos em An\u00e1lise na Reta e outro sobre \u00c1lgebra Linear, de 03 de janeiro a 13 de fevereiro de 2019. Os Cursos de Ver\u00e3o n\u00e3o ser\u00e3o obrigat\u00f3rios, e ter\u00e3o o intuito de preparar os candidatos para se submeterem \u00e0 Prova de Sele\u00e7\u00e3o 2. &nbsp; Os candidatos [&hellip;]<\/p>\n","protected":false},"author":25,"featured_media":0,"comment_status":"closed","ping_status":"closed","sticky":false,"template":"","format":"standard","meta":{"footnotes":""},"categories":[2],"tags":[],"class_list":["post-520","post","type-post","status-publish","format-standard","hentry","category-noticias"],"acf":[],"_links":{"self":[{"href":"https:\/\/www.ufsm.br\/cursos\/pos-graduacao\/santa-maria\/ppgmat\/wp-json\/wp\/v2\/posts\/520","targetHints":{"allow":["GET"]}}],"collection":[{"href":"https:\/\/www.ufsm.br\/cursos\/pos-graduacao\/santa-maria\/ppgmat\/wp-json\/wp\/v2\/posts"}],"about":[{"href":"https:\/\/www.ufsm.br\/cursos\/pos-graduacao\/santa-maria\/ppgmat\/wp-json\/wp\/v2\/types\/post"}],"author":[{"embeddable":true,"href":"https:\/\/www.ufsm.br\/cursos\/pos-graduacao\/santa-maria\/ppgmat\/wp-json\/wp\/v2\/users\/25"}],"replies":[{"embeddable":true,"href":"https:\/\/www.ufsm.br\/cursos\/pos-graduacao\/santa-maria\/ppgmat\/wp-json\/wp\/v2\/comments?post=520"}],"version-history":[{"count":0,"href":"https:\/\/www.ufsm.br\/cursos\/pos-graduacao\/santa-maria\/ppgmat\/wp-json\/wp\/v2\/posts\/520\/revisions"}],"wp:attachment":[{"href":"https:\/\/www.ufsm.br\/cursos\/pos-graduacao\/santa-maria\/ppgmat\/wp-json\/wp\/v2\/media?parent=520"}],"wp:term":[{"taxonomy":"category","embeddable":true,"href":"https:\/\/www.ufsm.br\/cursos\/pos-graduacao\/santa-maria\/ppgmat\/wp-json\/wp\/v2\/categories?post=520"},{"taxonomy":"post_tag","embeddable":true,"href":"https:\/\/www.ufsm.br\/cursos\/pos-graduacao\/santa-maria\/ppgmat\/wp-json\/wp\/v2\/tags?post=520"}],"curies":[{"name":"wp","href":"https:\/\/api.w.org\/{rel}","templated":true}]}}