{"id":2405,"date":"2026-08-28T15:20:49","date_gmt":"2026-08-28T18:20:49","guid":{"rendered":"https:\/\/www.ufsm.br\/cursos\/pos-graduacao\/santa-maria\/ppgpc\/?p=2405"},"modified":"2026-08-28T15:20:51","modified_gmt":"2026-08-28T18:20:51","slug":"qualificacao-de-mestrado-aline-dutra-medeiros","status":"publish","type":"post","link":"https:\/\/www.ufsm.br\/cursos\/pos-graduacao\/santa-maria\/ppgpc\/2026\/08\/28\/qualificacao-de-mestrado-aline-dutra-medeiros","title":{"rendered":"Qualifica\u00e7\u00e3o de mestrado \u2013 Aline Dutra Medeiros"},"content":{"rendered":"\n<p style=\"text-align: justify\">O Programa de P\u00f3s-Gradua\u00e7\u00e3o em Patrim\u00f4nio Cultural divulga a banca de qualifica\u00e7\u00e3o de mestrado da aluna <strong>Aline Dutra Medeiros<\/strong>,\u00a0com o t\u00edtulo\u00a0<strong>\u201cNa trilha do patrim\u00f4nio cultural: (re) conhecer a hist\u00f3ria de Restinga S\u00eaca\/RS a partir de seus espa\u00e7os de mem\u00f3ria\u201d<\/strong>, que ocorrer\u00e1 no dia 2 de setembro de 2026 \u00e0s 16 horas na UFSM, sala 3232, pr\u00e9dio 74B.<\/p>\n<p style=\"text-align: justify\"><em>Aten\u00e7\u00e3o: O\u00a0PPGPC\u00a0n\u00e3o emite atestado de ouvinte das bancas de qualifica\u00e7\u00e3o e defesa final.<\/em><\/p>\n<p><img fetchpriority=\"high\" decoding=\"async\" class=\"alignnone wp-image-2406 size-full\" src=\"https:\/\/www.ufsm.br\/app\/uploads\/sites\/561\/2026\/08\/PPGPC-Q.-Mestrado-Aline-Dutra-Medeiros.jpg\" alt=\"\" width=\"1080\" height=\"1080\" srcset=\"https:\/\/www.ufsm.br\/app\/uploads\/sites\/561\/2026\/08\/PPGPC-Q.-Mestrado-Aline-Dutra-Medeiros.jpg 1080w, https:\/\/www.ufsm.br\/app\/uploads\/sites\/561\/2026\/08\/PPGPC-Q.-Mestrado-Aline-Dutra-Medeiros-300x300.jpg 300w, https:\/\/www.ufsm.br\/app\/uploads\/sites\/561\/2026\/08\/PPGPC-Q.-Mestrado-Aline-Dutra-Medeiros-1024x1024.jpg 1024w, https:\/\/www.ufsm.br\/app\/uploads\/sites\/561\/2026\/08\/PPGPC-Q.-Mestrado-Aline-Dutra-Medeiros-150x150.jpg 150w, https:\/\/www.ufsm.br\/app\/uploads\/sites\/561\/2026\/08\/PPGPC-Q.-Mestrado-Aline-Dutra-Medeiros-768x768.jpg 768w\" sizes=\"(max-width: 1080px) 100vw, 1080px\" \/><\/p>\n","protected":false},"excerpt":{"rendered":"<p>O Programa de P\u00f3s-Gradua\u00e7\u00e3o em Patrim\u00f4nio Cultural divulga a banca de qualifica\u00e7\u00e3o de mestrado da aluna Aline Dutra Medeiros,\u00a0com o t\u00edtulo\u00a0\u201cNa trilha do patrim\u00f4nio cultural: (re) conhecer a hist\u00f3ria de Restinga S\u00eaca\/RS a partir de seus espa\u00e7os de mem\u00f3ria\u201d, que ocorrer\u00e1 no dia 2 de setembro de 2026 \u00e0s 16 horas na UFSM, sala 3232, [&hellip;]<\/p>\n","protected":false},"author":8077,"featured_media":0,"comment_status":"closed","ping_status":"closed","sticky":false,"template":"","format":"standard","meta":{"footnotes":""},"categories":[61,2],"tags":[],"class_list":["post-2405","post","type-post","status-publish","format-standard","hentry","category-defesas","category-noticias"],"acf":[],"_links":{"self":[{"href":"https:\/\/www.ufsm.br\/cursos\/pos-graduacao\/santa-maria\/ppgpc\/wp-json\/wp\/v2\/posts\/2405","targetHints":{"allow":["GET"]}}],"collection":[{"href":"https:\/\/www.ufsm.br\/cursos\/pos-graduacao\/santa-maria\/ppgpc\/wp-json\/wp\/v2\/posts"}],"about":[{"href":"https:\/\/www.ufsm.br\/cursos\/pos-graduacao\/santa-maria\/ppgpc\/wp-json\/wp\/v2\/types\/post"}],"author":[{"embeddable":true,"href":"https:\/\/www.ufsm.br\/cursos\/pos-graduacao\/santa-maria\/ppgpc\/wp-json\/wp\/v2\/users\/8077"}],"replies":[{"embeddable":true,"href":"https:\/\/www.ufsm.br\/cursos\/pos-graduacao\/santa-maria\/ppgpc\/wp-json\/wp\/v2\/comments?post=2405"}],"version-history":[{"count":0,"href":"https:\/\/www.ufsm.br\/cursos\/pos-graduacao\/santa-maria\/ppgpc\/wp-json\/wp\/v2\/posts\/2405\/revisions"}],"wp:attachment":[{"href":"https:\/\/www.ufsm.br\/cursos\/pos-graduacao\/santa-maria\/ppgpc\/wp-json\/wp\/v2\/media?parent=2405"}],"wp:term":[{"taxonomy":"category","embeddable":true,"href":"https:\/\/www.ufsm.br\/cursos\/pos-graduacao\/santa-maria\/ppgpc\/wp-json\/wp\/v2\/categories?post=2405"},{"taxonomy":"post_tag","embeddable":true,"href":"https:\/\/www.ufsm.br\/cursos\/pos-graduacao\/santa-maria\/ppgpc\/wp-json\/wp\/v2\/tags?post=2405"}],"curies":[{"name":"wp","href":"https:\/\/api.w.org\/{rel}","templated":true}]}}