{"id":574,"date":"2017-09-05T02:19:50","date_gmt":"2017-09-05T05:19:50","guid":{"rendered":"https:\/\/www.ufsm.br\/cursos\/graduacao\/santa-maria\/relacoes-internacionais\/2017\/09\/05\/gecap-promoveu-a-estreia-do-documentario-um-fio-de-esperanca-independencia-ou-guerra-no-saara-ocidental\/"},"modified":"2020-01-07T11:58:10","modified_gmt":"2020-01-07T14:58:10","slug":"gecap-promoveu-a-estreia-do-documentario-um-fio-de-esperanca-independencia-ou-guerra-no-saara-ocidental","status":"publish","type":"post","link":"https:\/\/www.ufsm.br\/cursos\/pos-graduacao\/santa-maria\/ppgri\/2017\/09\/05\/gecap-promoveu-a-estreia-do-documentario-um-fio-de-esperanca-independencia-ou-guerra-no-saara-ocidental","title":{"rendered":"GECAP promoveu a estreia do document\u00e1rio &#8220;Um Fio de Esperan\u00e7a: Independ\u00eancia ou Guerra no Saara Ocidental&#8221;"},"content":{"rendered":"<p style=\"line-height: 20px;text-align: justify\"><img fetchpriority=\"high\" decoding=\"async\" class=\" alignleft size-full wp-image-563\" src=\"https:\/\/www.ufsm.br\/cursos\/graduacao\/santa-maria\/relacoes-internacionais\/wp-content\/uploads\/sites\/474\/2017\/08\/afro.jpg\" alt=\"afro\" width=\"246\" height=\"350\" style=\"margin-right: 20px;margin-left: 5px;float: left\" \/>Na ultima quarta-feira (30), ocorreu no Audit&oacute;rio da Multiweb UFSM a pr&eacute;-estreia do document&aacute;rio &#8220;Um Fio de Esperan&ccedil;a: Independ&ecirc;ncia ou Guerra no Saara Ocidental&#8221; em comemora&ccedil;&atilde;o ao primeiro ano de atividades do programa Afroriente da R&aacute;dio Universidade 800 AM, integrante do projeto de extens&atilde;o Repensando a &Aacute;frica e o Oriente M&eacute;dio (REAO), coordenado pelo GECAP. O evento contou com a participa&ccedil;&atilde;o e palestra do co-diretor do document&aacute;rio, Rodrigo Duque Estrada.<\/p>\n<p style=\"line-height: 20px;text-align: justify\">O document&aacute;rio conta a hist&oacute;ria da resist&ecirc;ncia do povo saharaui, que h&aacute; 26 anos espera a realiza&ccedil;&atilde;o de um referendo pela sua autodetermina&ccedil;&atilde;o. Explora a frustra&ccedil;&atilde;o crescente desse povo com o processo de paz mediado pela ONU, seja nos acampamentos de refugiados, nas zonas liberadas ou nos territ&oacute;rios ocupados h&aacute; mais de 40 anos pelo Marrocos. O document&aacute;rio tamb&eacute;m questiona a posi&ccedil;&atilde;o de neutralidade do Brasil, que &eacute; um dos &uacute;nicos pa&iacute;ses na Am&eacute;rica Latina que ainda n&atilde;o reconhecem a independ&ecirc;ncia do Saara Ocidental, contribuindo para a normaliza&ccedil;&atilde;o de uma viol&ecirc;ncia sistem&aacute;tica contra os saharauis e a explora&ccedil;&atilde;o das riquezas de sua terra.<\/p>\n<p style=\"line-height: 20px;text-align: justify\">Confira alguns momentos da exibi&ccedil;&atilde;o!<\/p>\n<p style=\"line-height: 20px;text-align: justify\">&nbsp;<\/p>\n<p style=\"line-height: 20px;text-align: justify\">&nbsp;<\/p>\n<p style=\"line-height: 20px;text-align: justify\">&nbsp;<\/p>\n<p style=\"line-height: 20px;text-align: justify\">&nbsp;<\/p>\n<div>{djmedia 31}<\/div>\n","protected":false},"excerpt":{"rendered":"<p>Na ultima quarta-feira (30), ocorreu no Audit&oacute;rio da Multiweb UFSM a pr&eacute;-estreia do document&aacute;rio &#8220;Um Fio de Esperan&ccedil;a: Independ&ecirc;ncia ou Guerra no Saara Ocidental&#8221; em comemora&ccedil;&atilde;o ao primeiro ano de atividades do programa Afroriente da R&aacute;dio Universidade 800 AM, integrante do projeto de extens&atilde;o Repensando a &Aacute;frica e o Oriente M&eacute;dio (REAO), coordenado pelo GECAP. [&hellip;]<\/p>\n","protected":false},"author":1,"featured_media":563,"comment_status":"closed","ping_status":"closed","sticky":false,"template":"","format":"standard","meta":{"footnotes":""},"categories":[28],"tags":[30,32,34],"class_list":["post-574","post","type-post","status-publish","format-standard","has-post-thumbnail","hentry","category-gecap","tag-gecap","tag-grupos","tag-grupos-estudo"],"acf":[],"_links":{"self":[{"href":"https:\/\/www.ufsm.br\/cursos\/pos-graduacao\/santa-maria\/ppgri\/wp-json\/wp\/v2\/posts\/574","targetHints":{"allow":["GET"]}}],"collection":[{"href":"https:\/\/www.ufsm.br\/cursos\/pos-graduacao\/santa-maria\/ppgri\/wp-json\/wp\/v2\/posts"}],"about":[{"href":"https:\/\/www.ufsm.br\/cursos\/pos-graduacao\/santa-maria\/ppgri\/wp-json\/wp\/v2\/types\/post"}],"author":[{"embeddable":true,"href":"https:\/\/www.ufsm.br\/cursos\/pos-graduacao\/santa-maria\/ppgri\/wp-json\/wp\/v2\/users\/1"}],"replies":[{"embeddable":true,"href":"https:\/\/www.ufsm.br\/cursos\/pos-graduacao\/santa-maria\/ppgri\/wp-json\/wp\/v2\/comments?post=574"}],"version-history":[{"count":0,"href":"https:\/\/www.ufsm.br\/cursos\/pos-graduacao\/santa-maria\/ppgri\/wp-json\/wp\/v2\/posts\/574\/revisions"}],"wp:attachment":[{"href":"https:\/\/www.ufsm.br\/cursos\/pos-graduacao\/santa-maria\/ppgri\/wp-json\/wp\/v2\/media?parent=574"}],"wp:term":[{"taxonomy":"category","embeddable":true,"href":"https:\/\/www.ufsm.br\/cursos\/pos-graduacao\/santa-maria\/ppgri\/wp-json\/wp\/v2\/categories?post=574"},{"taxonomy":"post_tag","embeddable":true,"href":"https:\/\/www.ufsm.br\/cursos\/pos-graduacao\/santa-maria\/ppgri\/wp-json\/wp\/v2\/tags?post=574"}],"curies":[{"name":"wp","href":"https:\/\/api.w.org\/{rel}","templated":true}]}}