{"id":643,"date":"2017-11-27T12:49:29","date_gmt":"2017-11-27T14:49:29","guid":{"rendered":"https:\/\/www.ufsm.br\/cursos\/graduacao\/santa-maria\/relacoes-internacionais\/2017\/11\/27\/gecap-participa-do-35-seminario-de-extensao-universitaria-da-regiao-sul-seurs\/"},"modified":"2020-01-07T11:58:04","modified_gmt":"2020-01-07T14:58:04","slug":"gecap-participa-do-35-seminario-de-extensao-universitaria-da-regiao-sul-seurs","status":"publish","type":"post","link":"https:\/\/www.ufsm.br\/cursos\/pos-graduacao\/santa-maria\/ppgri\/2017\/11\/27\/gecap-participa-do-35-seminario-de-extensao-universitaria-da-regiao-sul-seurs","title":{"rendered":"GECAP participa do 35\u00ba Semin\u00e1rio de Extens\u00e3o Universit\u00e1ria da Regi\u00e3o Sul (SEURS)"},"content":{"rendered":"<p style=\"line-height: 20px\"><span style=\"font-size: 14pt\">No per&iacute;odo de 30 de outubro a 01 de novembro de 2017, o Grupo de Estudos em Capacidade Estatal, Seguran&ccedil;a e Defesa participou da 35&ordf; edi&ccedil;&atilde;o do Semin&aacute;rio de Extens&atilde;o Universit&aacute;ria da Regi&atilde;o Sul (SEURS), realizada na cidade de Foz do Igua&ccedil;u &ndash; Paran&aacute;.<\/span><\/p>\n<p style=\"line-height: 20px;text-align: justify\"><span style=\"font-size: 14pt\"><\/span><br \/><span style=\"font-size: 14pt\">O Semin&aacute;rio de Extens&atilde;o Universit&aacute;ria da Regi&atilde;o Sul &eacute; o principal evento de extens&atilde;o do sul do Brasil. Tem como objetivo promover o interc&acirc;mbio entre as Institui&ccedil;&otilde;es de Ensino, estimular as discuss&otilde;es sobre os caminhos da extens&atilde;o e fomentar a troca de experi&ecirc;ncias sobre as a&ccedil;&otilde;es de extens&atilde;o entre as Institui&ccedil;&otilde;es de Ensino Superior do Sul do Brasil e a comunidade. Na sua 35&ordf; edi&ccedil;&atilde;o o SEURS teve como tema central a Internacionaliza&ccedil;&atilde;o da Extens&atilde;o. <\/span><\/p>\n<p style=\"line-height: 20px;text-align: justify\"><span style=\"font-size: 14pt\">Na ocasi&atilde;o, a bolsista de extens&atilde;o e assistente de gest&atilde;o do GECAP, Brenda de Cassia Silva Gomes, apresentou os objetivos e resultados j&aacute; alcan&ccedil;ados no Programa de Extens&atilde;o em Capacidade Estatal, Seguran&ccedil;a e Defesa (PECAP), que abriga os projetos de extens&atilde;o do grupo, durante o ano de 2017. Neste ano, o GECAP realizou at&eacute; o momento duas edi&ccedil;&otilde;es da Oficina de Pesquisa intitulada Oficina GECAP, o programa da r&aacute;dio Universidade 800AM, Afroriente, uma edi&ccedil;&atilde;o do projeto Repensando a &Aacute;frica e o Oriente M&eacute;dio (REAO) Ciclo Liter&aacute;rio e um encontro do evento Caf&eacute; Defesa.<\/span><\/p>\n<p style=\"line-height: 20px;text-align: justify\"><span style=\"font-size: 14pt\">Para mais informa&ccedil;&otilde;es sobre os projetos de extens&atilde;o do GECAP, acesse os menus de &#8220;<a href=\"index.php\/2016-06-06-19-03-34\">Extens&atilde;o<\/a>&#8221; do nosso site.<\/span><\/p>\n","protected":false},"excerpt":{"rendered":"<p>No per&iacute;odo de 30 de outubro a 01 de novembro de 2017, o Grupo de Estudos em Capacidade Estatal, Seguran&ccedil;a e Defesa participou da 35&ordf; edi&ccedil;&atilde;o do Semin&aacute;rio de Extens&atilde;o Universit&aacute;ria da Regi&atilde;o Sul (SEURS), realizada na cidade de Foz do Igua&ccedil;u &ndash; Paran&aacute;. O Semin&aacute;rio de Extens&atilde;o Universit&aacute;ria da Regi&atilde;o Sul &eacute; o principal [&hellip;]<\/p>\n","protected":false},"author":1,"featured_media":0,"comment_status":"closed","ping_status":"closed","sticky":false,"template":"","format":"standard","meta":{"footnotes":""},"categories":[28],"tags":[30,32,34],"class_list":["post-643","post","type-post","status-publish","format-standard","hentry","category-gecap","tag-gecap","tag-grupos","tag-grupos-estudo"],"acf":[],"_links":{"self":[{"href":"https:\/\/www.ufsm.br\/cursos\/pos-graduacao\/santa-maria\/ppgri\/wp-json\/wp\/v2\/posts\/643","targetHints":{"allow":["GET"]}}],"collection":[{"href":"https:\/\/www.ufsm.br\/cursos\/pos-graduacao\/santa-maria\/ppgri\/wp-json\/wp\/v2\/posts"}],"about":[{"href":"https:\/\/www.ufsm.br\/cursos\/pos-graduacao\/santa-maria\/ppgri\/wp-json\/wp\/v2\/types\/post"}],"author":[{"embeddable":true,"href":"https:\/\/www.ufsm.br\/cursos\/pos-graduacao\/santa-maria\/ppgri\/wp-json\/wp\/v2\/users\/1"}],"replies":[{"embeddable":true,"href":"https:\/\/www.ufsm.br\/cursos\/pos-graduacao\/santa-maria\/ppgri\/wp-json\/wp\/v2\/comments?post=643"}],"version-history":[{"count":0,"href":"https:\/\/www.ufsm.br\/cursos\/pos-graduacao\/santa-maria\/ppgri\/wp-json\/wp\/v2\/posts\/643\/revisions"}],"wp:attachment":[{"href":"https:\/\/www.ufsm.br\/cursos\/pos-graduacao\/santa-maria\/ppgri\/wp-json\/wp\/v2\/media?parent=643"}],"wp:term":[{"taxonomy":"category","embeddable":true,"href":"https:\/\/www.ufsm.br\/cursos\/pos-graduacao\/santa-maria\/ppgri\/wp-json\/wp\/v2\/categories?post=643"},{"taxonomy":"post_tag","embeddable":true,"href":"https:\/\/www.ufsm.br\/cursos\/pos-graduacao\/santa-maria\/ppgri\/wp-json\/wp\/v2\/tags?post=643"}],"curies":[{"name":"wp","href":"https:\/\/api.w.org\/{rel}","templated":true}]}}