{"id":573,"date":"2026-09-04T10:04:38","date_gmt":"2026-09-04T13:04:38","guid":{"rendered":"https:\/\/www.ufsm.br\/cursos\/pos-graduacao\/santa-maria\/ppgsc\/?p=573"},"modified":"2026-09-04T11:46:50","modified_gmt":"2026-09-04T14:46:50","slug":"mestranda-da-ufsm-apresenta-trabalho-sobre-respostas-a-desastres-em-congresso-de-saude-coletiva","status":"publish","type":"post","link":"https:\/\/www.ufsm.br\/cursos\/pos-graduacao\/santa-maria\/ppgsc\/2026\/09\/04\/mestranda-da-ufsm-apresenta-trabalho-sobre-respostas-a-desastres-em-congresso-de-saude-coletiva","title":{"rendered":"Mestranda da UFSM apresenta trabalho sobre respostas a desastres em Congresso de Sa\u00fade Coletiva"},"content":{"rendered":"\t\t<div data-elementor-type=\"wp-post\" data-elementor-id=\"573\" class=\"elementor elementor-573\">\n\t\t\t\t\t\t<section class=\"elementor-section elementor-top-section elementor-element elementor-element-ebe8ac0 elementor-section-boxed elementor-section-height-default elementor-section-height-default\" data-id=\"ebe8ac0\" data-element_type=\"section\">\n\t\t\t\t\t\t<div class=\"elementor-container elementor-column-gap-default\">\n\t\t\t\t\t<div class=\"elementor-column elementor-col-100 elementor-top-column elementor-element elementor-element-5d5a4a3\" data-id=\"5d5a4a3\" data-element_type=\"column\">\n\t\t\t<div class=\"elementor-widget-wrap elementor-element-populated\">\n\t\t\t\t\t\t<div class=\"elementor-element elementor-element-d0a16c6 elementor-widget elementor-widget-image\" data-id=\"d0a16c6\" data-element_type=\"widget\" data-widget_type=\"image.default\">\n\t\t\t\t<div class=\"elementor-widget-container\">\n\t\t\t\t\t\t\t\t\t\t<figure class=\"wp-caption\">\n\t\t\t\t\t\t\t\t\t\t\t<a href=\"https:\/\/www.ufsm.br\/app\/uploads\/sites\/954\/2026\/09\/02-scaled.jpg\">\n\t\t\t\t\t\t\t<img fetchpriority=\"high\" decoding=\"async\" width=\"1024\" height=\"273\" src=\"https:\/\/www.ufsm.br\/app\/uploads\/sites\/954\/2026\/09\/I-Congresso-FURB-1-1024x273.jpg\" class=\"attachment-large size-large wp-image-583\" alt=\"\" srcset=\"https:\/\/www.ufsm.br\/app\/uploads\/sites\/954\/2026\/09\/I-Congresso-FURB-1-1024x273.jpg 1024w, https:\/\/www.ufsm.br\/app\/uploads\/sites\/954\/2026\/09\/I-Congresso-FURB-1-300x80.jpg 300w, https:\/\/www.ufsm.br\/app\/uploads\/sites\/954\/2026\/09\/I-Congresso-FURB-1-768x205.jpg 768w, https:\/\/www.ufsm.br\/app\/uploads\/sites\/954\/2026\/09\/I-Congresso-FURB-1.jpg 1500w\" sizes=\"(max-width: 1024px) 100vw, 1024px\" \/>\t\t\t\t\t\t\t\t<\/a>\n\t\t\t\t\t\t\t\t\t\t\t<figcaption class=\"widget-image-caption wp-caption-text\">P\u00fablico durante a primeira edi\u00e7\u00e3o do Congresso de Sa\u00fade Coletiva em Perspectiva.<\/figcaption>\n\t\t\t\t\t\t\t\t\t\t<\/figure>\n\t\t\t\t\t\t\t<\/div>\n\t\t\t\t<\/div>\n\t\t\t\t\t<\/div>\n\t\t<\/div>\n\t\t\t\t\t<\/div>\n\t\t<\/section>\n\t\t\t\t<section class=\"elementor-section elementor-top-section elementor-element elementor-element-d9a8423 elementor-section-boxed elementor-section-height-default elementor-section-height-default\" data-id=\"d9a8423\" data-element_type=\"section\">\n\t\t\t\t\t\t<div class=\"elementor-container elementor-column-gap-default\">\n\t\t\t\t\t<div class=\"elementor-column elementor-col-66 elementor-top-column elementor-element elementor-element-68c8c05\" data-id=\"68c8c05\" data-element_type=\"column\">\n\t\t\t<div class=\"elementor-widget-wrap elementor-element-populated\">\n\t\t\t\t\t\t<div class=\"elementor-element elementor-element-d95d314 elementor-widget elementor-widget-text-editor\" data-id=\"d95d314\" data-element_type=\"widget\" data-widget_type=\"text-editor.default\">\n\t\t\t\t<div class=\"elementor-widget-container\">\n\t\t\t\t\t\t\t<p><span style=\"font-weight: 400\">A discente Simone Netto M\u00f4nego representou a Universidade Federal de Santa Maria &#8211; UFSM, apresentando um trabalho sobre o reconhecimento territorial em cen\u00e1rios de crise. A pesquisa foi compartilhada durante a primeira edi\u00e7\u00e3o do Congresso de Sa\u00fade Coletiva em Perspectiva, evento que ocorreu paralelamente ao V Encontro e II F\u00f3rum de Egressos do Programa de P\u00f3s-Gradua\u00e7\u00e3o em Sa\u00fade Coletiva &#8211; PPGSC da Universidade Regional de Blumenau &#8211; FURB, nos dias 27 e 28 de agosto de 2026.<\/span><\/p><p><span style=\"font-weight: 400\">Integrando suas viv\u00eancias pr\u00e1ticas com a linha de pesquisa acad\u00eamica em Planejamento, Pol\u00edtica e Gest\u00e3o, Simone apresentou o resumo intitulado &#8220;Territ\u00f3rio e Rede: contribui\u00e7\u00f5es da sa\u00fade coletiva para qualificar respostas aos desastres&#8221;. O trabalho foi desenvolvido em coautoria com as pesquisadoras D\u00e9bora da Silva Noal, Gabriela do Nascimento Toniolo Bertolo, Teresinha Heck Weller, Marinel Mor Dall&#8217;agnol e Liane Beatriz Righi.<\/span><\/p>\t\t\t\t\t\t<\/div>\n\t\t\t\t<\/div>\n\t\t\t\t\t<\/div>\n\t\t<\/div>\n\t\t\t\t<div class=\"elementor-column elementor-col-33 elementor-top-column elementor-element elementor-element-b8c489b\" data-id=\"b8c489b\" data-element_type=\"column\">\n\t\t\t<div class=\"elementor-widget-wrap elementor-element-populated\">\n\t\t\t\t\t\t<div class=\"elementor-element elementor-element-0c35d82 elementor-widget elementor-widget-image\" data-id=\"0c35d82\" data-element_type=\"widget\" data-widget_type=\"image.default\">\n\t\t\t\t<div class=\"elementor-widget-container\">\n\t\t\t\t\t\t\t\t\t\t<figure class=\"wp-caption\">\n\t\t\t\t\t\t\t\t\t\t\t<a href=\"https:\/\/www.ufsm.br\/app\/uploads\/sites\/954\/2026\/09\/01.jpg\">\n\t\t\t\t\t\t\t<img decoding=\"async\" width=\"768\" height=\"858\" src=\"https:\/\/www.ufsm.br\/app\/uploads\/sites\/954\/2026\/09\/01-.jpg\" class=\"attachment-medium_large size-medium_large wp-image-580\" alt=\"\" srcset=\"https:\/\/www.ufsm.br\/app\/uploads\/sites\/954\/2026\/09\/01-.jpg 768w, https:\/\/www.ufsm.br\/app\/uploads\/sites\/954\/2026\/09\/01--269x300.jpg 269w\" sizes=\"(max-width: 768px) 100vw, 768px\" \/>\t\t\t\t\t\t\t\t<\/a>\n\t\t\t\t\t\t\t\t\t\t\t<figcaption class=\"widget-image-caption wp-caption-text\">Mestranda Simone Netto M\u00f4nego durante apresenta\u00e7\u00e3o de trabalho no Congresso de Sa\u00fade Coletiva em Perspectiva.<\/figcaption>\n\t\t\t\t\t\t\t\t\t\t<\/figure>\n\t\t\t\t\t\t\t<\/div>\n\t\t\t\t<\/div>\n\t\t\t\t\t<\/div>\n\t\t<\/div>\n\t\t\t\t\t<\/div>\n\t\t<\/section>\n\t\t\t\t<section class=\"elementor-section elementor-top-section elementor-element elementor-element-c19337e elementor-section-boxed elementor-section-height-default elementor-section-height-default\" data-id=\"c19337e\" data-element_type=\"section\">\n\t\t\t\t\t\t<div class=\"elementor-container elementor-column-gap-default\">\n\t\t\t\t\t<div class=\"elementor-column elementor-col-33 elementor-top-column elementor-element elementor-element-56fe756\" data-id=\"56fe756\" data-element_type=\"column\">\n\t\t\t<div class=\"elementor-widget-wrap elementor-element-populated\">\n\t\t\t\t\t\t<div class=\"elementor-element elementor-element-73314b7 elementor-widget elementor-widget-image\" data-id=\"73314b7\" data-element_type=\"widget\" data-widget_type=\"image.default\">\n\t\t\t\t<div class=\"elementor-widget-container\">\n\t\t\t\t\t\t\t\t\t\t<figure class=\"wp-caption\">\n\t\t\t\t\t\t\t\t\t\t\t<a href=\"https:\/\/www.ufsm.br\/app\/uploads\/sites\/954\/2026\/09\/03.jpg\">\n\t\t\t\t\t\t\t<img decoding=\"async\" width=\"923\" height=\"1024\" src=\"https:\/\/www.ufsm.br\/app\/uploads\/sites\/954\/2026\/09\/03--923x1024.jpg\" class=\"attachment-large size-large wp-image-582\" alt=\"\" srcset=\"https:\/\/www.ufsm.br\/app\/uploads\/sites\/954\/2026\/09\/03--923x1024.jpg 923w, https:\/\/www.ufsm.br\/app\/uploads\/sites\/954\/2026\/09\/03--270x300.jpg 270w, https:\/\/www.ufsm.br\/app\/uploads\/sites\/954\/2026\/09\/03--768x852.jpg 768w, https:\/\/www.ufsm.br\/app\/uploads\/sites\/954\/2026\/09\/03--1385x1536.jpg 1385w, https:\/\/www.ufsm.br\/app\/uploads\/sites\/954\/2026\/09\/03--1846x2048.jpg 1846w, https:\/\/www.ufsm.br\/app\/uploads\/sites\/954\/2026\/09\/03-.jpg 1920w\" sizes=\"(max-width: 923px) 100vw, 923px\" \/>\t\t\t\t\t\t\t\t<\/a>\n\t\t\t\t\t\t\t\t\t\t\t<figcaption class=\"widget-image-caption wp-caption-text\">Mestranda Simone Netto M\u00f4nego durante participa\u00e7\u00e3o no evento.<\/figcaption>\n\t\t\t\t\t\t\t\t\t\t<\/figure>\n\t\t\t\t\t\t\t<\/div>\n\t\t\t\t<\/div>\n\t\t\t\t\t<\/div>\n\t\t<\/div>\n\t\t\t\t<div class=\"elementor-column elementor-col-66 elementor-top-column elementor-element elementor-element-0086859\" data-id=\"0086859\" data-element_type=\"column\">\n\t\t\t<div class=\"elementor-widget-wrap elementor-element-populated\">\n\t\t\t\t\t\t<div class=\"elementor-element elementor-element-cfe739c elementor-widget elementor-widget-text-editor\" data-id=\"cfe739c\" data-element_type=\"widget\" data-widget_type=\"text-editor.default\">\n\t\t\t\t<div class=\"elementor-widget-container\">\n\t\t\t\t\t\t\t<p><span style=\"font-weight: 400\">O resumo apresentado em Blumenau destaca o desenvolvimento e o uso pr\u00e1tico de Notas T\u00e9cnicas para guiar as equipes de interven\u00e7\u00e3o no territ\u00f3rio. Esses documentos estrat\u00e9gicos foram estruturados a partir do cruzamento anal\u00edtico de dados oficiais extra\u00eddos do Cadastro Nacional de Estabelecimentos de Sa\u00fade &#8211; CNES e do Instituto Brasileiro de Geografia e Estat\u00edstica &#8211; IBGE. O fornecimento de informa\u00e7\u00f5es detalhadas sobre a infraestrutura da rede de sa\u00fade e as caracter\u00edsticas hist\u00f3ricas do local permite que equipes de apoio externo atuem de forma imediata e assertiva. Essa sistematiza\u00e7\u00e3o pr\u00e9via dispensa a necessidade de reconhecimento emp\u00edrico, contornando o desconhecimento geogr\u00e1fico dos volunt\u00e1rios e reduzindo drasticamente o tempo necess\u00e1rio para o planejamento t\u00e1tico em meio \u00e0 crise.<\/span><\/p>\t\t\t\t\t\t<\/div>\n\t\t\t\t<\/div>\n\t\t\t\t\t<\/div>\n\t\t<\/div>\n\t\t\t\t\t<\/div>\n\t\t<\/section>\n\t\t\t\t<section class=\"elementor-section elementor-top-section elementor-element elementor-element-e1ca5d7 elementor-section-boxed elementor-section-height-default elementor-section-height-default\" data-id=\"e1ca5d7\" data-element_type=\"section\">\n\t\t\t\t\t\t<div class=\"elementor-container elementor-column-gap-default\">\n\t\t\t\t\t<div class=\"elementor-column elementor-col-66 elementor-top-column elementor-element elementor-element-09cc565\" data-id=\"09cc565\" data-element_type=\"column\">\n\t\t\t<div class=\"elementor-widget-wrap elementor-element-populated\">\n\t\t\t\t\t\t<div class=\"elementor-element elementor-element-38a26e7 elementor-widget elementor-widget-text-editor\" data-id=\"38a26e7\" data-element_type=\"widget\" data-widget_type=\"text-editor.default\">\n\t\t\t\t<div class=\"elementor-widget-container\">\n\t\t\t\t\t\t\t<p><span style=\"font-weight: 400\">O trabalho evidencia que eventos extremos geram processos complexos e abruptos de desterritorializa\u00e7\u00e3o, um cen\u00e1rio onde as popula\u00e7\u00f5es perdem n\u00e3o apenas as suas moradias, mas seus referenciais fundamentais de cuidado. Diante das emerg\u00eancias no campo da sa\u00fade, as interven\u00e7\u00f5es territoriais necessitam de diagn\u00f3sticos situacionais precisos. O mapeamento concreto de modalidades de financiamento, v\u00ednculos contratuais e equipamentos sociais operacionais garante que o suporte externo seja integrado organicamente, ampliando de forma significativa a capacidade de resist\u00eancia dos munic\u00edpios afetados por desastres.<\/span><\/p><p>\u00a0<span style=\"font-weight: 400\">A participa\u00e7\u00e3o no congresso catarinense ilustra o esfor\u00e7o em conectar conceitos da sa\u00fade coletiva, especialmente regionaliza\u00e7\u00e3o do cuidado com ferramentas reais de gest\u00e3o, garantindo que o Sistema \u00danico de Sa\u00fade consiga reconstruir v\u00ednculos e alocar recursos baseados em evid\u00eancias s\u00f3lidas mesmo nas circunst\u00e2ncias mais desafiadoras.<\/span><\/p>\t\t\t\t\t\t<\/div>\n\t\t\t\t<\/div>\n\t\t\t\t\t<\/div>\n\t\t<\/div>\n\t\t\t\t<div class=\"elementor-column elementor-col-33 elementor-top-column elementor-element elementor-element-85e2dc7\" data-id=\"85e2dc7\" data-element_type=\"column\">\n\t\t\t<div class=\"elementor-widget-wrap elementor-element-populated\">\n\t\t\t\t\t\t<div class=\"elementor-element elementor-element-c77e000 elementor-widget elementor-widget-image\" data-id=\"c77e000\" data-element_type=\"widget\" data-widget_type=\"image.default\">\n\t\t\t\t<div class=\"elementor-widget-container\">\n\t\t\t\t\t\t\t\t\t\t<figure class=\"wp-caption\">\n\t\t\t\t\t\t\t\t\t\t<img loading=\"lazy\" decoding=\"async\" width=\"766\" height=\"1024\" src=\"https:\/\/www.ufsm.br\/app\/uploads\/sites\/954\/2026\/09\/04-766x1024.jpg\" class=\"attachment-large size-large wp-image-578\" alt=\"\" srcset=\"https:\/\/www.ufsm.br\/app\/uploads\/sites\/954\/2026\/09\/04-766x1024.jpg 766w, https:\/\/www.ufsm.br\/app\/uploads\/sites\/954\/2026\/09\/04-224x300.jpg 224w, https:\/\/www.ufsm.br\/app\/uploads\/sites\/954\/2026\/09\/04-768x1027.jpg 768w, https:\/\/www.ufsm.br\/app\/uploads\/sites\/954\/2026\/09\/04-1149x1536.jpg 1149w, https:\/\/www.ufsm.br\/app\/uploads\/sites\/954\/2026\/09\/04-1532x2048.jpg 1532w, https:\/\/www.ufsm.br\/app\/uploads\/sites\/954\/2026\/09\/04-scaled.jpg 1915w\" sizes=\"(max-width: 766px) 100vw, 766px\" \/>\t\t\t\t\t\t\t\t\t\t\t<figcaption class=\"widget-image-caption wp-caption-text\">Simone Netto M\u00f4nego em frente ao banner do PPGSC<\/figcaption>\n\t\t\t\t\t\t\t\t\t\t<\/figure>\n\t\t\t\t\t\t\t<\/div>\n\t\t\t\t<\/div>\n\t\t\t\t\t<\/div>\n\t\t<\/div>\n\t\t\t\t\t<\/div>\n\t\t<\/section>\n\t\t\t\t<section class=\"elementor-section elementor-top-section elementor-element elementor-element-341898e elementor-section-boxed elementor-section-height-default elementor-section-height-default\" data-id=\"341898e\" data-element_type=\"section\">\n\t\t\t\t\t\t<div class=\"elementor-container elementor-column-gap-default\">\n\t\t\t\t\t<div class=\"elementor-column elementor-col-100 elementor-top-column elementor-element elementor-element-5bd23f8\" data-id=\"5bd23f8\" data-element_type=\"column\">\n\t\t\t<div class=\"elementor-widget-wrap elementor-element-populated\">\n\t\t\t\t\t\t<div class=\"elementor-element elementor-element-35a4deb elementor-widget elementor-widget-image\" data-id=\"35a4deb\" data-element_type=\"widget\" data-widget_type=\"image.default\">\n\t\t\t\t<div class=\"elementor-widget-container\">\n\t\t\t\t\t\t\t\t\t\t<figure class=\"wp-caption\">\n\t\t\t\t\t\t\t\t\t\t<img loading=\"lazy\" decoding=\"async\" width=\"1437\" height=\"2560\" src=\"https:\/\/www.ufsm.br\/app\/uploads\/sites\/954\/2026\/09\/05-scaled.jpg\" class=\"attachment-full size-full wp-image-579\" alt=\"\" srcset=\"https:\/\/www.ufsm.br\/app\/uploads\/sites\/954\/2026\/09\/05-scaled.jpg 1437w, https:\/\/www.ufsm.br\/app\/uploads\/sites\/954\/2026\/09\/05-168x300.jpg 168w, https:\/\/www.ufsm.br\/app\/uploads\/sites\/954\/2026\/09\/05-575x1024.jpg 575w, https:\/\/www.ufsm.br\/app\/uploads\/sites\/954\/2026\/09\/05-768x1368.jpg 768w, https:\/\/www.ufsm.br\/app\/uploads\/sites\/954\/2026\/09\/05-862x1536.jpg 862w, https:\/\/www.ufsm.br\/app\/uploads\/sites\/954\/2026\/09\/05-1150x2048.jpg 1150w\" sizes=\"(max-width: 1437px) 100vw, 1437px\" \/>\t\t\t\t\t\t\t\t\t\t\t<figcaption class=\"widget-image-caption wp-caption-text\">Espa\u00e7o da universidade onde foi realizado o evento, em Blumenau (SC).<\/figcaption>\n\t\t\t\t\t\t\t\t\t\t<\/figure>\n\t\t\t\t\t\t\t<\/div>\n\t\t\t\t<\/div>\n\t\t\t\t\t<\/div>\n\t\t<\/div>\n\t\t\t\t\t<\/div>\n\t\t<\/section>\n\t\t\t\t<\/div>\n\t\t","protected":false},"excerpt":{"rendered":"<p>Mestranda do PPGSC\/UFSM apresenta trabalho sobre respostas a desastres durante o Congresso de Sa\u00fade Coletiva em Perspectiva, realizado em Blumenau (SC).<\/p>\n","protected":false},"author":990,"featured_media":574,"comment_status":"closed","ping_status":"closed","sticky":false,"template":"","format":"standard","meta":{"footnotes":""},"categories":[9,2],"tags":[102,19,22],"class_list":["post-573","post","type-post","status-publish","format-standard","has-post-thumbnail","hentry","category-destaques","category-noticias","tag-furb","tag-ppgsc","tag-saude-coletiva"],"acf":[],"_links":{"self":[{"href":"https:\/\/www.ufsm.br\/cursos\/pos-graduacao\/santa-maria\/ppgsc\/wp-json\/wp\/v2\/posts\/573","targetHints":{"allow":["GET"]}}],"collection":[{"href":"https:\/\/www.ufsm.br\/cursos\/pos-graduacao\/santa-maria\/ppgsc\/wp-json\/wp\/v2\/posts"}],"about":[{"href":"https:\/\/www.ufsm.br\/cursos\/pos-graduacao\/santa-maria\/ppgsc\/wp-json\/wp\/v2\/types\/post"}],"author":[{"embeddable":true,"href":"https:\/\/www.ufsm.br\/cursos\/pos-graduacao\/santa-maria\/ppgsc\/wp-json\/wp\/v2\/users\/990"}],"replies":[{"embeddable":true,"href":"https:\/\/www.ufsm.br\/cursos\/pos-graduacao\/santa-maria\/ppgsc\/wp-json\/wp\/v2\/comments?post=573"}],"version-history":[{"count":0,"href":"https:\/\/www.ufsm.br\/cursos\/pos-graduacao\/santa-maria\/ppgsc\/wp-json\/wp\/v2\/posts\/573\/revisions"}],"wp:featuredmedia":[{"embeddable":true,"href":"https:\/\/www.ufsm.br\/cursos\/pos-graduacao\/santa-maria\/ppgsc\/wp-json\/wp\/v2\/media\/574"}],"wp:attachment":[{"href":"https:\/\/www.ufsm.br\/cursos\/pos-graduacao\/santa-maria\/ppgsc\/wp-json\/wp\/v2\/media?parent=573"}],"wp:term":[{"taxonomy":"category","embeddable":true,"href":"https:\/\/www.ufsm.br\/cursos\/pos-graduacao\/santa-maria\/ppgsc\/wp-json\/wp\/v2\/categories?post=573"},{"taxonomy":"post_tag","embeddable":true,"href":"https:\/\/www.ufsm.br\/cursos\/pos-graduacao\/santa-maria\/ppgsc\/wp-json\/wp\/v2\/tags?post=573"}],"curies":[{"name":"wp","href":"https:\/\/api.w.org\/{rel}","templated":true}]}}