{"id":533,"date":"2026-08-31T10:17:09","date_gmt":"2026-08-31T13:17:09","guid":{"rendered":"https:\/\/www.ufsm.br\/cursos\/pos-graduacao\/santa-maria\/ppgsspp\/?p=533"},"modified":"2026-08-31T10:27:39","modified_gmt":"2026-08-31T13:27:39","slug":"ppgsspp-participa-do-x-seminario-internacional-de-politicas-sociais-do-mercosul","status":"publish","type":"post","link":"https:\/\/www.ufsm.br\/cursos\/pos-graduacao\/santa-maria\/ppgsspp\/2026\/08\/31\/ppgsspp-participa-do-x-seminario-internacional-de-politicas-sociais-do-mercosul","title":{"rendered":"PPGSSPP participa do X Semin\u00e1rio Internacional de Pol\u00edticas Sociais do Mercosul"},"content":{"rendered":"\t\t<div data-elementor-type=\"wp-post\" data-elementor-id=\"533\" class=\"elementor elementor-533\">\n\t\t\t\t\t\t<section class=\"elementor-section elementor-top-section elementor-element elementor-element-18b751d9 elementor-section-boxed elementor-section-height-default elementor-section-height-default\" data-id=\"18b751d9\" data-element_type=\"section\">\n\t\t\t\t\t\t<div class=\"elementor-container elementor-column-gap-default\">\n\t\t\t\t\t<div class=\"elementor-column elementor-col-100 elementor-top-column elementor-element elementor-element-6ee8cd89\" data-id=\"6ee8cd89\" data-element_type=\"column\">\n\t\t\t<div class=\"elementor-widget-wrap elementor-element-populated\">\n\t\t\t\t\t\t<div class=\"elementor-element elementor-element-70a17871 elementor-widget elementor-widget-text-editor\" data-id=\"70a17871\" data-element_type=\"widget\" data-widget_type=\"text-editor.default\">\n\t\t\t\t<div class=\"elementor-widget-container\">\n\t\t\t\t\t\t\t<!-- wp:tadv\/classic-paragraph -->\n<p style=\"text-align: justify\"><img fetchpriority=\"high\" decoding=\"async\" class=\"alignleft  wp-image-534\" src=\"https:\/\/www.ufsm.br\/app\/uploads\/sites\/924\/2026\/08\/WhatsApp-Image-2026-08-31-at-09.58.20.jpeg\" alt=\"\" width=\"453\" height=\"377\" srcset=\"https:\/\/www.ufsm.br\/app\/uploads\/sites\/924\/2026\/08\/WhatsApp-Image-2026-08-31-at-09.58.20.jpeg 1170w, https:\/\/www.ufsm.br\/app\/uploads\/sites\/924\/2026\/08\/WhatsApp-Image-2026-08-31-at-09.58.20-300x249.jpeg 300w, https:\/\/www.ufsm.br\/app\/uploads\/sites\/924\/2026\/08\/WhatsApp-Image-2026-08-31-at-09.58.20-1024x851.jpeg 1024w, https:\/\/www.ufsm.br\/app\/uploads\/sites\/924\/2026\/08\/WhatsApp-Image-2026-08-31-at-09.58.20-768x638.jpeg 768w\" sizes=\"(max-width: 453px) 100vw, 453px\" \/><br \/>O Programa de P\u00f3s-Gradua\u00e7\u00e3o em Servi\u00e7o Social e Pol\u00edticas P\u00fablicas (PPGSSPP) da Universidade Federal de Santa Maria (UFSM) participou, nos dias 26, 27 e 28 de agosto, do X Semin\u00e1rio Internacional de Pol\u00edticas Sociais do Mercosul (X SEPOME), importante espa\u00e7o de debate, articula\u00e7\u00e3o e socializa\u00e7\u00e3o de conhecimentos no campo das pol\u00edticas sociais e do Servi\u00e7o Social.<\/p>\n<p style=\"text-align: justify\">Representando o PPGSSPP, o coordenador do Programa, Prof. Dr. Fabio Jardel Gaviraghi, participou da mesa que reuniu os\/as coordenadores\/as dos Programas de P\u00f3s-Gradua\u00e7\u00e3o em Servi\u00e7o Social do estado do Rio Grande do Sul. A atividade constituiu-se em um importante momento de di\u00e1logo sobre os desafios, as perspectivas e a contribui\u00e7\u00e3o da p\u00f3s-gradua\u00e7\u00e3o para a forma\u00e7\u00e3o profissional, a produ\u00e7\u00e3o de conhecimento e o fortalecimento do Servi\u00e7o Social no estado.<\/p>\n<p>\u00a0<\/p>\n<p style=\"text-align: justify\">Em sua participa\u00e7\u00e3o, o Prof. Fabio destacou a trajet\u00f3ria de constitui\u00e7\u00e3o e consolida\u00e7\u00e3o do PPGSSPP, sua inser\u00e7\u00e3o na regi\u00e3o central do Rio Grande do Sul e o compromisso do Programa com a forma\u00e7\u00e3o qualificada de pesquisadores\/as e profissionais, articulando ensino, pesquisa e impacto social. Tamb\u00e9m foram apresentados aspectos relacionados \u00e0 produ\u00e7\u00e3o cient\u00edfica desenvolvida no \u00e2mbito do Programa e \u00e0s possibilidades de contribui\u00e7\u00e3o das pesquisas para a compreens\u00e3o e o enfrentamento de diferentes express\u00f5es da quest\u00e3o social e para o fortalecimento das pol\u00edticas p\u00fablicas.<\/p>\n<p style=\"text-align: justify\">A participa\u00e7\u00e3o do PPGSSPP em uma mesa composta pelos\/as coordenadores\/as dos Programas de P\u00f3s-Gradua\u00e7\u00e3o em Servi\u00e7o Social do Rio Grande do Sul possui especial relev\u00e2ncia por possibilitar a constru\u00e7\u00e3o de uma vis\u00e3o coletiva sobre a p\u00f3s-gradua\u00e7\u00e3o na \u00e1rea. Para um Programa jovem como o PPGSSPP, criado em 2025, esse espa\u00e7o representa uma importante oportunidade de interlocu\u00e7\u00e3o, compartilhamento de experi\u00eancias e fortalecimento de redes de coopera\u00e7\u00e3o acad\u00eamica.<\/p>\n<p style=\"text-align: justify\">A presen\u00e7a do Programa no SEPOME tamb\u00e9m foi marcada pela participa\u00e7\u00e3o de discentes do PPGSSPP, que apresentaram trabalhos e compartilharam resultados de suas pesquisas com a comunidade acad\u00eamica. A participa\u00e7\u00e3o dos\/as mestrandos\/as demonstra a vitalidade da produ\u00e7\u00e3o de conhecimento desenvolvida no Programa e reafirma a import\u00e2ncia de inserir os\/as estudantes nos espa\u00e7os de debate cient\u00edfico e de socializa\u00e7\u00e3o da pesquisa.<\/p>\n<p>\u00a0<\/p>\n<p style=\"text-align: justify\"><img decoding=\"async\" class=\"alignleft  wp-image-535\" src=\"https:\/\/www.ufsm.br\/app\/uploads\/sites\/924\/2026\/08\/Foto-sepome.jpeg\" alt=\"\" width=\"265\" height=\"354\" srcset=\"https:\/\/www.ufsm.br\/app\/uploads\/sites\/924\/2026\/08\/Foto-sepome.jpeg 960w, https:\/\/www.ufsm.br\/app\/uploads\/sites\/924\/2026\/08\/Foto-sepome-225x300.jpeg 225w, https:\/\/www.ufsm.br\/app\/uploads\/sites\/924\/2026\/08\/Foto-sepome-768x1024.jpeg 768w\" sizes=\"(max-width: 265px) 100vw, 265px\" \/><\/p>\n<p>\u00a0<\/p>\n<p style=\"text-align: justify\">A participa\u00e7\u00e3o no X SEPOME refor\u00e7a a inser\u00e7\u00e3o do PPGSSPP no cen\u00e1rio da p\u00f3s-gradua\u00e7\u00e3o em Servi\u00e7o Social no Rio Grande do Sul e contribui para o fortalecimento do di\u00e1logo e da articula\u00e7\u00e3o com outros Programas da \u00e1rea. Ao integrar espa\u00e7os de debate e interc\u00e2mbio acad\u00eamico, o Programa amplia suas possibilidades de coopera\u00e7\u00e3o e reafirma seu compromisso com a forma\u00e7\u00e3o qualificada, a produ\u00e7\u00e3o e a socializa\u00e7\u00e3o do conhecimento e a reflex\u00e3o cr\u00edtica sobre as pol\u00edticas p\u00fablicas e as diferentes express\u00f5es da quest\u00e3o social.<\/p>\n<p>\u00a0<\/p>\n<p>\u00a0<\/p>\n<p>\u00a0<\/p>\n<p>\u00a0<\/p>\n<p style=\"text-align: justify\">\u00a0<\/p>\n<p>\u00a0<\/p>\n<!-- \/wp:tadv\/classic-paragraph --><!-- wp:paragraph -->\n<p>\u00a0<\/p>\n<!-- \/wp:paragraph -->\t\t\t\t\t\t<\/div>\n\t\t\t\t<\/div>\n\t\t\t\t\t<\/div>\n\t\t<\/div>\n\t\t\t\t\t<\/div>\n\t\t<\/section>\n\t\t\t\t<\/div>\n\t\t","protected":false},"excerpt":{"rendered":"<p>O Programa de P\u00f3s-Gradua\u00e7\u00e3o em Servi\u00e7o Social e Pol\u00edticas P\u00fablicas (PPGSSPP) da Universidade Federal de Santa Maria (UFSM) participou, nos dias 26, 27 e 28 de agosto, do X Semin\u00e1rio Internacional de Pol\u00edticas Sociais do Mercosul (X SEPOME), importante espa\u00e7o de debate, articula\u00e7\u00e3o e socializa\u00e7\u00e3o de conhecimentos no campo das pol\u00edticas sociais e do Servi\u00e7o [&hellip;]<\/p>\n","protected":false},"author":905,"featured_media":0,"comment_status":"closed","ping_status":"closed","sticky":false,"template":"","format":"standard","meta":{"footnotes":""},"categories":[9,2,1],"tags":[],"class_list":["post-533","post","type-post","status-publish","format-standard","hentry","category-destaques","category-noticias","category-sem-categoria"],"acf":[],"_links":{"self":[{"href":"https:\/\/www.ufsm.br\/cursos\/pos-graduacao\/santa-maria\/ppgsspp\/wp-json\/wp\/v2\/posts\/533","targetHints":{"allow":["GET"]}}],"collection":[{"href":"https:\/\/www.ufsm.br\/cursos\/pos-graduacao\/santa-maria\/ppgsspp\/wp-json\/wp\/v2\/posts"}],"about":[{"href":"https:\/\/www.ufsm.br\/cursos\/pos-graduacao\/santa-maria\/ppgsspp\/wp-json\/wp\/v2\/types\/post"}],"author":[{"embeddable":true,"href":"https:\/\/www.ufsm.br\/cursos\/pos-graduacao\/santa-maria\/ppgsspp\/wp-json\/wp\/v2\/users\/905"}],"replies":[{"embeddable":true,"href":"https:\/\/www.ufsm.br\/cursos\/pos-graduacao\/santa-maria\/ppgsspp\/wp-json\/wp\/v2\/comments?post=533"}],"version-history":[{"count":0,"href":"https:\/\/www.ufsm.br\/cursos\/pos-graduacao\/santa-maria\/ppgsspp\/wp-json\/wp\/v2\/posts\/533\/revisions"}],"wp:attachment":[{"href":"https:\/\/www.ufsm.br\/cursos\/pos-graduacao\/santa-maria\/ppgsspp\/wp-json\/wp\/v2\/media?parent=533"}],"wp:term":[{"taxonomy":"category","embeddable":true,"href":"https:\/\/www.ufsm.br\/cursos\/pos-graduacao\/santa-maria\/ppgsspp\/wp-json\/wp\/v2\/categories?post=533"},{"taxonomy":"post_tag","embeddable":true,"href":"https:\/\/www.ufsm.br\/cursos\/pos-graduacao\/santa-maria\/ppgsspp\/wp-json\/wp\/v2\/tags?post=533"}],"curies":[{"name":"wp","href":"https:\/\/api.w.org\/{rel}","templated":true}]}}