{"id":537,"date":"2026-08-31T12:55:49","date_gmt":"2026-08-31T15:55:49","guid":{"rendered":"https:\/\/www.ufsm.br\/cursos\/pos-graduacao\/santa-maria\/ppgsspp\/?p=537"},"modified":"2026-08-31T12:58:55","modified_gmt":"2026-08-31T15:58:55","slug":"docente-e-pos-doutoranda-do-ppgsspp-participam-do-ii-seminario-de-pedagogia-da-regiao-sul","status":"publish","type":"post","link":"https:\/\/www.ufsm.br\/cursos\/pos-graduacao\/santa-maria\/ppgsspp\/2026\/08\/31\/docente-e-pos-doutoranda-do-ppgsspp-participam-do-ii-seminario-de-pedagogia-da-regiao-sul","title":{"rendered":"Docente e p\u00f3s-doutoranda do PPGSSPP participam do II Semin\u00e1rio de Pedagogia da Regi\u00e3o Sul"},"content":{"rendered":"\t\t<div data-elementor-type=\"wp-post\" data-elementor-id=\"537\" class=\"elementor elementor-537\">\n\t\t\t\t\t\t<section class=\"elementor-section elementor-top-section elementor-element elementor-element-41c12d29 elementor-section-boxed elementor-section-height-default elementor-section-height-default\" data-id=\"41c12d29\" data-element_type=\"section\">\n\t\t\t\t\t\t<div class=\"elementor-container elementor-column-gap-default\">\n\t\t\t\t\t<div class=\"elementor-column elementor-col-100 elementor-top-column elementor-element elementor-element-7cd07497\" data-id=\"7cd07497\" data-element_type=\"column\">\n\t\t\t<div class=\"elementor-widget-wrap elementor-element-populated\">\n\t\t\t\t\t\t<div class=\"elementor-element elementor-element-2aaed607 elementor-widget elementor-widget-text-editor\" data-id=\"2aaed607\" data-element_type=\"widget\" data-widget_type=\"text-editor.default\">\n\t\t\t\t<div class=\"elementor-widget-container\">\n\t\t\t\t\t\t\t<!-- wp:tadv\/classic-paragraph -->\n<p align=\"justify\"><span style=\"font-family: Arial, sans-serif\"><img fetchpriority=\"high\" decoding=\"async\" class=\"alignleft  wp-image-538\" src=\"https:\/\/www.ufsm.br\/app\/uploads\/sites\/924\/2026\/08\/Ana-e-Liliana.jpeg\" alt=\"\" width=\"411\" height=\"274\" srcset=\"https:\/\/www.ufsm.br\/app\/uploads\/sites\/924\/2026\/08\/Ana-e-Liliana.jpeg 1600w, https:\/\/www.ufsm.br\/app\/uploads\/sites\/924\/2026\/08\/Ana-e-Liliana-300x200.jpeg 300w, https:\/\/www.ufsm.br\/app\/uploads\/sites\/924\/2026\/08\/Ana-e-Liliana-1024x682.jpeg 1024w, https:\/\/www.ufsm.br\/app\/uploads\/sites\/924\/2026\/08\/Ana-e-Liliana-768x512.jpeg 768w, https:\/\/www.ufsm.br\/app\/uploads\/sites\/924\/2026\/08\/Ana-e-Liliana-1536x1023.jpeg 1536w, https:\/\/www.ufsm.br\/app\/uploads\/sites\/924\/2026\/08\/Ana-e-Liliana-272x182.jpeg 272w\" sizes=\"(max-width: 411px) 100vw, 411px\" \/><\/span><\/p>\n<p align=\"justify\">\u00a0<\/p>\n<p align=\"justify\"><span style=\"font-family: Arial, sans-serif\">A <strong>Profa. Liliana Soares Ferreira, docente permanente do Programa de P\u00f3s-Gradua\u00e7\u00e3o em Servi\u00e7o Social e Pol\u00edticas P\u00fablicas (PPGSSPP\/UFSM), e Ana Sara Castaman, que realiza est\u00e1gio p\u00f3s-doutoral no Programa sob sua supervis\u00e3o, participaram do II Semin\u00e1rio de Pedagogia da Regi\u00e3o Sul (II SENPED Sul)<\/strong>, realizado na Universidade Federal de Santa Maria (UFSM), entre os dias 24 e 26 de agosto de 2026.<\/span><\/p>\n<p align=\"justify\"><span style=\"font-family: Arial, sans-serif\">O evento teve como tema central <strong>\u201cPedagogia, pol\u00edtica e democracia: desafios para o trabalho pedag\u00f3gico\u201d<\/strong> e foi realizado pelo Centro de Educa\u00e7\u00e3o da UFSM, pela Rede Nacional de Pesquisas em Pedagogia (RePPed) e pelo Kair\u00f3s \u2013 Grupo de Estudos e Pesquisas sobre Trabalho, Educa\u00e7\u00e3o e Pol\u00edticas P\u00fablicas. Reuniu profissionais, pesquisadores e estudantes dos estados do Rio Grande do Sul, Santa Catarina e Paran\u00e1, constituindo-se como espa\u00e7o de di\u00e1logo, socializa\u00e7\u00e3o de pesquisas e reflex\u00e3o sobre a Pedagogia e o trabalho pedag\u00f3gico na contemporaneidade. <\/span><\/p>\n<p align=\"justify\"><span style=\"font-family: Arial, sans-serif\">Entre as atividades realizadas, destacou-se a palestra <strong>\u201cTrabalho pedag\u00f3gico e Pedagogia\u201d<\/strong>, que contou com a participa\u00e7\u00e3o da Profa. Liliana Soares Ferreira como palestrante e teve a media\u00e7\u00e3o de Ana Sara Castaman, do Instituto Federal de Educa\u00e7\u00e3o, Ci\u00eancia e Tecnologia do Rio Grande do Sul (IFRS). <\/span><\/p>\n<p align=\"justify\"><span style=\"font-family: Arial, sans-serif\">A atividade possibilitou aprofundar a discuss\u00e3o acerca das rela\u00e7\u00f5es entre Pedagogia e trabalho pedag\u00f3gico, tem\u00e1tica relevante para a compreens\u00e3o do trabalho profissional e dos fundamentos cient\u00edficos da \u00e1rea. A participa\u00e7\u00e3o de Ana Sara Castaman na media\u00e7\u00e3o tamb\u00e9m evidencia sua trajet\u00f3ria de pesquisa e forma\u00e7\u00e3o no campo da Educa\u00e7\u00e3o e sua interlocu\u00e7\u00e3o acad\u00eamica com a Profa. Liliana Soares Ferreira, sua supervisora no est\u00e1gio p\u00f3s-doutoral desenvolvido no PPGSSPP\/UFSM.<\/span><\/p>\n<!-- \/wp:tadv\/classic-paragraph -->\t\t\t\t\t\t<\/div>\n\t\t\t\t<\/div>\n\t\t\t\t\t<\/div>\n\t\t<\/div>\n\t\t\t\t\t<\/div>\n\t\t<\/section>\n\t\t\t\t<\/div>\n\t\t","protected":false},"excerpt":{"rendered":"<p>\u00a0 A Profa. Liliana Soares Ferreira, docente permanente do Programa de P\u00f3s-Gradua\u00e7\u00e3o em Servi\u00e7o Social e Pol\u00edticas P\u00fablicas (PPGSSPP\/UFSM), e Ana Sara Castaman, que realiza est\u00e1gio p\u00f3s-doutoral no Programa sob sua supervis\u00e3o, participaram do II Semin\u00e1rio de Pedagogia da Regi\u00e3o Sul (II SENPED Sul), realizado na Universidade Federal de Santa Maria (UFSM), entre os dias [&hellip;]<\/p>\n","protected":false},"author":905,"featured_media":0,"comment_status":"closed","ping_status":"closed","sticky":false,"template":"","format":"standard","meta":{"footnotes":""},"categories":[9,28,2,1],"tags":[],"class_list":["post-537","post","type-post","status-publish","format-standard","hentry","category-destaques","category-eventos","category-noticias","category-sem-categoria"],"acf":[],"_links":{"self":[{"href":"https:\/\/www.ufsm.br\/cursos\/pos-graduacao\/santa-maria\/ppgsspp\/wp-json\/wp\/v2\/posts\/537","targetHints":{"allow":["GET"]}}],"collection":[{"href":"https:\/\/www.ufsm.br\/cursos\/pos-graduacao\/santa-maria\/ppgsspp\/wp-json\/wp\/v2\/posts"}],"about":[{"href":"https:\/\/www.ufsm.br\/cursos\/pos-graduacao\/santa-maria\/ppgsspp\/wp-json\/wp\/v2\/types\/post"}],"author":[{"embeddable":true,"href":"https:\/\/www.ufsm.br\/cursos\/pos-graduacao\/santa-maria\/ppgsspp\/wp-json\/wp\/v2\/users\/905"}],"replies":[{"embeddable":true,"href":"https:\/\/www.ufsm.br\/cursos\/pos-graduacao\/santa-maria\/ppgsspp\/wp-json\/wp\/v2\/comments?post=537"}],"version-history":[{"count":0,"href":"https:\/\/www.ufsm.br\/cursos\/pos-graduacao\/santa-maria\/ppgsspp\/wp-json\/wp\/v2\/posts\/537\/revisions"}],"wp:attachment":[{"href":"https:\/\/www.ufsm.br\/cursos\/pos-graduacao\/santa-maria\/ppgsspp\/wp-json\/wp\/v2\/media?parent=537"}],"wp:term":[{"taxonomy":"category","embeddable":true,"href":"https:\/\/www.ufsm.br\/cursos\/pos-graduacao\/santa-maria\/ppgsspp\/wp-json\/wp\/v2\/categories?post=537"},{"taxonomy":"post_tag","embeddable":true,"href":"https:\/\/www.ufsm.br\/cursos\/pos-graduacao\/santa-maria\/ppgsspp\/wp-json\/wp\/v2\/tags?post=537"}],"curies":[{"name":"wp","href":"https:\/\/api.w.org\/{rel}","templated":true}]}}